{"id":621866,"date":"2026-08-14T13:50:12","date_gmt":"2026-08-14T13:50:12","guid":{"rendered":"https:\/\/www.europesays.com\/pl\/621866\/"},"modified":"2026-08-14T13:50:12","modified_gmt":"2026-08-14T13:50:12","slug":"do-ktorej-otwarte-sa-dzis-sklepy-biedronka-lidl-auchan-14-sierpnia","status":"publish","type":"post","link":"https:\/\/www.europesays.com\/pl\/621866\/","title":{"rendered":"Do kt\u00f3rej otwarte s\u0105 dzi\u015b sklepy? Biedronka, Lidl, Auchan [14 SIERPNIA]"},"content":{"rendered":"<p>Sklepy 14 sierpnia 2026. Do kt\u00f3rej godziny b\u0119d\u0105 otwarte?<\/p>\n<p class=\"font-primary mb-8 text-lg leading-[1.55] [&amp;_a]:text-[#23437D] [&amp;_a]:underline [&amp;_a]:font-bold\">Najbli\u017cszy weekend b\u0119dzie wyj\u0105tkowy. Zar\u00f3wno w sobot\u0119, jak i niedziel\u0119 zdecydowana wi\u0119kszo\u015b\u0107 sklep\u00f3w b\u0119dzie zamkni\u0119ta. Pow\u00f3d? 15 sierpnia przypada \u015awi\u0119to Wojska Polskiego, a tak\u017ce uroczysto\u015b\u0107 Wniebowzi\u0119cia Naj\u015bwi\u0119tszej Maryi Panny, kt\u00f3ra jest dniem ustawowo wolnym od pracy. Z kolei 16 sierpnia jest niedziela niehandlowa.<\/p>\n<p class=\"font-primary mb-8 text-lg leading-[1.55] [&amp;_a]:text-[#23437D] [&amp;_a]:underline [&amp;_a]:font-bold\">Oznacza to, \u017ce dzisiaj (tj. 14 sierpnia) jest ostatni dzie\u0144 na zrobienie zakup\u00f3w przed weekendem. Potem czekaj\u0105 nas dwa dni bez handlu.\u00a0<\/p>\n<p>Redakcja poleca<\/p>\n<p class=\"font-primary mb-8 text-lg leading-[1.55] [&amp;_a]:text-[#23437D] [&amp;_a]:underline [&amp;_a]:font-bold\">Niekt\u00f3re sklepy, wychodz\u0105c naprzeciw oczekiwaniom klient\u00f3w, zdecydowa\u0142y si\u0119 na wprowadzenie zmian i 14 sierpnia 2026 wyd\u0142u\u017caj\u0105 godziny otwarcia. Na taki krok postawi\u0142y mi\u0119dzy innymi Biedronka oraz Lidl.\u00a0Jak czytamy na stronie internetowej portugalskiej sieci, ponad 3400 plac\u00f3wek w ca\u0142ej Polsce b\u0119dzie czynnych do 23.00.\u00a0Sklepy sieci Lidl natomiast b\u0119d\u0105 czynne do 23.00, a nawet d\u0142u\u017cej. R\u00f3wnie\u017c w Dino b\u0119dzie mo\u017cna zrobi\u0107 zakupy do p\u00f3\u017ana &#8211; konkretnie do 23.30. Informacje o godzinach otwarcia poszczeg\u00f3lnych plac\u00f3wek mo\u017cna sprawdzi\u0107 na stronie internetowej konkretnej sieci.\u00a0<\/p>\n<p class=\"font-primary mb-8 text-lg leading-[1.55] [&amp;_a]:text-[#23437D] [&amp;_a]:underline [&amp;_a]:font-bold\">Sklepy takie jak Carrefour, Auchan czy Kaufland 14 sierpnia 2026 b\u0119d\u0105 otwarte tak jak w inne dni robocze &#8211; cz\u0119\u015b\u0107 z nich nawet do 23.30. Tu r\u00f3wnie\u017c konkretne godziny otwarcia najlepiej sprawdzi\u0107 na stronie internetowej interesuj\u0105cej nas sieci. Informacja na ten temat mo\u017ce by\u0107 r\u00f3wnie\u017c wywieszona na drzwiach sklepu.<\/p>\n<p>Sklepy otwarte 15 i 16 sierpnia 2026<\/p>\n<p class=\"font-primary mb-8 text-lg leading-[1.55] [&amp;_a]:text-[#23437D] [&amp;_a]:underline [&amp;_a]:font-bold\">Tak jak wspominali\u015bmy, 15 sierpnia \u015bwi\u0119tuje si\u0119 uroczysto\u015b\u0107 Wniebowzi\u0119cia Naj\u015bwi\u0119tszej Maryi Panny. Tego dnia wypada r\u00f3wnie\u017c \u015awi\u0119to Wojska Polskiego. Jest to dzie\u0144 ustawowo wolny od pracy. Z kolei 16 sierpnia jest niedziela niehandlowa.\u00a0<\/p>\n<p class=\"font-primary mb-8 text-lg leading-[1.55] [&amp;_a]:text-[#23437D] [&amp;_a]:underline [&amp;_a]:font-bold\">Zar\u00f3wno 15, jak i 16 sierpnia zdecydowana wi\u0119kszo\u015b\u0107 sklep\u00f3w b\u0119dzie zamkni\u0119ta. Zakup\u00f3w nie zrobimy mi\u0119dzy innymi w Biedronce, Lidlu, Auchan, Dino czy Carrefourze. Czynne b\u0119d\u0105 natomiast stacje paliw, sklepy sieci \u017babka, apteki oraz punkty zlokalizowane na dworcach kolejowych i lotniskach. Handel b\u0119dzie tak\u017ce mo\u017cliwy w plac\u00f3wkach, w kt\u00f3rych sprzeda\u017c prowadzi osobi\u015bcie w\u0142a\u015bciciel sklepu lub jego rodzina.<\/p>\n<p>Redakcja poleca<\/p>\n","protected":false},"excerpt":{"rendered":"Sklepy 14 sierpnia 2026. Do kt\u00f3rej godziny b\u0119d\u0105 otwarte? Najbli\u017cszy weekend b\u0119dzie wyj\u0105tkowy. Zar\u00f3wno w sobot\u0119, jak i&hellip;\n","protected":false},"author":2,"featured_media":621867,"comment_status":"","ping_status":"","sticky":false,"template":"","format":"standard","meta":{"footnotes":"","_share_on_mastodon":"0"},"categories":[52249],"tags":[857,41997,6229,42,38,40,39,41,2676],"class_list":["post-621866","post","type-post","status-publish","format-standard","has-post-thumbnail","category-dino-polska","tag-dino","tag-dino-polska","tag-handel","tag-pl","tag-poland","tag-polish","tag-polska","tag-polski","tag-sklepy"],"share_on_mastodon":{"url":"https:\/\/pubeurope.com\/@pl\/117094191660395403","error":""},"_links":{"self":[{"href":"https:\/\/www.europesays.com\/pl\/wp-json\/wp\/v2\/posts\/621866","targetHints":{"allow":["GET"]}}],"collection":[{"href":"https:\/\/www.europesays.com\/pl\/wp-json\/wp\/v2\/posts"}],"about":[{"href":"https:\/\/www.europesays.com\/pl\/wp-json\/wp\/v2\/types\/post"}],"author":[{"embeddable":true,"href":"https:\/\/www.europesays.com\/pl\/wp-json\/wp\/v2\/users\/2"}],"replies":[{"embeddable":true,"href":"https:\/\/www.europesays.com\/pl\/wp-json\/wp\/v2\/comments?post=621866"}],"version-history":[{"count":0,"href":"https:\/\/www.europesays.com\/pl\/wp-json\/wp\/v2\/posts\/621866\/revisions"}],"wp:featuredmedia":[{"embeddable":true,"href":"https:\/\/www.europesays.com\/pl\/wp-json\/wp\/v2\/media\/621867"}],"wp:attachment":[{"href":"https:\/\/www.europesays.com\/pl\/wp-json\/wp\/v2\/media?parent=621866"}],"wp:term":[{"taxonomy":"category","embeddable":true,"href":"https:\/\/www.europesays.com\/pl\/wp-json\/wp\/v2\/categories?post=621866"},{"taxonomy":"post_tag","embeddable":true,"href":"https:\/\/www.europesays.com\/pl\/wp-json\/wp\/v2\/tags?post=621866"}],"curies":[{"name":"wp","href":"https:\/\/api.w.org\/{rel}","templated":true}]}}