{"id":621932,"date":"2026-08-14T14:32:12","date_gmt":"2026-08-14T14:32:12","guid":{"rendered":"https:\/\/www.europesays.com\/pl\/621932\/"},"modified":"2026-08-14T14:32:12","modified_gmt":"2026-08-14T14:32:12","slug":"oburzenie-na-wyspach-owczych-tak-nazwali-lecha-poznan","status":"publish","type":"post","link":"https:\/\/www.europesays.com\/pl\/621932\/","title":{"rendered":"Oburzenie na Wyspach Owczych. Tak nazwali Lecha Pozna\u0144"},"content":{"rendered":"<p>Lech mia\u0142 w czwartek zmierzy\u0107 si\u0119 z K\u00cd Klaksv\u00edk w rewan\u017cu trzeciej rundy eliminacji Ligi Europy. Pierwsze spotkanie w Poznaniu zako\u0144czy\u0142o si\u0119 zwyci\u0119stwem gospodarzy 1:0. Z powodu problem\u00f3w z dotarciem Kolejorza na Wyspy Owcze UEFA zdecydowa\u0142a jednak o prze\u0142o\u017ceniu meczu na pi\u0105tek.<\/p>\n<p>Dalszy ci\u0105g artyku\u0142u pod materia\u0142em wideo<\/p>\n<p>Podr\u00f3\u017c Lecha od pocz\u0105tku by\u0142a wyj\u0105tkowo problematyczna. Dru\u017cyna mia\u0142a wylecie\u0107 w \u015brod\u0119, ale g\u0119sta mg\u0142a nad lotniskiem V\u00e1gar uniemo\u017cliwi\u0142a l\u0105dowanie. W czwartek rano samolot ponownie ruszy\u0142 w kierunku Wysp Owczych, lecz r\u00f3wnie\u017c nie zdo\u0142a\u0142 dotrze\u0107 na miejsce. Maszyna zosta\u0142a przekierowana do norweskiego Bergen. Ostatecznie poznaniacy dotarli na Wyspy Owcze dopiero po godz. 16.00 czasu polskiego.<\/p>\n<p>Decyzja UEFA nie spodoba\u0142a si\u0119 Farerom. Szczeg\u00f3lnie mocno zareagowa\u0142 portal in.fo, kt\u00f3ry w tytule swojego artyku\u0142u napisa\u0142: &#8222;UEFA nagradza Lecha Pozna\u0144 za nieudolno\u015b\u0107&#8221;.<\/p>\n<p>Farerzy ostro atakuj\u0105 Lecha Pozna\u0144<\/p>\n<p>Farerskie medium zarzuca polskiemu klubowi, \u017ce zignorowa\u0142 wcze\u015bniejsze sugestie dotycz\u0105ce odpowiedniego przygotowania podr\u00f3\u017cy. Jako przyk\u0142ad wskazano FC Lugano. Szwajcarzy przed swoim spotkaniem na Wyspach Owczych przylecieli ju\u017c we wtorek i unikn\u0119li problem\u00f3w.<\/p>\n<p>In.fo zwr\u00f3ci\u0142o r\u00f3wnie\u017c uwag\u0119 na wyb\u00f3r przewo\u017anika. Wed\u0142ug portalu Lech skorzysta\u0142 z malta\u0144skiej firmy czarterowej, kt\u00f3ra nie ma odpowiedniego do\u015bwiadczenia ani wyposa\u017cenia do lot\u00f3w w trudnych warunkach panuj\u0105cych nad p\u00f3\u0142nocnym Atlantykiem.<\/p>\n<p>&#8222;Lech Pozna\u0144 zosta\u0142 nagrodzony za swoj\u0105 nieudolno\u015b\u0107 i z\u0142e przygotowania. Przywykli\u015bmy ju\u017c do tego, \u017ce farerskie dru\u017cyny s\u0105 krzywdzone decyzjami w europejskich pucharach. Teraz sta\u0142o si\u0119 to r\u00f3wnie\u017c poza boiskiem&#8221; \u2014 czytamy.<\/p>\n<p>Farerskie media podkre\u015blaj\u0105 przy tym, \u017ce UEFA mia\u0142a wys\u0142ucha\u0107 argument\u00f3w Lecha, jednocze\u015bnie nie uwzgl\u0119dniaj\u0105c stanowiska K\u00cd Klaksv\u00edk. To w\u0142a\u015bnie gospodarze ponosz\u0105 teraz konsekwencje zmiany terminu.<\/p>\n<p>Ich sytuacja jest bowiem wyj\u0105tkowo trudna. K\u00cd ma w najbli\u017csz\u0105 niedziel\u0119 o godz. 17:15 rozegra\u0107 ligowe spotkanie z AB Argir. Pi\u0105tkowy mecz z Lechem sprawia, \u017ce mi\u0119dzy oboma spotkaniami pozostanie bardzo ma\u0142o czasu. Farerski portal FM1 informuje, \u017ce niedzielny mecz stoi obecnie pod znakiem zapytania.<\/p>\n<p>Co ciekawe, oficjalna strona K\u00cd Klaksv\u00edk zachowa\u0142a w tej sprawie pe\u0142n\u0105 neutralno\u015b\u0107. Klub poinformowa\u0142 jedynie, \u017ce &#8222;mecz pomi\u0119dzy K\u00cd i Lechem Pozna\u0144 zosta\u0142 prze\u0142o\u017cony na pi\u0105tkowy wiecz\u00f3r o godz. 19:00&#8221; czasu lokalnego, czyli o 20.00 polskiego czasu.<\/p>\n","protected":false},"excerpt":{"rendered":"Lech mia\u0142 w czwartek zmierzy\u0107 si\u0119 z K\u00cd Klaksv\u00edk w rewan\u017cu trzeciej rundy eliminacji Ligi Europy. Pierwsze spotkanie&hellip;\n","protected":false},"author":2,"featured_media":621933,"comment_status":"","ping_status":"","sticky":false,"template":"","format":"standard","meta":{"footnotes":"","_share_on_mastodon":"0"},"categories":[51609],"tags":[61195,2806,5230,48,46,948,42,38,40,39,41,1817,47,3098,130,11798],"class_list":["post-621932","post","type-post","status-publish","format-standard","has-post-thumbnail","category-poznan","tag-bottomfeed_styl","tag-lech_poznan","tag-liga_europy","tag-nat_styl","tag-omp","tag-pilka_nozna","tag-pl","tag-poland","tag-polish","tag-polska","tag-polski","tag-poznan","tag-screening_general","tag-uefa","tag-wiadomosci_sportowe","tag-wyspy_owcze"],"share_on_mastodon":{"url":"https:\/\/pubeurope.com\/@pl\/117094353778451296","error":""},"_links":{"self":[{"href":"https:\/\/www.europesays.com\/pl\/wp-json\/wp\/v2\/posts\/621932","targetHints":{"allow":["GET"]}}],"collection":[{"href":"https:\/\/www.europesays.com\/pl\/wp-json\/wp\/v2\/posts"}],"about":[{"href":"https:\/\/www.europesays.com\/pl\/wp-json\/wp\/v2\/types\/post"}],"author":[{"embeddable":true,"href":"https:\/\/www.europesays.com\/pl\/wp-json\/wp\/v2\/users\/2"}],"replies":[{"embeddable":true,"href":"https:\/\/www.europesays.com\/pl\/wp-json\/wp\/v2\/comments?post=621932"}],"version-history":[{"count":0,"href":"https:\/\/www.europesays.com\/pl\/wp-json\/wp\/v2\/posts\/621932\/revisions"}],"wp:featuredmedia":[{"embeddable":true,"href":"https:\/\/www.europesays.com\/pl\/wp-json\/wp\/v2\/media\/621933"}],"wp:attachment":[{"href":"https:\/\/www.europesays.com\/pl\/wp-json\/wp\/v2\/media?parent=621932"}],"wp:term":[{"taxonomy":"category","embeddable":true,"href":"https:\/\/www.europesays.com\/pl\/wp-json\/wp\/v2\/categories?post=621932"},{"taxonomy":"post_tag","embeddable":true,"href":"https:\/\/www.europesays.com\/pl\/wp-json\/wp\/v2\/tags?post=621932"}],"curies":[{"name":"wp","href":"https:\/\/api.w.org\/{rel}","templated":true}]}}