{"id":621986,"date":"2026-08-14T15:03:12","date_gmt":"2026-08-14T15:03:12","guid":{"rendered":"https:\/\/www.europesays.com\/pl\/621986\/"},"modified":"2026-08-14T15:03:12","modified_gmt":"2026-08-14T15:03:12","slug":"wzmozone-kontrole-drogowe-na-zachodnich-wylotowkach-wroclawia-policja-publikuje-statystyki","status":"publish","type":"post","link":"https:\/\/www.europesays.com\/pl\/621986\/","title":{"rendered":"Wzmo\u017cone kontrole drogowe na zachodnich &#8222;wylot\u00f3wkach&#8221; Wroc\u0142awia. Policja publikuje statystyki"},"content":{"rendered":"<p>&#13;<br \/>\n                        &#13;<br \/>\n                            &#13;<br \/>\n            &#13;<br \/>\n                            &#13;<br \/>\n                        &#13;<br \/>\n            &#13;<br \/>\n                        &#13;<br \/>\n                                        &#13;<\/p>\n<p class=\"isSelectedEnd\">Przez dwa dni wroc\u0142awska drog\u00f3wka prowadzi\u0142a wzmo\u017cone kontrole kierowc\u00f3w, szczeg\u00f3lnie w rejonie ulic Legnickiej i Lotniczej. Policjanci reagowali na zg\u0142oszenia mieszka\u0144c\u00f3w dotycz\u0105ce m.in. nadmiernej pr\u0119dko\u015bci, ha\u0142asu, drift\u00f3w i nielegalnych wy\u015bcig\u00f3w.<\/p>\n<p>&#13;<\/p>\n<p class=\"isSelectedEnd\"><a class=\"lightbox\" alt=\"Wzmo\u017cone kontrole drogowe na zachodnich wylot\u00f3wkach Wroc\u0142awia. Policja publikuje statystyki\" href=\"https:\/\/www.europesays.com\/pl\/wp-content\/uploads\/2026\/08\/doba_pl_278548-14558ee238b8adbb09b3be5f4549d089_1280x720_onlyx.jpg\"><img loading=\"lazy\" decoding=\"async\" class=\"imgBigger\" src=\"https:\/\/www.europesays.com\/pl\/wp-content\/uploads\/2026\/08\/doba_pl_278548-14558ee238b8adbb09b3be5f4549d089_1280x720_onlyx.jpg\" width=\"800\" height=\"600\" border=\"0\"\/><\/a>W trakcie dzia\u0142a\u0144 funkcjonariusze ujawnili 49 wykrocze\u0144. Na\u0142o\u017cyli 40 mandat\u00f3w, skierowali trzy wnioski o ukaranie do s\u0105du, a w kilku przypadkach zako\u0144czyli interwencje pouczeniami. Zatrzymano tak\u017ce jedno prawo jazdy i jeden dow\u00f3d rejestracyjny.<\/p>\n<p>&#13;<\/p>\n<p class=\"isSelectedEnd\"><a class=\"lightbox\" alt=\"Wzmo\u017cone kontrole drogowe na zachodnich wylot\u00f3wkach Wroc\u0142awia. Policja publikuje statystyki\" href=\"https:\/\/www.europesays.com\/pl\/wp-content\/uploads\/2026\/08\/doba_pl_278549-53e9f7d15239aba4d2d47377d7212adf_1280x720_onlyx.jpg\"><img loading=\"lazy\" decoding=\"async\" class=\"imgBigger\" src=\"https:\/\/www.europesays.com\/pl\/wp-content\/uploads\/2026\/08\/doba_pl_278549-53e9f7d15239aba4d2d47377d7212adf_1280x720_onlyx.jpg\" width=\"800\" height=\"600\" border=\"0\"\/><\/a>Policjanci sprawdzali r\u00f3wnie\u017c poziom ha\u0142asu emitowanego przez pojazdy. Do pomiar\u00f3w wykorzystano specjalistyczny sprz\u0119t Sonopan. W tym zakresie nie stwierdzono nieprawid\u0142owo\u015bci.<\/p>\n<p>&#13;<\/p>\n<p><a class=\"lightbox\" alt=\"Wzmo\u017cone kontrole drogowe na zachodnich wylot\u00f3wkach Wroc\u0142awia. Policja publikuje statystyki\" href=\"https:\/\/www.europesays.com\/pl\/wp-content\/uploads\/2026\/08\/doba_pl_278547-0a5501d443685d7f3b7a6638cae8d989_1280x720_onlyx.jpg\"><img loading=\"lazy\" decoding=\"async\" class=\"imgBigger\" src=\"https:\/\/www.europesays.com\/pl\/wp-content\/uploads\/2026\/08\/doba_pl_278547-0a5501d443685d7f3b7a6638cae8d989_1280x720_onlyx.jpg\" width=\"800\" height=\"600\" border=\"0\"\/><\/a>Kontrole maj\u0105 by\u0107 kontynuowane przez kilka najbli\u017cszych tygodni. Policja zapowiada reakcj\u0119 na zg\u0142oszenia mieszka\u0144c\u00f3w oraz dalsze kontrole kierowc\u00f3w \u0142ami\u0105cych przepisy i stwarzaj\u0105cych zagro\u017cenie na drogach.<\/p>\n<p>&#13;<\/p>\n<p style=\"text-align: right;\"><a class=\"lightbox\" alt=\"Wzmo\u017cone kontrole drogowe na zachodnich wylot\u00f3wkach Wroc\u0142awia. Policja publikuje statystyki\" href=\"https:\/\/www.europesays.com\/pl\/wp-content\/uploads\/2026\/08\/doba_pl_278546-3ae7dd930db397f3ab644fef21a5dcd6_1280x720_onlyx.jpg\"><img loading=\"lazy\" decoding=\"async\" class=\"imgBigger\" src=\"https:\/\/www.europesays.com\/pl\/wp-content\/uploads\/2026\/08\/doba_pl_278546-3ae7dd930db397f3ab644fef21a5dcd6_1280x720_onlyx.jpg\" width=\"800\" height=\"600\" border=\"0\"\/><\/a>\/KMP we Wroc\u0142awiu, oprac. doba.pl\/<\/p>\n<p>                            &#13;<br \/>\n                \t\t\t                            &#13;<br \/>\n                                                        &#13;<br \/>\n\t\t\t\t\t\t\t            &#13;<br \/>\n                            &#13;<br \/>\n                            &#13;<br \/>\n                           &#13;<br \/>\n            &#13;<br \/>\n                        &#13;<br \/>\n                            &#13;<br \/>\n                            &#13;<br \/>\n        &#13;<br \/>\n                            &#13;<br \/>\n                        &#13;<\/p>\n","protected":false},"excerpt":{"rendered":"&#13; &#13; &#13; &#13; &#13; &#13; &#13; &#13; &#13; Przez dwa dni wroc\u0142awska drog\u00f3wka prowadzi\u0142a wzmo\u017cone kontrole kierowc\u00f3w,&hellip;\n","protected":false},"author":2,"featured_media":621987,"comment_status":"","ping_status":"","sticky":false,"template":"","format":"standard","meta":{"footnotes":"","_share_on_mastodon":"0"},"categories":[51607],"tags":[4854,42,38,414,40,39,41,1853],"class_list":["post-621986","post","type-post","status-publish","format-standard","has-post-thumbnail","category-wroclaw","tag-kontrole","tag-pl","tag-poland","tag-policja","tag-polish","tag-polska","tag-polski","tag-wroclaw"],"share_on_mastodon":{"url":"https:\/\/pubeurope.com\/@pl\/117094476996095205","error":""},"_links":{"self":[{"href":"https:\/\/www.europesays.com\/pl\/wp-json\/wp\/v2\/posts\/621986","targetHints":{"allow":["GET"]}}],"collection":[{"href":"https:\/\/www.europesays.com\/pl\/wp-json\/wp\/v2\/posts"}],"about":[{"href":"https:\/\/www.europesays.com\/pl\/wp-json\/wp\/v2\/types\/post"}],"author":[{"embeddable":true,"href":"https:\/\/www.europesays.com\/pl\/wp-json\/wp\/v2\/users\/2"}],"replies":[{"embeddable":true,"href":"https:\/\/www.europesays.com\/pl\/wp-json\/wp\/v2\/comments?post=621986"}],"version-history":[{"count":0,"href":"https:\/\/www.europesays.com\/pl\/wp-json\/wp\/v2\/posts\/621986\/revisions"}],"wp:featuredmedia":[{"embeddable":true,"href":"https:\/\/www.europesays.com\/pl\/wp-json\/wp\/v2\/media\/621987"}],"wp:attachment":[{"href":"https:\/\/www.europesays.com\/pl\/wp-json\/wp\/v2\/media?parent=621986"}],"wp:term":[{"taxonomy":"category","embeddable":true,"href":"https:\/\/www.europesays.com\/pl\/wp-json\/wp\/v2\/categories?post=621986"},{"taxonomy":"post_tag","embeddable":true,"href":"https:\/\/www.europesays.com\/pl\/wp-json\/wp\/v2\/tags?post=621986"}],"curies":[{"name":"wp","href":"https:\/\/api.w.org\/{rel}","templated":true}]}}