{"id":622008,"date":"2026-08-14T15:14:11","date_gmt":"2026-08-14T15:14:11","guid":{"rendered":"https:\/\/www.europesays.com\/pl\/622008\/"},"modified":"2026-08-14T15:14:11","modified_gmt":"2026-08-14T15:14:11","slug":"upal-w-czasie-wojskowej-defilady-armia-podjela-decyzje-w-sprawie-psow","status":"publish","type":"post","link":"https:\/\/www.europesays.com\/pl\/622008\/","title":{"rendered":"Upa\u0142 w czasie wojskowej defilady. Armia podj\u0119\u0142a decyzj\u0119 w sprawie ps\u00f3w"},"content":{"rendered":"<p>15 sierpnia ulicami Warszawy przejdzie defilada wojskowa organizowana z okazji \u015awi\u0119ta Wojska Polskiego. Jak ustali\u0142 Onet, w tegorocznej defiladzie nie wezm\u0105 udzia\u0142u psy s\u0142u\u017cbowe \u017co\u0142nierzy. Powodem s\u0105 prognozowane na sobot\u0119 wysokie temperatury.<\/p>\n<p>&#8222;W 2025 r., w zwi\u0105zku z upa\u0142ami, psy s\u0142u\u017cbowe nie uczestniczy\u0142y w defiladzie z okazji \u015awi\u0119ta Wojska Polskiego. W tym roku r\u00f3wnie\u017c nie planuje si\u0119 ich udzia\u0142u w wydarzeniu&#8221; \u2014 poinformowa\u0142 Onet pp\u0142k Artur Sak, rzecznik prasowy Dow\u00f3dztwa Garnizonu Warszawa, kt\u00f3re odpowiada za zabezpieczenie przygotowa\u0144 do uroczysto\u015bci.<\/p>\n<p>Dalszy ci\u0105g artyku\u0142u pod materia\u0142em wideo<\/p>\n<p>Decyzja nie jest zaskoczeniem. Temat udzia\u0142u wojskowych ps\u00f3w w sierpniowych obchodach od kilku lat budzi emocje. Szczeg\u00f3lnie g\u0142o\u015bno by\u0142o po defiladzie w 2023 r., gdy w mediach spo\u0142eczno\u015bciowych pojawi\u0142y si\u0119 zdj\u0119cia i nagrania czworonog\u00f3w maszeruj\u0105cych po rozgrzanym asfalcie. Internauci zwracali wtedy uwag\u0119, \u017ce temperatura nawierzchni mog\u0142a by\u0107 znacznie wy\u017csza ni\u017c temperatura powietrza i negatywnie wp\u0142ywa\u0107 na dobrostan zwierz\u0105t. W kolejnych latach wojsko zdecydowa\u0142o si\u0119 zrezygnowa\u0107 z udzia\u0142u ps\u00f3w podczas najbardziej upalnych uroczysto\u015bci.<\/p>\n<p>Wojna o szlify generalskie. W\u0142adys\u0142aw Kosiniak-Kamysz postawi\u0142 Pa\u0142ac Prezydencki pod \u015bcian\u0105<\/p>\n<p class=\"ods-o-frame-in-text__paragraph\"><a href=\"https:\/\/wiadomosci.onet.pl\/tylko-w-onecie\/kulisy-konfliktu-o-generalow-wladyslaw-kosiniak-kamysz-postawil-karola-nawrockiego\/cx1m159?tpcc=202608_bloczek_P&amp;S\" id=\"c4d873f9-2312-4982-b8c8-a6c67ed57189\" rel=\"nofollow noopener\" target=\"_blank\">Przeczytaj tekst Edyty \u017bem\u0142y i Jacka Har\u0142ukowicza<\/a><\/p>\n<p><img class=\"ods-a-photo ods-a-photo--background\" src=\"https:\/\/www.europesays.com\/pl\/wp-content\/uploads\/2026\/08\/i0Wk9lBaHR0cHM6Ly9vY2RuLmV1L3B1bHNjbXMvTURBXy8xMTRiOTg0NjdmYWRlZTE3NjBlZmU2MmJiMmY2MjA0ZS5qcGeRlQLNA.jpeg\" height=\"254\" width=\"450\" alt=\"W\u0142adys\u0142aw Kosiniak-Kamysz i Karol Nawrocki\" loading=\"lazy\" fetchpriority=\"low\" decoding=\"async\"\/>Co z pozosta\u0142ymi zwierz\u0119tami?<\/p>\n<p>Onet zapyta\u0142 r\u00f3wnie\u017c o los pozosta\u0142ych zwierz\u0105t, kt\u00f3re tradycyjnie mo\u017cna zobaczy\u0107 podczas wojskowych obchod\u00f3w. Chodzi przede wszystkim o konie Szwadronu Kawalerii Wojska Polskiego, kt\u00f3re tak\u017ce wezm\u0105 udzia\u0142 w tegorocznej defiladzie.<\/p>\n<p>Wojsko przekonuje, \u017ce przygotowano dla nich szczeg\u00f3lne zabezpieczenia.<\/p>\n<p>&#8222;W defiladzie wezm\u0105 udzia\u0142 konie Szwadronu Kawalerii Wojska Polskiego. Przed wydarzeniem b\u0119d\u0105 rozpr\u0119\u017cane na trawniku w cieniu, przy ul. Krajewskiego. Tu zwierz\u0119ta b\u0119d\u0105 mia\u0142y sta\u0142y dost\u0119p do wody. B\u0119dzie przy nich r\u00f3wnie\u017c lekarz weterynarii, kt\u00f3ry przed wymarszem przeprowadzi przegl\u0105d weterynaryjny, by stwierdzi\u0107 czy ich kondycja pozwala na udzia\u0142 w defiladzie&#8221; \u2014 wyja\u015bnia pp\u0142k Artur Sak.<\/p>\n<p>Jak podkre\u015bla rzecznik Dow\u00f3dztwa Garnizonu Warszawa, opieka weterynaryjna nie zako\u0144czy si\u0119 wraz z przemarszem zwierz\u0105t. Lekarz ma sprawdzi\u0107 ich stan r\u00f3wnie\u017c po zako\u0144czeniu udzia\u0142u w uroczysto\u015bci. \u2014 Specjalista oceni tak\u017ce stan koni po ich zej\u015bciu do miejsca za\u0142adunku do pojazd\u00f3w. Tu tak\u017ce zostan\u0105 napojone&#8221; \u2014 informuje wojsko.<\/p>\n<p>Woda dla uczestnik\u00f3w<\/p>\n<p>Przygotowania do upa\u0142u obj\u0119\u0142y nie tylko zwierz\u0119ta. Dow\u00f3dztwo Garnizonu Warszawa zapewnia, \u017ce uwzgl\u0119dniono r\u00f3wnie\u017c bezpiecze\u0144stwo \u017co\u0142nierzy uczestnicz\u0105cych w uroczysto\u015bciach. Organizatorzy chc\u0105 maksymalnie ograniczy\u0107 czas przebywania wojskowych w pe\u0142nym s\u0142o\u0144cu przed rozpocz\u0119ciem defilady. \u2014 \u017bo\u0142nierze zostan\u0105 wprowadzeni w miejsce uroczysto\u015bci najp\u00f3\u017aniej jak b\u0119dzie to mo\u017cliwe, by mogli jak najd\u0142u\u017cej przebywa\u0107 w cieniu, r\u00f3wnie\u017c przy ul. Krajewskiego \u2014 podaje pp\u0142k Sak.<\/p>\n<p>Na miejscu maj\u0105 zosta\u0107 przygotowane zapasy wody dla uczestnik\u00f3w uroczysto\u015bci, a nad bezpiecze\u0144stwem b\u0119d\u0105 czuwa\u0142y s\u0142u\u017cby medyczne.<\/p>\n<p>\u2014 W cz\u0119\u015bci statycznej uroczysto\u015bci \u017co\u0142nierze b\u0119d\u0105 mieli dost\u0119p do wody zgromadzonej za swoimi pododdzia\u0142ami. Na trasie przemarszu rozlokowane b\u0119d\u0105 licznie s\u0142u\u017cby medyczne z zadaniem monitorowania samopoczucia \u017co\u0142nierzy i interweniowania w razie potrzeby \u2014 zapewnia pp\u0142k Sak.<\/p>\n<p>Wojsko zwraca r\u00f3wnie\u017c uwag\u0119, \u017ce przygotowania do defilady trwaj\u0105 od wielu dni i obejmuj\u0105 tak\u017ce stopniowe przyzwyczajanie organizmu do s\u0142u\u017cby w wysokich temperaturach.<\/p>\n","protected":false},"excerpt":{"rendered":"15 sierpnia ulicami Warszawy przejdzie defilada wojskowa organizowana z okazji \u015awi\u0119ta Wojska Polskiego. Jak ustali\u0142 Onet, w tegorocznej&hellip;\n","protected":false},"author":2,"featured_media":622009,"comment_status":"","ping_status":"","sticky":false,"template":"","format":"standard","meta":{"footnotes":"","_share_on_mastodon":"0"},"categories":[12],"tags":[61195,32,33,114936,36,37,27,34,35,28,31,48,56812,25,46,6183,42,38,40,39,41,47,1652,29,30,341,26,1266],"class_list":["post-622008","post","type-post","status-publish","format-standard","has-post-thumbnail","category-polska","tag-bottomfeed_styl","tag-breaking-news","tag-breakingnews","tag-defilada","tag-featured-news","tag-featurednews","tag-headlines","tag-latest-news","tag-latestnews","tag-naglowki","tag-najwazniejsze-artykuly","tag-nat_styl","tag-newbb_tst0","tag-news","tag-omp","tag-pies","tag-pl","tag-poland","tag-polish","tag-polska","tag-polski","tag-screening_general","tag-temperatura","tag-top-stories","tag-topstories","tag-tylko_w_onecie","tag-wiadomosci","tag-zwierzeta"],"share_on_mastodon":{"url":"https:\/\/pubeurope.com\/@pl\/117094519839740523","error":""},"_links":{"self":[{"href":"https:\/\/www.europesays.com\/pl\/wp-json\/wp\/v2\/posts\/622008","targetHints":{"allow":["GET"]}}],"collection":[{"href":"https:\/\/www.europesays.com\/pl\/wp-json\/wp\/v2\/posts"}],"about":[{"href":"https:\/\/www.europesays.com\/pl\/wp-json\/wp\/v2\/types\/post"}],"author":[{"embeddable":true,"href":"https:\/\/www.europesays.com\/pl\/wp-json\/wp\/v2\/users\/2"}],"replies":[{"embeddable":true,"href":"https:\/\/www.europesays.com\/pl\/wp-json\/wp\/v2\/comments?post=622008"}],"version-history":[{"count":0,"href":"https:\/\/www.europesays.com\/pl\/wp-json\/wp\/v2\/posts\/622008\/revisions"}],"wp:featuredmedia":[{"embeddable":true,"href":"https:\/\/www.europesays.com\/pl\/wp-json\/wp\/v2\/media\/622009"}],"wp:attachment":[{"href":"https:\/\/www.europesays.com\/pl\/wp-json\/wp\/v2\/media?parent=622008"}],"wp:term":[{"taxonomy":"category","embeddable":true,"href":"https:\/\/www.europesays.com\/pl\/wp-json\/wp\/v2\/categories?post=622008"},{"taxonomy":"post_tag","embeddable":true,"href":"https:\/\/www.europesays.com\/pl\/wp-json\/wp\/v2\/tags?post=622008"}],"curies":[{"name":"wp","href":"https:\/\/api.w.org\/{rel}","templated":true}]}}