{"id":622414,"date":"2026-08-14T19:28:13","date_gmt":"2026-08-14T19:28:13","guid":{"rendered":"https:\/\/www.europesays.com\/pl\/622414\/"},"modified":"2026-08-14T19:28:13","modified_gmt":"2026-08-14T19:28:13","slug":"umowa-handlowa-usa-ue-waszyngton-grozi-brukseli-wyeliminowaniem-obciazen","status":"publish","type":"post","link":"https:\/\/www.europesays.com\/pl\/622414\/","title":{"rendered":"Umowa handlowa USA-UE. Waszyngton grozi Brukseli &#8222;wyeliminowaniem obci\u0105\u017ce\u0144&#8221;"},"content":{"rendered":"<p>Uznaj\u0105c, \u017ce Bruksela przeprowadzi\u0142a &#8222;pewne pozytywne reformy&#8221;, Waszyngton stwierdzi\u0142, \u017ce UE &#8222;nie uwzgl\u0119dni\u0142a w pe\u0142ni obaw Stan\u00f3w Zjednoczonych&#8221; oraz \u017ce &#8222;podejmie wszelkie niezb\u0119dne dzia\u0142ania w celu wyeliminowania nieuzasadnionych obci\u0105\u017ce\u0144 dla ameryka\u0144skiego handlu&#8221;.<\/p>\n<p>Ambasador USA przy UE Andrew Puzder zwi\u0119kszy\u0142 w pi\u0105tek presj\u0119, pisz\u0105c na X, \u017ce &#8222;nadszed\u0142 czas, aby UE dotrzyma\u0142a s\u0142owa&#8221;. Zwr\u00f3ci\u0142 uwag\u0119 na zobowi\u0105zania podj\u0119te w ramach zesz\u0142orocznej umowy handlowej z Turnberry [mi\u0119dzy szefow\u0105 KE Ursul\u0105 von der Leyen a prezydentem Donaldem Trumpem], maj\u0105ce na celu zapewnienie, \u017ce ameryka\u0144skie przedsi\u0119biorstwa nie b\u0119d\u0105 nara\u017cone na &#8222;nadmierne ograniczenia&#8221; w handlu transatlantyckim z powodu brukselskich regulacji ekologicznych.<\/p>\n<p>Trump w potrzasku. Wszystkie sznurki wymykaj\u0105 mu si\u0119 z r\u0105k. Nie s\u0142uchaj\u0105 go ju\u017c nawet sojusznicy<img class=\"ods-a-photo ods-a-photo--background\" src=\"https:\/\/www.europesays.com\/pl\/wp-content\/uploads\/2026\/08\/1786735693_592_4Enk9lBaHR0cHM6Ly9vY2RuLmV1L3B1bHNjbXMvTURBXy83MGYxOTY0MjgyMzZlZWJjZWE4OWE0YzAxMTFhNmVhNi5qcGeRlQLNA.jpeg\" height=\"300\" width=\"450\" alt=\"Donald Trump\" loading=\"lazy\" fetchpriority=\"low\" decoding=\"async\"\/><\/p>\n<p>Sp\u00f3r dotyczy dw\u00f3ch filar\u00f3w unijnych przepis\u00f3w dotycz\u0105cych zr\u00f3wnowa\u017conego rozwoju przedsi\u0119biorstw: dyrektywy w sprawie nale\u017cytej staranno\u015bci w zakresie zr\u00f3wnowa\u017conego rozwoju przedsi\u0119biorstw, kt\u00f3ra nak\u0142ada na du\u017ce przedsi\u0119biorstwa obowi\u0105zek zajmowania si\u0119 kwestiami praw cz\u0142owieka i szk\u00f3d \u015brodowiskowych zwi\u0105zanych z ich dzia\u0142alno\u015bci\u0105 i \u0142a\u0144cuchami dostaw, oraz dyrektywy w sprawie sprawozdawczo\u015bci przedsi\u0119biorstw w zakresie zr\u00f3wnowa\u017conego rozwoju, kt\u00f3ra wymaga od przedsi\u0119biorstw ujawniania informacji dotycz\u0105cych zr\u00f3wnowa\u017conego rozwoju.<\/p>\n<p>Bruksela ograniczy\u0142a zakres obu akt\u00f3w prawnych w ramach d\u0105\u017cenia do zmniejszenia biurokracji, ale nie posz\u0142a na ust\u0119pstwa wobec \u017c\u0105dania Waszyngtonu, by ca\u0142kowicie wy\u0142\u0105czy\u0107 ameryka\u0144skie przedsi\u0119biorstwa z ich zakresu.<\/p>\n<p>W zesz\u0142ym tygodniu Puzder w podobny spos\u00f3b skrytykowa\u0142 unijny mechanizm korekty w\u0119glowej na granicach, okre\u015blaj\u0105c go jako c\u0142o nak\u0142adane na ameryka\u0144skich eksporter\u00f3w. W czwartek Bia\u0142y Dom oskar\u017cy\u0142 r\u00f3wnie\u017c UE i ponad 40 kraj\u00f3w o umo\u017cliwianie chi\u0144skim towarom omijania ameryka\u0144skich ce\u0142 poprzez przekierowywanie ich przez swoje rynki.<\/p>\n<p>Rzecznik Komisji Europejskiej powiedzia\u0142 serwisowi Politico, \u017ce Bruksela podj\u0119\u0142a &#8222;znacz\u0105ce wysi\u0142ki&#8221;, aby wyja\u015bni\u0107 swoje przepisy i podkre\u015bli\u0107 &#8222;gotowo\u015b\u0107 do wsp\u00f3\u0142pracy ze Stanami Zjednoczonymi w celu zwi\u0119kszenia handlu tam, gdzie to mo\u017cliwe&#8221;, ale nie zgodzi\u0142a si\u0119 na zmian\u0119 swojego systemu regulacyjnego w odpowiedzi na presj\u0119 ze strony USA.<\/p>\n<p>\u2014 Wyra\u017anie i konsekwentnie podkre\u015blali\u015bmy, \u017ce ani nasze ramy prawne, ani nasza autonomia regulacyjna nie podlegaj\u0105 negocjacjom \u2014 powiedzia\u0142 rzecznik.<\/p>\n","protected":false},"excerpt":{"rendered":"Uznaj\u0105c, \u017ce Bruksela przeprowadzi\u0142a &#8222;pewne pozytywne reformy&#8221;, Waszyngton stwierdzi\u0142, \u017ce UE &#8222;nie uwzgl\u0119dni\u0142a w pe\u0142ni obaw Stan\u00f3w Zjednoczonych&#8221;&hellip;\n","protected":false},"author":2,"featured_media":622415,"comment_status":"","ping_status":"","sticky":false,"template":"","format":"standard","meta":{"footnotes":"","_share_on_mastodon":"0"},"categories":[14],"tags":[61195,32,33,6229,27,34,35,28,31,48,25,46,40,1314,41,47,80,29,30,86,71,26,82,83,84],"class_list":["post-622414","post","type-post","status-publish","format-standard","has-post-thumbnail","category-swiat","tag-bottomfeed_styl","tag-breaking-news","tag-breakingnews","tag-handel","tag-headlines","tag-latest-news","tag-latestnews","tag-naglowki","tag-najwazniejsze-artykuly","tag-nat_styl","tag-news","tag-omp","tag-polish","tag-politico","tag-polski","tag-screening_general","tag-swiat","tag-top-stories","tag-topstories","tag-unia_europejska","tag-usa","tag-wiadomosci","tag-world","tag-world-news","tag-worldnews"],"share_on_mastodon":{"url":"https:\/\/pubeurope.com\/@pl\/117095518669621287","error":""},"_links":{"self":[{"href":"https:\/\/www.europesays.com\/pl\/wp-json\/wp\/v2\/posts\/622414","targetHints":{"allow":["GET"]}}],"collection":[{"href":"https:\/\/www.europesays.com\/pl\/wp-json\/wp\/v2\/posts"}],"about":[{"href":"https:\/\/www.europesays.com\/pl\/wp-json\/wp\/v2\/types\/post"}],"author":[{"embeddable":true,"href":"https:\/\/www.europesays.com\/pl\/wp-json\/wp\/v2\/users\/2"}],"replies":[{"embeddable":true,"href":"https:\/\/www.europesays.com\/pl\/wp-json\/wp\/v2\/comments?post=622414"}],"version-history":[{"count":0,"href":"https:\/\/www.europesays.com\/pl\/wp-json\/wp\/v2\/posts\/622414\/revisions"}],"wp:featuredmedia":[{"embeddable":true,"href":"https:\/\/www.europesays.com\/pl\/wp-json\/wp\/v2\/media\/622415"}],"wp:attachment":[{"href":"https:\/\/www.europesays.com\/pl\/wp-json\/wp\/v2\/media?parent=622414"}],"wp:term":[{"taxonomy":"category","embeddable":true,"href":"https:\/\/www.europesays.com\/pl\/wp-json\/wp\/v2\/categories?post=622414"},{"taxonomy":"post_tag","embeddable":true,"href":"https:\/\/www.europesays.com\/pl\/wp-json\/wp\/v2\/tags?post=622414"}],"curies":[{"name":"wp","href":"https:\/\/api.w.org\/{rel}","templated":true}]}}