{"id":622512,"date":"2026-08-14T20:34:12","date_gmt":"2026-08-14T20:34:12","guid":{"rendered":"https:\/\/www.europesays.com\/pl\/622512\/"},"modified":"2026-08-14T20:34:12","modified_gmt":"2026-08-14T20:34:12","slug":"orlen-lupil-kierowcow-pis-chce-kontroli-uokik","status":"publish","type":"post","link":"https:\/\/www.europesays.com\/pl\/622512\/","title":{"rendered":"Orlen \u0142upi\u0142 kierowc\u00f3w. PiS chce kontroli UOKiK"},"content":{"rendered":"<p>\u201eNie ulega wi\u0119c w\u0105tpliwo\u015bci, \u017ce\u00a0mimo obowi\u0105zywania w\u0142a\u015bnie w\u00a0II\u00a0kwartale tego roku programu CPN (\u2026) to\u00a0Orlen \u0142upi\u0142 kierowc\u00f3w\u201d \u2013 analizuje dla portalu <a href=\"https:\/\/www.salon24.pl\/u\/zbigniewkuzmiuk\/1517483,z-wynikow-finansowych-orlenu-wynika-ze-lupil-kierowcow\" rel=\"nofollow noopener\" target=\"_blank\">Salon24<\/a> Zbigniew\u00a0Ku\u017amiuk.<\/p>\n<p>Wyniki finansowe Orlenu podwa\u017caj\u0105 zapewnienia o\u00a0minimalnych mar\u017cach na\u00a0paliwach dla klient\u00f3w. Segment detaliczny Orlenu, obejmuj\u0105cy m.in. sprzeda\u017c paliw, sklepy i\u00a0elektromobilno\u015b\u0107, wypracowa\u0142 w\u00a0II\u00a0kwartale 0,9\u00a0mld z\u0142\u00a0zysku EBITDA. Zdaniem polityka PiS wynik jest najwy\u017cszy w\u00a0historii. W\u00a0czasie, gdy rz\u0105d mia\u0142 ustala\u0107 maksymalne ceny paliw, a\u00a0w\u0142adze Orlenu zapewnia\u0142y o\u00a0ograniczeniu mar\u017c, zarabia\u0142y Orlen zarabia\u0142 na\u00a0Polakach, ile\u00a0m\u00f3g\u0142.<\/p>\n<p>Publicznie w\u0142adze Orlenu bowiem twierdzi\u0142y, \u017ce\u00a0obni\u017cy\u0142y mar\u017ce na\u00a0paliwach do\u00a0poziomu najni\u017cszego z\u00a0mo\u017cliwych, a\u00a0z\u00a0drugiej strony wynik finansowy na\u00a0sprzeda\u017cy paliw jest najwy\u017cszy\u00a0w\u00a0historii<\/p>\n<p>\u2013 zauwa\u017ca\u00a0Ku\u017amiuk.<\/p>\n<p> Dzia\u0142ania Orlen przyczyniaj\u0105 si\u0119 do\u00a0wzrostu inflacji\u00a0w\u00a0Polsce <\/p>\n<p>Ku\u017amiuk wi\u0105\u017ce r\u00f3wnie\u017c ceny paliw r\u00f3wnie\u017c z\u00a0poziomem inflacji. W\u00a0jego ocenie ich wzrost szybko przek\u0142ada si\u0119 na\u00a0koszty transportu, produkcji i\u00a0us\u0142ug, a\u00a0w\u00a0konsekwencji na\u00a0ceny p\u0142acone przez gospodarstwa\u00a0domowe.<\/p>\n<p>Te\u00a0gwa\u0142towne wzrosty poziomu inflacji w\u00a0marcu i\u00a0w\u00a0lipcu tego roku, tylko potwierdzaj\u0105 jak wielki wp\u0142yw na\u00a0inflacj\u0119 maj\u0105 w\u0142a\u015bnie ceny paliw \u2013\u00a0pisze.<\/p>\n<p>Krytykuje jednocze\u015bnie zapowiedzian\u0105 przez rz\u0105d kr\u00f3tkotrwa\u0142\u0105 obni\u017ck\u0119 VAT na\u00a0paliwa, wskazuj\u0105c, \u017ce\u00a0skala i\u00a0czas trwania rozwi\u0105zania s\u0105\u00a0niewystarczaj\u0105ce w\u00a0por\u00f3wnaniu z\u00a0dzia\u0142aniami poprzedniego\u00a0rz\u0105du.<\/p>\n<p> PiS kieruje spraw\u0119\u00a0do\u00a0UOKiK <\/p>\n<p>PiS chce, aby UOKiK sprawdzi\u0142, czy kierowcy nie p\u0142acili zawy\u017conych cen, a\u00a0sam Ku\u017amiuk przedstawia spraw\u0119 jako przyk\u0142ad wykorzystywania silnej pozycji rynkowej Orlenu kosztem\u00a0konsument\u00f3w.<\/p>\n<p>Salon24,\u00a0jb<\/p>\n<p>Dzi\u0119kujemy za przeczytanie artyku\u0142u!<\/p>\n<p>Pami\u0119taj, mo\u017cesz ogl\u0105da\u0107 nasz\u0105 telewizj\u0119 na <a href=\"https:\/\/wpolsce24.tv\/\" target=\"_blank\" rel=\"nofollow noopener\">wPolsce24<\/a>. Buduj z nami niezale\u017cne media na <a href=\"https:\/\/wesprzyj.wpolsce24.tv\/\" target=\"_blank\" rel=\"nofollow noopener\">wesprzyj.wpolsce24<\/a>.<\/p>\n","protected":false},"excerpt":{"rendered":"\u201eNie ulega wi\u0119c w\u0105tpliwo\u015bci, \u017ce\u00a0mimo obowi\u0105zywania w\u0142a\u015bnie w\u00a0II\u00a0kwartale tego roku programu CPN (\u2026) to\u00a0Orlen \u0142upi\u0142 kierowc\u00f3w\u201d \u2013 analizuje&hellip;\n","protected":false},"author":2,"featured_media":622513,"comment_status":"","ping_status":"","sticky":false,"template":"","format":"standard","meta":{"footnotes":"","_share_on_mastodon":"0"},"categories":[52097],"tags":[1085,774,42,38,40,39,41,5020],"class_list":["post-622512","post","type-post","status-publish","format-standard","has-post-thumbnail","category-orlen","tag-kierowca","tag-orlen","tag-pl","tag-poland","tag-polish","tag-polska","tag-polski","tag-tankowanie"],"share_on_mastodon":{"url":"https:\/\/pubeurope.com\/@pl\/117095777230939960","error":""},"_links":{"self":[{"href":"https:\/\/www.europesays.com\/pl\/wp-json\/wp\/v2\/posts\/622512","targetHints":{"allow":["GET"]}}],"collection":[{"href":"https:\/\/www.europesays.com\/pl\/wp-json\/wp\/v2\/posts"}],"about":[{"href":"https:\/\/www.europesays.com\/pl\/wp-json\/wp\/v2\/types\/post"}],"author":[{"embeddable":true,"href":"https:\/\/www.europesays.com\/pl\/wp-json\/wp\/v2\/users\/2"}],"replies":[{"embeddable":true,"href":"https:\/\/www.europesays.com\/pl\/wp-json\/wp\/v2\/comments?post=622512"}],"version-history":[{"count":0,"href":"https:\/\/www.europesays.com\/pl\/wp-json\/wp\/v2\/posts\/622512\/revisions"}],"wp:featuredmedia":[{"embeddable":true,"href":"https:\/\/www.europesays.com\/pl\/wp-json\/wp\/v2\/media\/622513"}],"wp:attachment":[{"href":"https:\/\/www.europesays.com\/pl\/wp-json\/wp\/v2\/media?parent=622512"}],"wp:term":[{"taxonomy":"category","embeddable":true,"href":"https:\/\/www.europesays.com\/pl\/wp-json\/wp\/v2\/categories?post=622512"},{"taxonomy":"post_tag","embeddable":true,"href":"https:\/\/www.europesays.com\/pl\/wp-json\/wp\/v2\/tags?post=622512"}],"curies":[{"name":"wp","href":"https:\/\/api.w.org\/{rel}","templated":true}]}}