{"id":622600,"date":"2026-08-14T21:25:53","date_gmt":"2026-08-14T21:25:53","guid":{"rendered":"https:\/\/www.europesays.com\/pl\/622600\/"},"modified":"2026-08-14T21:25:53","modified_gmt":"2026-08-14T21:25:53","slug":"donald-tusk-oglosil-decyzje-wiemy-kiedy-spadna-ceny-paliw","status":"publish","type":"post","link":"https:\/\/www.europesays.com\/pl\/622600\/","title":{"rendered":"Donald Tusk og\u0142osi\u0142 decyzj\u0119. Wiemy, kiedy spadn\u0105 ceny paliw"},"content":{"rendered":"<p>\u2014 Polacy czekali z ut\u0119sknieniem, je\u017cd\u017c\u0105c po Polsce. Wsp\u00f3lnie z ministrem finans\u00f3w i energii podj\u0119li\u015bmy decyzj\u0119 o przywr\u00f3ceniu programu &#8222;CPN&#8221; \u2014 powiedzia\u0142 w czwartek na konferencji Donald Tusk.<\/p>\n<p>Szef rz\u0105du og\u0142osi\u0142, \u017ce obni\u017cki cen paliw wejd\u0105 w \u017cycie od poniedzia\u0142ku do 31 sierpnia. \u2014 Nie jeste\u015bmy w stanie przewidzie\u0107, jak ceny paliw b\u0119d\u0105 kszta\u0142towa\u0142y si\u0119 na \u015bwiecie, ale dzi\u0119ki tej decyzji paliwo b\u0119dzie ta\u0144sze o ok. 1 z\u0142 \u2014 przekaza\u0142.<\/p>\n<p>\u2014 To tak\u017ce oznacza, \u017ce Polska b\u0119dzie w absolutnej czo\u0142\u00f3wce europejskiej, je\u017celi chodzi o ceny paliw \u2014 zaznaczy\u0142.<\/p>\n<p>Dalszy ci\u0105g artyku\u0142u pod materia\u0142em wideoDonald Tusk uderza w Karola Nawrockiego w sprawie weta. &#8222;Nadal nie rozumiem&#8221;<\/p>\n<p>Donald Tusk oskar\u017cy\u0142 tak\u017ce prezydenta Karola Nawrockiego o zawetowanie ustawy pozwalaj\u0105cej ob\u0142o\u017cy\u0107 podatkiem koncerny paliwowe. \u2014 Nadal nie rozumiem, dlaczego tak\u0105 decyzj\u0119 podj\u0105\u0142 prezydent i dlaczego tak jawnie stan\u0105\u0142 po stronie koncern\u00f3w, a nie po stronie ludzi \u2014 zaznaczy\u0142.<\/p>\n<p>\u2014 B\u0119d\u0119 pami\u0119ta\u0142, dlaczego nie mo\u017cemy da\u0107 ludziom wi\u0119cej. [&#8230;] B\u0119dziemy mieli &#8222;CPN&#8221;, radykalnie ni\u017cszy VAT. \u017beby nikt tego nie wykorzysta\u0142, minister energii ka\u017cdego dnia b\u0119dzie informowa\u0142, jaka jest mo\u017cliwie najwy\u017csza cena paliwa na stacjach benzynowych \u2014 doda\u0142.<\/p>\n<p>Rosjanin chcia\u0142 przeprowadzi\u0107 egzekucj\u0119 w Warszawie. Akcja polskich s\u0142u\u017cb<\/p>\n<p>Donald Tusk przekaza\u0142 tak\u017ce, \u017ce s\u0142u\u017cby (ABW i policja) zatrzyma\u0142y 7 sierpnia obywatela Rosji, zwerbowanego przez rosyjskie s\u0142u\u017cby, kt\u00f3rego zadaniem by\u0142o wykonanie egzekucji w Warszawie na obywatelu USA i Ukrainy. \u2014 To jest osoba, kt\u00f3ra dysponuje dwoma paszportami. By\u0142 niewygodny z punktu widzenia re\u017cimu W\u0142adimira Putina. Dzi\u0119ki b\u0142yskotliwej akcji uda\u0142o si\u0119 tej egzekucji, temu zamachowi, zapobiec \u2014 przekaza\u0142 Donald Tusk. \u2014 Dzi\u0119kuj\u0119 za bardzo dobr\u0105 wsp\u00f3\u0142prac\u0119 tak\u017ce s\u0142u\u017cbom ameryka\u0144skim \u2014 doda\u0142.<\/p>\n<p>\u2014 To pierwsza taka sytuacja, \u017ce kto\u015b z Rosji decyduje si\u0119 na zamach na obywatela USA na terenie innego kraju NATO, na terenie Polski. Musimy przyj\u0105\u0107 za\u0142o\u017cenie, \u017ce re\u017cim W\u0142adimira Putina b\u0119dzie stara\u0142 si\u0119 likwidowa\u0107 ludzi niewygodnych. Dlatego nasze dzia\u0142ania b\u0119d\u0105 bardzo intensywne \u2014 zazanczy\u0142 premier.<\/p>\n<p>Donald Tusk o odej\u015bciu Macieja Berka z rz\u0105du<\/p>\n<p>Szef rz\u0105du zabra\u0142 tak\u017ce g\u0142os na temat odej\u015bcia z rz\u0105du Macieja Berka. Donald Tusk poinformowa\u0142, \u017ce zostanie zg\u0142oszony jako kandydat na s\u0119dziego Trybuna\u0142u Konstytucyjnego. \u2014 Ze swojej apolityczno\u015bci uczyni\u0142 znak rozpoznawczy. Nie ma nic wsp\u00f3lnego z parti\u0105, jest pa\u0144stwowcem z krwi i ko\u015bci. [&#8230;] Potrafi\u0142 si\u0119 ze mn\u0105 spiera\u0107 i zgodno\u015b\u0107 z Konstytucj\u0105 by\u0142a dla niego rzecz\u0105 najwa\u017cniejsz\u0105 \u2014 zaznaczy\u0142.<\/p>\n<p>\u2014 Nie znam osoby lepiej przygotowanej, by pom\u00f3c naprawi\u0107 sytuacj\u0119 w zwi\u0105zku z Trybuna\u0142em Konstytucyjnym.<\/p>\n<p>Donald Tusk zwo\u0142uje narad\u0119. W tle napi\u0119cie w koalicji<img class=\"ods-a-photo ods-a-photo--background\" src=\"https:\/\/www.europesays.com\/pl\/wp-content\/uploads\/2026\/08\/Hbok9lGaHR0cHM6Ly9vY2RuLmV1L3B1bHNjbXMvTURBXy85NzI1Y2MzMi1lM2VhLTRlNzItOWEzOC01N2U2YTkyOTQ1ZTIuanBlZ.jpeg\" height=\"299\" width=\"450\" alt=\"Donald Tusk\" loading=\"lazy\" fetchpriority=\"low\" decoding=\"async\"\/><\/p>\n<p>\u2014 Tak, ma &#8222;wad\u0119&#8221;, \u017ce by\u0142 ministrem w rz\u0105dzie. Tak, by\u0142a ustawa, kt\u00f3ra przepad\u0142a z powodu weta poprzedniego prezydenta, \u017ceby nie by\u0142o \u015blad\u00f3w polityki w Trybunale Konstytucyjnym. Ja nie zmieni\u0142em pogl\u0105d\u00f3w, ale nie mog\u0119 d\u0142u\u017cej na to patrze\u0107 \u2014 doda\u0142.<\/p>\n<p>Donald Tusk stwierdzi\u0142, \u017ce &#8222;bierze na siebie odpowiedzialno\u015b\u0107 za to, \u017ce niekt\u00f3rzy mog\u0105 czu\u0107 si\u0119 rozczarowani&#8221;. \u2014 Przecie\u017c by\u0142ych ministr\u00f3w mia\u0142o nie by\u0107 [w TK]. Ja rozumiem t\u0119 zasad\u0119, sam jestem co do niej przekonany. To, co jednak najwa\u017cniejsze to praca ludzi maksymalnie kompetentnych \u2014 doda\u0142.<\/p>\n<p>\u2014 Prosz\u0119 bardzo, miejcie do mnie pretensje, ale pom\u00f3\u017ccie nam uzdrowi\u0107 sytuacj\u0119 w Trybunale. Ja si\u0119 nie cofn\u0119, wszystkie razy zbior\u0119. Jestem premierem i bior\u0119 pe\u0142n\u0105 odpowiedzialno\u015b\u0107 za dzia\u0142ania polityczne. W tej konkretnej sprawie nie ulegn\u0119 szanta\u017com i \u0142amaniu prawa, czy to jest pan prezydent, pan prezes TK \u2014 zaznaczy\u0142.<\/p>\n","protected":false},"excerpt":{"rendered":"\u2014 Polacy czekali z ut\u0119sknieniem, je\u017cd\u017c\u0105c po Polsce. Wsp\u00f3lnie z ministrem finans\u00f3w i energii podj\u0119li\u015bmy decyzj\u0119 o przywr\u00f3ceniu&hellip;\n","protected":false},"author":2,"featured_media":622601,"comment_status":"","ping_status":"","sticky":false,"template":"","format":"standard","meta":{"footnotes":"","_share_on_mastodon":"0"},"categories":[62713],"tags":[497,61195,6336,1345,212,49,2065,48,56812,46,47,4057],"class_list":["post-622600","post","type-post","status-publish","format-standard","has-post-thumbnail","category-donald-tusk","tag-benzyna","tag-bottomfeed_styl","tag-ceny_paliw","tag-donald-tusk","tag-donald_tusk","tag-kraj","tag-maciej_berek","tag-nat_styl","tag-newbb_tst0","tag-omp","tag-screening_general","tag-trybunal_konstytucyjny"],"share_on_mastodon":{"url":"https:\/\/pubeurope.com\/@pl\/117095982599946242","error":""},"_links":{"self":[{"href":"https:\/\/www.europesays.com\/pl\/wp-json\/wp\/v2\/posts\/622600","targetHints":{"allow":["GET"]}}],"collection":[{"href":"https:\/\/www.europesays.com\/pl\/wp-json\/wp\/v2\/posts"}],"about":[{"href":"https:\/\/www.europesays.com\/pl\/wp-json\/wp\/v2\/types\/post"}],"author":[{"embeddable":true,"href":"https:\/\/www.europesays.com\/pl\/wp-json\/wp\/v2\/users\/2"}],"replies":[{"embeddable":true,"href":"https:\/\/www.europesays.com\/pl\/wp-json\/wp\/v2\/comments?post=622600"}],"version-history":[{"count":0,"href":"https:\/\/www.europesays.com\/pl\/wp-json\/wp\/v2\/posts\/622600\/revisions"}],"wp:featuredmedia":[{"embeddable":true,"href":"https:\/\/www.europesays.com\/pl\/wp-json\/wp\/v2\/media\/622601"}],"wp:attachment":[{"href":"https:\/\/www.europesays.com\/pl\/wp-json\/wp\/v2\/media?parent=622600"}],"wp:term":[{"taxonomy":"category","embeddable":true,"href":"https:\/\/www.europesays.com\/pl\/wp-json\/wp\/v2\/categories?post=622600"},{"taxonomy":"post_tag","embeddable":true,"href":"https:\/\/www.europesays.com\/pl\/wp-json\/wp\/v2\/tags?post=622600"}],"curies":[{"name":"wp","href":"https:\/\/api.w.org\/{rel}","templated":true}]}}