{"id":622604,"date":"2026-08-14T21:31:16","date_gmt":"2026-08-14T21:31:16","guid":{"rendered":"https:\/\/www.europesays.com\/pl\/622604\/"},"modified":"2026-08-14T21:31:16","modified_gmt":"2026-08-14T21:31:16","slug":"kamil-majchrzak-az-zniszczyl-rakiete-wybuch-na-korcie-blyskawiczny-koniec","status":"publish","type":"post","link":"https:\/\/www.europesays.com\/pl\/622604\/","title":{"rendered":"Kamil Majchrzak a\u017c zniszczy\u0142 rakiet\u0119. Wybuch na korcie, b\u0142yskawiczny koniec"},"content":{"rendered":"<p>Po zmaganiach w Montrealu najlepsi zawodnicy na \u015bwiecie przenie\u015bli si\u0119 do Stan\u00f3w Zjednoczonych. W Cincinnati rozpocz\u0105\u0142 si\u0119 ju\u017c turniej ATP Masters 1000, kt\u00f3ry dla wielu graczy jest pr\u00f3b\u0105 generaln\u0105 przed ostatnim szlemem w tym sezonie \u2014 US Open.<\/p>\n<p>Dalszy ci\u0105g artyku\u0142u pod materia\u0142em wideo<\/p>\n<p>Kamil Majchrzak w 1. rundzie turnieju mierzy\u0142 si\u0119 z Christopherem O&#8217;Connellem i przed meczem by\u0142 faworytem tego pojedynku. Jednak w praktyce Polak w ostatnich tygodniach nie by\u0142 w najlepszej dyspozycji. Z Wimbledonem po\u017cegna\u0142 si\u0119 ju\u017c w 2. rundzie, a w Montrealu odpad\u0142 ju\u017c na starcie, przegrywaj\u0105c do\u015b\u0107 niespodziewanie z Gaelem Monfilsem.<\/p>\n<p>Pocz\u0105tkowo obaj zawodnicy pilnowali gem\u00f3w przy w\u0142asnym serwisie, co wi\u0119cej \u2014 zar\u00f3wno jeden, jak i drugi \u2014 wygrywali je bardzo pewnie. Majchrzak pierwszy kryzys mia\u0142 w pi\u0105tym gemie, kiedy to Australijczyk zdo\u0142a\u0142 go prze\u0142ama\u0107.<\/p>\n<p>Jak si\u0119 p\u00f3\u017aniej okaza\u0142o, chwila s\u0142abo\u015bci Polaka wystarczy\u0142a, by Australijczyk wygra\u0142 pierwsz\u0105 parti\u0119. Nie przysz\u0142o mu to jednak \u0142atwo. Przed tym, jak wykorzysta\u0142 dopiero pi\u0105t\u0105 pi\u0142k\u0119 setow\u0105, a\u017c trzykrotnie musia\u0142 broni\u0107 break point\u00f3w Majchrzaka, u kt\u00f3rego zacz\u0119\u0142y puszcza\u0107 nerwy. Po jednej z nieudanych akcji reprezentant Polski rzuci\u0142 rakiet\u0105.<\/p>\n<p>Zryw Majchrzaka nie wystarczy\u0142<\/p>\n<p>To nie by\u0142 koniec problem\u00f3w Polaka. Majchrzak po dobrym pocz\u0105tku drugiej partii ponownie w pi\u0105tym gemie mia\u0142 kryzys. Zacz\u0105\u0142 pope\u0142nia\u0107 proste b\u0142\u0119dy, kt\u00f3re sprawi\u0142y, \u017ce O&#8217;Connell prze\u0142ama\u0142 30-latka. Co gorsze, Australijczyk nie musia\u0142 zrobi\u0107 wiele, \u017ceby zyska\u0107 t\u0119 przewag\u0119.<\/p>\n<p>Majchrzak by\u0142 ju\u017c o krok od pora\u017cki, kiedy w decyduj\u0105cym gemie prze\u0142ama\u0142 Australijczyka. Dosz\u0142o do tie-breaka, w kt\u00f3rym lepszy okaza\u0142 si\u0119 O&#8217;Connell. Polak ma czego \u017ca\u0142owa\u0107, bo w prowadzi\u0142 ju\u017c 5:2 i mia\u0142 przed sob\u0105 dwa podania. To jednak nie wystarczy\u0142o na dobrze dysponowanego Australijczyka, kt\u00f3ry odwr\u00f3ci\u0142 losy tie-breaka i w dw\u00f3ch setach zamkn\u0105\u0142 spotkanie.<\/p>\n<p>Dla Majchrzaka to ju\u017c druga pora\u017cka w 1. rundzie &#8222;tysi\u0119cznika&#8221;. S\u0142aba forma mo\u017ce martwi\u0107, bo ju\u017c za kilkana\u015bcie dni w Nowym Jorku rusza ostatni w tym sezonie turniej wielkoszlemowy US Open.<\/p>\n","protected":false},"excerpt":{"rendered":"Po zmaganiach w Montrealu najlepsi zawodnicy na \u015bwiecie przenie\u015bli si\u0119 do Stan\u00f3w Zjednoczonych. W Cincinnati rozpocz\u0105\u0142 si\u0119 ju\u017c&hellip;\n","protected":false},"author":2,"featured_media":622605,"comment_status":"","ping_status":"","sticky":false,"template":"","format":"standard","meta":{"footnotes":"","_share_on_mastodon":"0"},"categories":[52122],"tags":[2080,61195,8272,48,46,6010,752,42,38,40,39,41,47,156,130],"class_list":["post-622604","post","type-post","status-publish","format-standard","has-post-thumbnail","category-pko-bank-polski","tag-atp","tag-bottomfeed_styl","tag-kamil_majchrzak","tag-nat_styl","tag-omp","tag-pko-bank-polski","tag-pko-bp","tag-pl","tag-poland","tag-polish","tag-polska","tag-polski","tag-screening_general","tag-tenis","tag-wiadomosci_sportowe"],"share_on_mastodon":{"url":"https:\/\/pubeurope.com\/@pl\/117096001422505145","error":""},"_links":{"self":[{"href":"https:\/\/www.europesays.com\/pl\/wp-json\/wp\/v2\/posts\/622604","targetHints":{"allow":["GET"]}}],"collection":[{"href":"https:\/\/www.europesays.com\/pl\/wp-json\/wp\/v2\/posts"}],"about":[{"href":"https:\/\/www.europesays.com\/pl\/wp-json\/wp\/v2\/types\/post"}],"author":[{"embeddable":true,"href":"https:\/\/www.europesays.com\/pl\/wp-json\/wp\/v2\/users\/2"}],"replies":[{"embeddable":true,"href":"https:\/\/www.europesays.com\/pl\/wp-json\/wp\/v2\/comments?post=622604"}],"version-history":[{"count":0,"href":"https:\/\/www.europesays.com\/pl\/wp-json\/wp\/v2\/posts\/622604\/revisions"}],"wp:featuredmedia":[{"embeddable":true,"href":"https:\/\/www.europesays.com\/pl\/wp-json\/wp\/v2\/media\/622605"}],"wp:attachment":[{"href":"https:\/\/www.europesays.com\/pl\/wp-json\/wp\/v2\/media?parent=622604"}],"wp:term":[{"taxonomy":"category","embeddable":true,"href":"https:\/\/www.europesays.com\/pl\/wp-json\/wp\/v2\/categories?post=622604"},{"taxonomy":"post_tag","embeddable":true,"href":"https:\/\/www.europesays.com\/pl\/wp-json\/wp\/v2\/tags?post=622604"}],"curies":[{"name":"wp","href":"https:\/\/api.w.org\/{rel}","templated":true}]}}