{"id":622636,"date":"2026-08-14T21:49:12","date_gmt":"2026-08-14T21:49:12","guid":{"rendered":"https:\/\/www.europesays.com\/pl\/622636\/"},"modified":"2026-08-14T21:49:12","modified_gmt":"2026-08-14T21:49:12","slug":"w-samolocie-ryanaira-bylo-jak-w-saunie-pasazerowie-mdleli-i-wymiotowali","status":"publish","type":"post","link":"https:\/\/www.europesays.com\/pl\/622636\/","title":{"rendered":"W samolocie Ryanaira by\u0142o jak w saunie. Pasa\u017cerowie mdleli i wymiotowali"},"content":{"rendered":"<p>Do zdarzenia dosz\u0142o podczas poniedzia\u0142kowego lotu FR7268 z Malty do Birmingham w Wielkiej Brytanii. Problemy zacz\u0119\u0142y si\u0119 jeszcze przed wej\u015bciem na pok\u0142ad. Jak relacjonuje 16-letnia pasa\u017cerka Eva Gregory, cytowana przez &#8222;New York Post&#8221;, podr\u00f3\u017cni przez oko\u0142o godzin\u0119 czekali w dw\u00f3ch s\u0142abo wentylowanych autobusach. Gdy w ko\u0144cu weszli do samolotu, sytuacja wcale si\u0119 nie poprawi\u0142a.<\/p>\n<p>Dalszy ci\u0105g artyku\u0142u pod materia\u0142em wideo<\/p>\n<p>Wed\u0142ug relacji pasa\u017cer\u00f3w wewn\u0105trz maszyny panowa\u0142a bardzo wysoka temperatura, a brak odpowiedniej wentylacji sprawia\u0142, \u017ce powietrze by\u0142o niemal nie do zniesienia. \u2014 Kiedy weszli\u015bmy na pok\u0142ad, od razu by\u0142o wida\u0107, \u017ce klimatyzacja nie dzia\u0142a \u2014 m\u00f3wi.<\/p>\n<p>Panuj\u0105cy na pok\u0142adzie upa\u0142 by\u0142 tak dotkliwy, \u017ce niekt\u00f3rzy zacz\u0119li zdejmowa\u0107 ubrania. \u2014 Ludzie zdejmowali bluzki z powodu upa\u0142u \u2014 m\u00f3wi Eva Gregory. Inni podr\u00f3\u017cni zacz\u0119li mie\u0107 ataki paniki, \u017ale si\u0119 czuli, wymiotowali, a niekt\u00f3rzy tracili przytomno\u015b\u0107.<\/p>\n<p>Pasa\u017cerowie przez ponad godzin\u0119 byli zmuszeni przebywa\u0107 w takich warunkach. Dopiero po oderwaniu si\u0119 samolotu od ziemi system zosta\u0142 uruchomiony i pasa\u017cerowie mogli odetchn\u0105\u0107. Lot ostatecznie wystartowa\u0142 z oko\u0142o 90-minutowym op\u00f3\u017anieniem.<\/p>\n<p>Przedstawiciele Ryanaira przekazali &#8222;New York Post&#8221;, \u017ce lot &#8222;zosta\u0142 op\u00f3\u017aniony jeszcze przed odlotem z powodu drobnej usterki technicznej samolotu, a nast\u0119pnie dosz\u0142o do kolejnego op\u00f3\u017anienia, gdy jeden z pasa\u017cer\u00f3w \u017ale si\u0119 poczu\u0142 na pok\u0142adzie&#8221;.<\/p>\n<p><img class=\"ods-a-photo ods-a-photo--background\" src=\"https:\/\/www.europesays.com\/pl\/wp-content\/uploads\/2026\/08\/TItk9lBaHR0cHM6Ly9vY2RuLmV1L3B1bHNjbXMvTURBXy9lOWZiNGIwZTI2MmZiMjY3NTI2ZDg3NTVlMmM5NzM4OC5qcGeRlQLNA.jpeg\" height=\"253\" width=\"450\" alt=\"Pojecha\u0142am poci\u0105giem do Chorwacji. O p\u00f3\u0142nocy mog\u0142am wycisn\u0105\u0107 pi\u017cam\u0119\" loading=\"lazy\" fetchpriority=\"low\" decoding=\"async\"\/><\/p>\n<p>\u2014 Po przeprowadzeniu inspekcji samolotu przez in\u017cynier\u00f3w samolot otrzyma\u0142 zgod\u0119 na lot i wystartowa\u0142 z Malty o godzinie 19.00 czasu lokalnego \u2014 powiedzia\u0142 rzecznik Ryanair, cytowany przez &#8222;New York Post&#8221;.<\/p>\n<p>\u0179r\u00f3d\u0142o: New York Post<\/p>\n","protected":false},"excerpt":{"rendered":"Do zdarzenia dosz\u0142o podczas poniedzia\u0142kowego lotu FR7268 z Malty do Birmingham w Wielkiej Brytanii. Problemy zacz\u0119\u0142y si\u0119 jeszcze&hellip;\n","protected":false},"author":2,"featured_media":622637,"comment_status":"","ping_status":"","sticky":false,"template":"","format":"standard","meta":{"footnotes":"","_share_on_mastodon":"0"},"categories":[16],"tags":[210,113,61195,112,48,46,42,38,40,39,41,7941,2683,47,723],"class_list":["post-622636","post","type-post","status-publish","format-standard","has-post-thumbnail","category-biznes","tag-aktualnosci","tag-biznes","tag-bottomfeed_styl","tag-business","tag-nat_styl","tag-omp","tag-pl","tag-poland","tag-polish","tag-polska","tag-polski","tag-ryanair","tag-samoloty_lotnictwo_ruch_lotniczy","tag-screening_general","tag-turysci"],"share_on_mastodon":{"url":"https:\/\/pubeurope.com\/@pl\/117096072260449424","error":""},"_links":{"self":[{"href":"https:\/\/www.europesays.com\/pl\/wp-json\/wp\/v2\/posts\/622636","targetHints":{"allow":["GET"]}}],"collection":[{"href":"https:\/\/www.europesays.com\/pl\/wp-json\/wp\/v2\/posts"}],"about":[{"href":"https:\/\/www.europesays.com\/pl\/wp-json\/wp\/v2\/types\/post"}],"author":[{"embeddable":true,"href":"https:\/\/www.europesays.com\/pl\/wp-json\/wp\/v2\/users\/2"}],"replies":[{"embeddable":true,"href":"https:\/\/www.europesays.com\/pl\/wp-json\/wp\/v2\/comments?post=622636"}],"version-history":[{"count":0,"href":"https:\/\/www.europesays.com\/pl\/wp-json\/wp\/v2\/posts\/622636\/revisions"}],"wp:featuredmedia":[{"embeddable":true,"href":"https:\/\/www.europesays.com\/pl\/wp-json\/wp\/v2\/media\/622637"}],"wp:attachment":[{"href":"https:\/\/www.europesays.com\/pl\/wp-json\/wp\/v2\/media?parent=622636"}],"wp:term":[{"taxonomy":"category","embeddable":true,"href":"https:\/\/www.europesays.com\/pl\/wp-json\/wp\/v2\/categories?post=622636"},{"taxonomy":"post_tag","embeddable":true,"href":"https:\/\/www.europesays.com\/pl\/wp-json\/wp\/v2\/tags?post=622636"}],"curies":[{"name":"wp","href":"https:\/\/api.w.org\/{rel}","templated":true}]}}