{"id":622688,"date":"2026-08-14T22:22:14","date_gmt":"2026-08-14T22:22:14","guid":{"rendered":"https:\/\/www.europesays.com\/pl\/622688\/"},"modified":"2026-08-14T22:22:14","modified_gmt":"2026-08-14T22:22:14","slug":"rafal-maserak-w-blondzie-elzbieta-romanowska-niczym-panna-mloda-gwiazdy-olsnily-na-festiwalu-w-mragowie-plejada","status":"publish","type":"post","link":"https:\/\/www.europesays.com\/pl\/622688\/","title":{"rendered":"Rafa\u0142 Maserak w blondzie, El\u017cbieta Romanowska niczym panna m\u0142oda. Gwiazdy ol\u015bni\u0142y na festiwalu w Mr\u0105gowie &#8211; Plejada"},"content":{"rendered":"<ol>\n<li><a href=\"https:\/\/news.google.com\/rss\/articles\/CBMitwFBVV95cUxPdE9nSy1MdWF0ZDBDNV84b04ySVJjc2RCdkdQb3hHZ1daQ1VEOGdNZ1ZpaFgwQUJFSDVMdDJkdTM5ZFBsU3F0SzV5X0t6cDJTTlJaelpQYlgwbk1FckNlaEZRUmdWMml5VGRQMS02Ml95ZkJlTklYMEs0R2dtSTZ4ZVdjVkw5VUZSWGZfYXZUZy0zejcwT3ZvUGNrTUkxZDJWekE5WEdDYnlfejUydEVQQmNIRmJiSDQ?oc=5\" target=\"_blank\" rel=\"nofollow noopener\">Rafa\u0142 Maserak w blondzie, El\u017cbieta Romanowska niczym panna m\u0142oda. Gwiazdy ol\u015bni\u0142y na festiwalu w Mr\u0105gowie<\/a>&nbsp;&nbsp;Plejada<\/li>\n<li><a href=\"https:\/\/news.google.com\/rss\/articles\/CBMirAFBVV95cUxPY1pab0ZvSWZUUEV2N0x6WFVEVXR2UnBRNklGVDZjemo1VWFZSWsxZUlzUjBSVmZjQTg1Y08zdUdMZFd5b2g5WnI2Q2JnYjFjekNiek1fY3VwRHF6dDR5X0JDVl9faU1faXRZbkhrTUZNa2RpeUxMNlU0NmJWTVlyYkpaZWc2RmgyeUpwVjJnTkdIaGVudmFjUWlkWmF3YlZSekJxbVN1OXhBSjdt?oc=5\" target=\"_blank\" rel=\"nofollow noopener\">To najwi\u0119ksze wesele w Polsce! Co wydarzy\u0142o si\u0119 w Mr\u0105gowie? [RELACJA]<\/a>&nbsp;&nbsp;Interia Muzyka<\/li>\n<li><a href=\"https:\/\/news.google.com\/rss\/articles\/CBMi1gFBVV95cUxOLTU0MkpHWkJJME1GOGppdlhELUx0U28xOE5hQ2VJX2lNSmt6WUFvd3ROenJLQ2VKcVBVQkJIVGZuNEExbXJTbnR2VkhFeDk5RGZMVHNfeGtBbkcyaEdaTGxlaUo1TXVkYTRWdTMyNkZHSllsLW5mT1RzODZVM09YTTBpOUZsaVRSdGdwQ2tOOUgtTE9kb0l0eENaV1hfSWFjOThxdk9RUDQxbFFSVkdHck81VlI4c0U0MW1oaGZsQzFnQktMTmtDekIta1ZLOWU2MTFVTlp3?oc=5\" target=\"_blank\" rel=\"nofollow noopener\">Rafa\u0142 Maserak w blondzie, El\u017cbieta Romanowska jak panna m\u0142oda. Gwiazdy zameldowa\u0142y si\u0119 w Mr\u0105gowie<\/a>&nbsp;&nbsp;Onet<\/li>\n<li><a href=\"https:\/\/news.google.com\/rss\/articles\/CBMinwFBVV95cUxNeC11cXB0dEhTMkpROWhPOE1QWFdIb1hKMzZ5T1Y3QlhPdWpsSmRnc2N1aFlaWGpmdklxcmM5N09PQ1Nhc1dJZHBPZ1lJOHhHZzY5NVV6Y3EwN3RnQmlra1ZSZXlzVU5WdFVTMnNSdFJKZi1xWnNiWHdpc2ZiXzJYXzFweG1LYl83WnpsUDY0VjlYTUkwSFItUmQzYWxTaG8?oc=5\" target=\"_blank\" rel=\"nofollow noopener\">Festiwal Weselnych Przeboj\u00f3w 2026: Kiedy, kto wyst\u0105pi, arty\u015bci, program<\/a>&nbsp;&nbsp;Polsat.pl<\/li>\n<li><a href=\"https:\/\/news.google.com\/rss\/articles\/CBMirAFBVV95cUxPZ3FFcWZSRi1INXdhTkRRTjFNbUtsWF83cllPVGpfY1R1X3FNYjBpV0J4cGxsQWljR0k3MHJkN2ExaFVreGVlMnZPc1l6Um9rQThWTkZDODlSMDYyZkZRdmZ4MFpySThwb1ZjSndLTzZDbU5WeFhwYmY2dHlpV0RnU3BqTnc5eVNOeUVoVGJMVGFJYTdVLWNReS1lc1ZUVm9fQWNfSzEwZi14WW5w?oc=5\" target=\"_blank\" rel=\"nofollow noopener\">Festiwal piosenki weselnej w Mr\u0105gowie 2026. Jubileuszowa edycja na \u017cywo w TV<\/a>&nbsp;&nbsp;Pilot WP<\/li>\n<\/ol>\n","protected":false},"excerpt":{"rendered":"Rafa\u0142 Maserak w blondzie, El\u017cbieta Romanowska niczym panna m\u0142oda. Gwiazdy ol\u015bni\u0142y na festiwalu w Mr\u0105gowie&nbsp;&nbsp;Plejada To najwi\u0119ksze wesele&hellip;\n","protected":false},"author":2,"featured_media":622689,"comment_status":"","ping_status":"","sticky":false,"template":"","format":"standard","meta":{"footnotes":"","_share_on_mastodon":"0"},"categories":[5],"tags":[61195,122796,32,33,2249,36,37,122797,27,4613,1741,34,35,15033,25445,28,31,48,25,125,46,122795,42,38,40,39,41,3557,47,29,30,26,6567],"class_list":["post-622688","post","type-post","status-publish","format-standard","has-post-thumbnail","category-naglowki","tag-bottomfeed_styl","tag-boys_zespol","tag-breaking-news","tag-breakingnews","tag-elzbieta_romanowska","tag-featured-news","tag-featurednews","tag-festiwal_weselnych_przebojow","tag-headlines","tag-ilona_krawczynska","tag-kayah","tag-latest-news","tag-latestnews","tag-magdalena_narozna","tag-mragowo","tag-naglowki","tag-najwazniejsze-artykuly","tag-nat_styl","tag-news","tag-newsy","tag-omp","tag-piotr_gumulec","tag-pl","tag-poland","tag-polish","tag-polska","tag-polski","tag-rafal_maserak","tag-screening_general","tag-top-stories","tag-topstories","tag-wiadomosci","tag-zenek_martyniuk"],"share_on_mastodon":{"url":"","error":"Validation failed: Text character limit of 500 exceeded"},"_links":{"self":[{"href":"https:\/\/www.europesays.com\/pl\/wp-json\/wp\/v2\/posts\/622688","targetHints":{"allow":["GET"]}}],"collection":[{"href":"https:\/\/www.europesays.com\/pl\/wp-json\/wp\/v2\/posts"}],"about":[{"href":"https:\/\/www.europesays.com\/pl\/wp-json\/wp\/v2\/types\/post"}],"author":[{"embeddable":true,"href":"https:\/\/www.europesays.com\/pl\/wp-json\/wp\/v2\/users\/2"}],"replies":[{"embeddable":true,"href":"https:\/\/www.europesays.com\/pl\/wp-json\/wp\/v2\/comments?post=622688"}],"version-history":[{"count":0,"href":"https:\/\/www.europesays.com\/pl\/wp-json\/wp\/v2\/posts\/622688\/revisions"}],"wp:featuredmedia":[{"embeddable":true,"href":"https:\/\/www.europesays.com\/pl\/wp-json\/wp\/v2\/media\/622689"}],"wp:attachment":[{"href":"https:\/\/www.europesays.com\/pl\/wp-json\/wp\/v2\/media?parent=622688"}],"wp:term":[{"taxonomy":"category","embeddable":true,"href":"https:\/\/www.europesays.com\/pl\/wp-json\/wp\/v2\/categories?post=622688"},{"taxonomy":"post_tag","embeddable":true,"href":"https:\/\/www.europesays.com\/pl\/wp-json\/wp\/v2\/tags?post=622688"}],"curies":[{"name":"wp","href":"https:\/\/api.w.org\/{rel}","templated":true}]}}