{"id":622706,"date":"2026-08-14T22:42:29","date_gmt":"2026-08-14T22:42:29","guid":{"rendered":"https:\/\/www.europesays.com\/pl\/622706\/"},"modified":"2026-08-14T22:42:29","modified_gmt":"2026-08-14T22:42:29","slug":"reprezentantka-niemiec-zagra-we-wroclawiu-2","status":"publish","type":"post","link":"https:\/\/www.europesays.com\/pl\/622706\/","title":{"rendered":"Reprezentantka Niemiec zagra we Wroc\u0142awiu"},"content":{"rendered":"<p>Antonia Stautz najbli\u017cszy sezon sp\u0119dzi we Wroc\u0142awiu.<\/p>\n<p>fot. mat. prasowe Volley Wroc\u0142aw<\/p>\n<p>Now\u0105 siatkark\u0105 Volleya Wroc\u0142aw zosta\u0142a niemiecka przyjmuj\u0105ca Antonia Stautz.<\/p>\n<p style=\"text-align: justify;\">Antonia Stautz to niezwykle do\u015bwiadczona w Bundeslidze przyjmuj\u0105ca, kt\u00f3ra ma na swoim koncie liczne medale i trofea. Wygra\u0142a Superpuchar Niemiec (24\/25), czterokrotnie si\u0119ga\u0142a po br\u0105zowy medal Bundesligi i trzykrotnie by\u0142a srebrn\u0105 medalistk\u0105 Pucharu Niemiec. Z reprezentacj\u0105 narodow\u0105 gra\u0142a w mistrzostwach Europy oraz\u00a0 mistrzostwach \u015bwiata.<\/p>\n<p style=\"text-align: justify;\">Po udanych sezonach w barwach SC Potsdam czy Allianz MTV Stuttgart przyszed\u0142 czas na nowy etap w jej karierze &#8211; wyjazd z Niemiec i debiut na polskich parkietach w barwach Volleya Wroc\u0142aw.<\/p>\n","protected":false},"excerpt":{"rendered":"Antonia Stautz najbli\u017cszy sezon sp\u0119dzi we Wroc\u0142awiu. fot. mat. prasowe Volley Wroc\u0142aw Now\u0105 siatkark\u0105 Volleya Wroc\u0142aw zosta\u0142a niemiecka&hellip;\n","protected":false},"author":2,"featured_media":622707,"comment_status":"","ping_status":"","sticky":false,"template":"","format":"standard","meta":{"footnotes":"","_share_on_mastodon":"0"},"categories":[51607],"tags":[45692,42,38,40,39,41,34653,55110,1853,55111,53098],"class_list":["post-622706","post","type-post","status-publish","format-standard","has-post-thumbnail","category-wroclaw","tag-niemiec","tag-pl","tag-poland","tag-polish","tag-polska","tag-polski","tag-reprezentantka","tag-we","tag-wroclaw","tag-wroclawiu","tag-zagra"],"share_on_mastodon":{"url":"https:\/\/pubeurope.com\/@pl\/117096280454514721","error":""},"_links":{"self":[{"href":"https:\/\/www.europesays.com\/pl\/wp-json\/wp\/v2\/posts\/622706","targetHints":{"allow":["GET"]}}],"collection":[{"href":"https:\/\/www.europesays.com\/pl\/wp-json\/wp\/v2\/posts"}],"about":[{"href":"https:\/\/www.europesays.com\/pl\/wp-json\/wp\/v2\/types\/post"}],"author":[{"embeddable":true,"href":"https:\/\/www.europesays.com\/pl\/wp-json\/wp\/v2\/users\/2"}],"replies":[{"embeddable":true,"href":"https:\/\/www.europesays.com\/pl\/wp-json\/wp\/v2\/comments?post=622706"}],"version-history":[{"count":0,"href":"https:\/\/www.europesays.com\/pl\/wp-json\/wp\/v2\/posts\/622706\/revisions"}],"wp:featuredmedia":[{"embeddable":true,"href":"https:\/\/www.europesays.com\/pl\/wp-json\/wp\/v2\/media\/622707"}],"wp:attachment":[{"href":"https:\/\/www.europesays.com\/pl\/wp-json\/wp\/v2\/media?parent=622706"}],"wp:term":[{"taxonomy":"category","embeddable":true,"href":"https:\/\/www.europesays.com\/pl\/wp-json\/wp\/v2\/categories?post=622706"},{"taxonomy":"post_tag","embeddable":true,"href":"https:\/\/www.europesays.com\/pl\/wp-json\/wp\/v2\/tags?post=622706"}],"curies":[{"name":"wp","href":"https:\/\/api.w.org\/{rel}","templated":true}]}}