{"id":62289,"date":"2025-10-22T11:13:15","date_gmt":"2025-10-22T11:13:15","guid":{"rendered":"https:\/\/www.europesays.com\/pl\/62289\/"},"modified":"2025-10-22T11:13:15","modified_gmt":"2025-10-22T11:13:15","slug":"jak-lider-polskich-neonazistow-zostal-narkotykowym-hurtownikiem","status":"publish","type":"post","link":"https:\/\/www.europesays.com\/pl\/62289\/","title":{"rendered":"jak lider polskich neonazist\u00f3w zosta\u0142 narkotykowym hurtownikiem"},"content":{"rendered":"<p>Historia Krzysztofa S. mog\u0142aby pos\u0142u\u017cy\u0107 za fabu\u0142\u0119 filmu gangsterskiego. S\u0105 w niej mi\u0119dzynarodowi przemytnicy, znani i s\u0142yn\u0105cy z brutalno\u015bci kibole, a tak\u017ce lokalni wielbiciele Adolfa Hitlera. Wszystkich po\u0142\u0105czy\u0142y narkotyki i mi\u0142o\u015b\u0107 do ogromnych pieni\u0119dzy.<\/p>\n<p>Inaczej jednak, ni\u017c w filmach tego typu, obowi\u0105zuj\u0105ce w tym \u015bwiecie zasady omerty, kategoryczny zakaz wsp\u00f3\u0142pracy z organami \u015bcigania i dewiza &#8222;jak ci\u0119 z\u0142api\u0105 za r\u0119k\u0119, to m\u00f3w, \u017ce to nie twoja r\u0119ka&#8221;, to dla uczestnik\u00f3w tej opowie\u015bci nic wi\u0119cej jak wytarte slogany. Kiedy na trop grupy &#8222;S\u0142owika&#8221; wpadli \u015bledczy, jej struktura run\u0119\u0142a niczym domek z kart. A kolejni z zatrzymanych, jeden po drugim, zacz\u0119li sypa\u0107, licz\u0105c na nadzwyczajne z\u0142agodzenie czekaj\u0105cej ich wieloletniej odsiadki. Inni, licz\u0105c r\u00f3wnie\u017c na ni\u017csze wyroki, wyra\u017caj\u0105 gotowo\u015b\u0107 dobrowolnego poddania si\u0119 karze.<\/p>\n<p class=\"ods-c-paragraph \">43-letni &#8222;S\u0142owik&#8221;, pot\u0119\u017cnie zbudowany by\u0142y kulturysta z Bielawy na Dolnym \u015al\u0105sku, to posta\u0107 doskonale znana policji i prokuraturze. W przesz\u0142o\u015bci karany by\u0142 ju\u017c za publiczne g\u0142oszenie i gloryfikowanie faszystowskiego ustroju pa\u0144stwa oraz wzywanie do przemocy na tle rasowym i narodowo\u015bciowym.<\/p>\n<p class=\"ods-c-paragraph \">Kolejna sprawa, w kt\u00f3rej oskar\u017cony jest o podobne przewiny, toczy si\u0119 w\u0142a\u015bnie w s\u0105dzie i jest <a href=\"https:\/\/wiadomosci.onet.pl\/wroclaw\/wielka-akcja-abw-w-dzierzoniowie-rmf-fm-chodzi-o-neofaszystow\/7dbrr84\" id=\"18bab74f-fab5-47fa-87f5-3d78a751d0c8\" rel=\"nofollow noopener\" target=\"_blank\">efektem spektakularnej akcji Agencji Bezpiecze\u0144stwa Wewn\u0119trznego, do jakiej dosz\u0142o w 2018 r.<\/a> w s\u0105siaduj\u0105cym z Bielaw\u0105 Dzier\u017coniowie, w kt\u00f3rym m\u0119\u017cczyzna planowa\u0142 zorganizowa\u0107 koncert z okazji 129. urodzin Adolfa Hitlera.<\/p>\n<p><img decoding=\"async\" src=\"https:\/\/www.europesays.com\/pl\/wp-content\/uploads\/2025\/10\/FISk9lBaHR0cHM6Ly9vY2RuLmV1L3B1bHNjbXMvTURBXy84NDk3ZDc4OTI5M2Q1YTFlODEyNzQ2ZGZhYTkwMmViNS5wbmeSlQMAA.jpeg\" height=\"752\" width=\"940\" alt=\"Od lewej Krzysztof S., pseud. &quot;S\u0142owik&quot;, wokalista rosyjskiego neonazistowskiego zespo\u0142u Velimor Alexey M. i Marek B. z Wroc\u0142awia podaczas jednego z koncert\u00f3w\" loading=\"lazy\" class=\"ods-c-image__img ods-c-image__img--viewport-width\"\/><\/p>\n<p>Od lewej Krzysztof S., pseud. &#8222;S\u0142owik&#8221;, wokalista rosyjskiego neonazistowskiego zespo\u0142u Velimor Alexey M. i Marek B. z Wroc\u0142awia podaczas jednego z koncert\u00f3warchiwum w\u0142asne autora \/ Onet<\/p>\n<p class=\"ods-c-paragraph \">Aby uniemo\u017cliwi\u0107 organizacj\u0119 imprezy, w kt\u00f3rej mia\u0142a uczestniczy\u0107 znaczna grupa wytatuowanych zadeklarowanych nazist\u00f3w, u\u017cyto policyjnego \u015bmig\u0142owca. Przy okazji wy\u0142\u0105czono z ruchu ca\u0142y kwarta\u0142 miasteczka.<\/p>\n<p class=\"ods-c-paragraph \">Takich koncert\u00f3w Krzysztof S. zorganizowa\u0142 co najmniej kilkana\u015bcie.<\/p>\n<p class=\"ods-c-paragraph \"><a href=\"https:\/\/wiadomosci.onet.pl\/tylko-w-onecie\/wiemy-za-co-zostal-zatrzymany-gangster-olo-ktorego-zna-karol-nawrocki\/rj6fnl3\" id=\"b8f6d212-b836-431d-a51a-04bb8bab41d8\" rel=\"nofollow noopener\" target=\"_blank\">Go\u015bciem na nich bywa\u0142 <\/a>Olgierd L., pseud.<a href=\"https:\/\/wiadomosci.onet.pl\/tylko-w-onecie\/wiemy-za-co-zostal-zatrzymany-gangster-olo-ktorego-zna-karol-nawrocki\/rj6fnl3\" id=\"1f1f80c3-339d-4a3c-ace7-79e506bc38cc\" rel=\"nofollow noopener\" target=\"_blank\"> &#8222;Olo&#8221;, dobry znajomy prezydenta Karola Nawrockiego, dzi\u015b osadzony w areszcie pod zarzutami udzia\u0142u w zorganizowanej grupie przest\u0119pczej, <\/a>handlu broni\u0105 oraz nak\u0142aniania do pobicia<a href=\"https:\/\/wiadomosci.onet.pl\/tylko-w-onecie\/wiemy-za-co-zostal-zatrzymany-gangster-olo-ktorego-zna-karol-nawrocki\/rj6fnl3\" id=\"7f228c74-7a6f-4e03-8d09-ac30c63ad5c3\" rel=\"nofollow noopener\" target=\"_blank\"> i podpalenia restauracji.<\/a><\/p>\n<p><img decoding=\"async\" src=\"https:\/\/www.europesays.com\/pl\/wp-content\/uploads\/2025\/10\/B8Ok9lCaHR0cHM6Ly9vY2RuLmV1L3B1bHNjbXMvTURBXy8xMmFkZTE5MDkyMGM1YTk5NWE2MmI2YTBiYjEwOTQ4Yy5qcGVnkZUCz.jpeg\" height=\"442\" width=\"720\" alt=\"Olgierd L. w towarzystwie m.in. muzyk\u00f3w zespo\u0142\u00f3w Ob\u0142\u0119d i Odwet na neonazistowskim koncercie organizowanym przez &quot;S\u0142owika&quot; w 2015 r. w Komprachcicach na Opolszczy\u017anie\" loading=\"lazy\" class=\"ods-c-image__img ods-c-image__img--viewport-width\"\/><\/p>\n<p>Olgierd L. w towarzystwie m.in. muzyk\u00f3w zespo\u0142\u00f3w Ob\u0142\u0119d i Odwet na neonazistowskim koncercie organizowanym przez &#8222;S\u0142owika&#8221; w 2015 r. w Komprachcicach na Opolszczy\u017anie\u017br\u00f3d\u0142o: Onet w\u0142asne<\/p>\n<p class=\"ods-c-paragraph \">\u0141aw\u0119 oskar\u017conych dziel\u0105 z Krzysztofem S. inni doskonale znani zwolennicy brunatnego kultu si\u0142y: muzycy zespo\u0142\u00f3w Ob\u0142\u0119d i Odwet regularnie wyst\u0119puj\u0105cych na imprezach &#8222;Blood and Honour&#8221; (nazwa tej faszystowskiej mi\u0119dzynarod\u00f3wki to nic innego jak motto nies\u0142awnej Hitlerjugend), ale r\u00f3wnie\u017c by\u0142y prezes publicznego Radia Gda\u0144sk z czas\u00f3w rz\u0105du Prawa i Sprawiedliwo\u015bci.<\/p>\n<p class=\"ods-c-paragraph \">Cho\u0107 od rozpocz\u0119cia procesu min\u0119\u0142o pi\u0119\u0107 lat, wyrok wci\u0105\u017c nie zosta\u0142 og\u0142oszony.<\/p>\n<p class=\"ods-c-paragraph \">Mimo trwaj\u0105cego procesu, &#8222;S\u0142owik&#8221; i pozostali oskar\u017ceni wci\u0105\u017c anga\u017cuj\u0105 si\u0119 w dzia\u0142ania niezgodne z prawem.<a href=\"https:\/\/wiadomosci.onet.pl\/tylko-w-onecie\/polscy-neonazisci-ucza-sie-strzelac-produkuja-sterydy-i-handluja-narkotykami\/hqp788k\" id=\"22800ffc-d2eb-48ef-8ad3-ac669157855e\" rel=\"nofollow noopener\" target=\"_blank\"> Zeszli co prawda do jeszcze g\u0142\u0119bszego podziemia, bardziej kontroluj\u0105c tre\u015bci publikowane w mediach spo\u0142eczno\u015bciowych, ale wci\u0105\u017c dzia\u0142aj\u0105.<\/a><\/p>\n<p class=\"ods-c-paragraph \">Ob\u0142\u0119d, kt\u00f3ry w czasie, gdy Karol Nawrocki by\u0142 dyrektorem Muzeum II Wojny \u015awiatowej, dosta\u0142 zgod\u0119 na nakr\u0119cenie teledysku na Westerplatte, nagrywa kolejn\u0105 p\u0142yt\u0119 i koncertuje w Polsce oraz za granic\u0105. Ostatnio zesp\u00f3\u0142 &#8222;go\u015bci\u0142&#8221; we W\u0142oszech.<\/p>\n<p><img decoding=\"async\" src=\"https:\/\/www.europesays.com\/pl\/wp-content\/uploads\/2025\/10\/42jk9lBaHR0cHM6Ly9vY2RuLmV1L3B1bHNjbXMvTURBXy8yYjIwMWNkNjMxNGQ0NjVmN2ZiMjU4NzRmNDVlNzU0Yi5qcGeSlQMAA.jpeg\" height=\"387\" width=\"487\" alt=\"Neonazistowski zesp\u00f3\u0142 Ob\u0142\u0119d z Wroc\u0142awia na koncercie we w\u0142oskiej Weronie we wrze\u015bniu br.\" loading=\"lazy\" class=\"ods-c-image__img ods-c-image__img--viewport-width\"\/><\/p>\n<p>Neonazistowski zesp\u00f3\u0142 Ob\u0142\u0119d z Wroc\u0142awia na koncercie we w\u0142oskiej Weronie we wrze\u015bniu br.Facebook \/ Onet<\/p>\n<p class=\"ods-c-paragraph \">A Krzysztof S. rozwija biznesow\u0105 ga\u0142\u0105\u017a swojego bujnego \u017cycia.<\/p>\n<p class=\"ods-c-paragraph \">Od lat prowadzi w Dzier\u017coniowie sklep z od\u017cywkami i suplementami na przyrost masy mi\u0119\u015bniowej. Jak si\u0119 dzi\u015b okazuje, mi\u0142o\u015bnikom muskulatury \u00e0 la Arnold Schwarzenegger sprzedawa\u0142 w nim nie tylko produkty uznanych marek, ale r\u00f3wnie\u017c produkowane przez siebie pok\u0105tnie podr\u00f3bki, mieszane gdzie\u015b w gara\u017cu z p\u00f3\u0142fabrykat\u00f3w sprowadzanych od podejrzanych dostawc\u00f3w z Chin.<\/p>\n<p>   Wpadka na granicy i kibole Cracovii. &#8222;Szafka&#8221; i &#8222;Micz&#8221; sypi\u0105 wsp\u00f3lnik\u00f3w<\/p>\n<p class=\"ods-c-paragraph \">Pocz\u0105tki ko\u0144ca tego rodzaju aktywno\u015bci &#8222;S\u0142owika&#8221; si\u0119gaj\u0105 2017 r. i pozornie niezwi\u0105zanych z ni\u0105 wydarze\u0144, kt\u00f3re na celownik bior\u0105 wydzia\u0142 ds. zwalczania zorganizowanej przest\u0119pczo\u015bci kryminalnej Centralnego Biura \u015aledczego Policji w Krakowie wraz z Karpackim Oddzia\u0142em Stra\u017cy Granicznej.<\/p>\n<p class=\"ods-c-paragraph \">27 lipca 2017 r. na przej\u015bciu granicznym w Zgorzelcu funkcjonariusze SG zatrzymuj\u0105 busa renault, kt\u00f3rym z Niemiec do Polski chc\u0105 wjecha\u0107 Piotr D. i Wojciech D. W jego wn\u0119trzu odkrywaj\u0105 123 kg marihuany.<\/p>\n<p class=\"ods-c-paragraph \">Ju\u017c dzie\u0144 p\u00f3\u017aniej Piotr D. do wszystkiego si\u0119 przyznaje i w zamian za obietnic\u0119 przyznania mu statusu \u015bwiadka koronnego sypie grup\u0119 zajmuj\u0105c\u0105 si\u0119 przemytem. Grup\u0119, kt\u00f3ra jak si\u0119 p\u00f3\u017aniej oka\u017ce, sprowadzi\u0107 mia\u0142a do Polski nawet kilka ton zakazanej prawem marihuany.<\/p>\n<p class=\"ods-c-paragraph \">W Prokuraturze Krajowej zostaje powo\u0142any specjalny zesp\u00f3\u0142 prokurator\u00f3w, nadzorowany przez Europol (Agencja Unii Europejskiej ds. Wsp\u00f3\u0142pracy Organ\u00f3w \u015acigania) i Eurojust \u2014 (Agencja Unii Europejskiej ds. Wsp\u00f3\u0142pracy Wymiar\u00f3w Sprawiedliwo\u015bci w Sprawach Karnych).<\/p>\n<p class=\"ods-c-paragraph \">To w ramach jego dzia\u0142a\u0144 rozbita zostaje zorganizowana grupa przest\u0119pcza dowodzona przez Marka S. pseud. &#8222;Szafka&#8221;, z\u0142o\u017cona g\u0142\u00f3wnie z cz\u0142onk\u00f3w kibolskiej boj\u00f3wki &#8222;Jude Gang&#8221; tworzonej przez pseudokibic\u00f3w Cracovii. W r\u0119ce policji wpada ca\u0142a jej wierchuszka, z Paw\u0142em \u0141. pseud. &#8222;Master&#8221;, \u0141ukaszem S. pseud. &#8222;Kajko&#8221; i Micha\u0142em F. pseud. &#8222;Micz&#8221; na czele.<\/p>\n<p><img decoding=\"async\" src=\"https:\/\/www.europesays.com\/pl\/wp-content\/uploads\/2025\/10\/3nJk9lBaHR0cHM6Ly9vY2RuLmV1L3B1bHNjbXMvTURBXy8wNTRhZjQ5ZTU1MjhjZGFiZTliZjlkOWI0MzgxZmJiNS5wbmeRlQLNB.jpeg\" height=\"653\" width=\"940\" alt=\"Rozbicie gangu &quot;Szafki&quot; przez policjant\u00f3w z CB\u015aP\" loading=\"lazy\" class=\"ods-c-image__img ods-c-image__img--viewport-width\"\/><\/p>\n<p>Rozbicie gangu &#8222;Szafki&#8221; przez policjant\u00f3w z CB\u015aPcbsp.policja.pl<\/p>\n<p class=\"ods-c-paragraph \">&#8222;Szafka&#8221; idzie na wsp\u00f3\u0142prac\u0119 i r\u00f3wnie\u017c dostaje status \u015bwiadka koronnego. Sypie te\u017c &#8222;Micz&#8221;, kt\u00f3ry wyk\u0142ada \u015bledczym na tacy odnog\u0119 narkotykowej o\u015bmiornicy, kt\u00f3rej macki si\u0119gaj\u0105 daleko poza Krak\u00f3w i Ma\u0142opolsk\u0119.<\/p>\n<p class=\"ods-c-paragraph \">W marcu 2021 r., dzi\u0119ki jego zeznaniom zatrzymany zostaje Rados\u0142aw P. pseud. &#8222;Gerrary&#8221; z Z\u0105bkowic \u015al\u0105skich. On tak\u017ce z miejsca podejmuje wsp\u00f3\u0142prac\u0119 i sypie kolejnych cz\u0142onk\u00f3w gangu.<\/p>\n<p>   &#8222;S\u0142owik&#8221; rusza z produkcj\u0105 lewego testosteronu z chi\u0144skich p\u00f3\u0142fabrykat\u00f3w<\/p>\n<p class=\"ods-c-paragraph \">W ten spos\u00f3b do aresztu trafia kolejnych 15 os\u00f3b. Wszyscy to mieszka\u0144cy Dolnego \u015al\u0105ska: Z\u0105bkowic, Dzier\u017coniowa, Bielawy, Pi\u0142awy G\u00f3rnej, Strzelina i Wroc\u0142awia.<\/p>\n<p class=\"ods-c-paragraph \">Krzysztof S. zatrzymany zostaje w styczniu 2022 r. i z miejsca zostaje osadzony w areszcie tymczasowym. Prokuratura zarzuca mu udzia\u0142 w dw\u00f3ch zorganizowanych grupach przest\u0119pczych.<\/p>\n<p><img decoding=\"async\" src=\"https:\/\/www.europesays.com\/pl\/wp-content\/uploads\/2025\/10\/Vt9k9lBaHR0cHM6Ly9vY2RuLmV1L3B1bHNjbXMvTURBXy82YmQ0ZTEyYjBjZjI1NGEyNTNhNzc0MDc3MmJlZGEzNy5qcGeRlQLNB.jpeg\" height=\"529\" width=\"940\" alt=\"Krzysztof S wraz z kompanami na neonazistowskim koncercie w Budapeszcie w 2015 r.\" loading=\"lazy\" class=\"ods-c-image__img ods-c-image__img--viewport-width\"\/><\/p>\n<p>Krzysztof S wraz z kompanami na neonazistowskim koncercie w Budapeszcie w 2015 r.\u017br\u00f3d\u0142o: Onet w\u0142asne<\/p>\n<p class=\"ods-c-paragraph \"><a href=\"https:\/\/wiadomosci.onet.pl\/poznan\/sluzby-rozbily-grupe-produkujaca-nielegalne-anaboliki\/xd8dksg\" id=\"d8eb6a38-6da6-485c-8048-c66d8c6ce7eb\" rel=\"nofollow noopener\" target=\"_blank\">Pierwsz\u0105 \u2014 zajmuj\u0105c\u0105 si\u0119 podrabianiem i produkcj\u0105 \u015brodk\u00f3w maj\u0105cych udawa\u0107 sterydy, takich jak testosteron, deka durabolin, primobolan, wnistrol, diababol, turinabol \u2014 za\u0142o\u017cy\u0142 i kierowa\u0142 sam &#8222;S\u0142owik&#8221;.<\/a><\/p>\n<p class=\"ods-c-paragraph \">Grupa druga, w okresie od 2013 do 2021 r. zajmowa\u0107 si\u0119 mia\u0142a sprowadzaniem z Hiszpanii i Czech narkotyk\u00f3w, kt\u00f3re by\u0142y p\u00f3\u017aniej dystrybuowane na terenie kraju.<\/p>\n<p class=\"ods-c-paragraph \">Na pomys\u0142 podrabiania anabolik\u00f3w wpada sam &#8222;S\u0142owik&#8221;, kt\u00f3ry do wsp\u00f3\u0142pracy werbuje kilku swoich znajomych z si\u0142owni i kr\u0119g\u00f3w neonazistowskich. Pieni\u0105dze na biznes wyk\u0142ada &#8222;Gerrary&#8221;. Pocz\u0105tkowo to 200 tys. z\u0142.<\/p>\n<p class=\"ods-c-paragraph \">Potrzebne do produkcji podr\u00f3bek prefabrykaty grupa &#8222;S\u0142owika&#8221; sprowadza z Chin, z dostawcami rozliczaj\u0105c si\u0119 w kryptowalutach. Biznes si\u0119 rozrasta, fa\u0142szerze inwestuj\u0105 wi\u0119c z czasem w tabletkark\u0119, a nawet otwieraj\u0105 kolejny sklep, r\u00f3wnie\u017c w Dzier\u017coniowie.<\/p>\n<p><img decoding=\"async\" src=\"https:\/\/www.europesays.com\/pl\/wp-content\/uploads\/2025\/10\/mTmk9lBaHR0cHM6Ly9vY2RuLmV1L3B1bHNjbXMvTURBXy9iYTY5OWY4MDA4OWZjYWIzMDRjMjUzNmE3Njg4NmI5Yi5qcGeRlQLNB.jpeg\" height=\"553\" width=\"940\" alt=\"Proces grupy &quot;Szafki&quot; z\u0142o\u017conej z kiboli Cracovii w krakowskim s\u0105dzie \" loading=\"lazy\" class=\"ods-c-image__img ods-c-image__img--viewport-width\"\/><\/p>\n<p>Proces grupy &#8222;Szafki&#8221; z\u0142o\u017conej z kiboli Cracovii w krakowskim s\u0105dziecbsp.policja.pl<\/p>\n<p class=\"ods-c-paragraph \"><a href=\"https:\/\/wiadomosci.onet.pl\/slask\/wyrok-w-sprawie-urodzin-hitlera-nikt-nie-trafi-do-wiezienia\/tfqx0hy\" id=\"6d150137-9c65-4a01-8a53-3a0aadf90d21\" rel=\"nofollow noopener\" target=\"_blank\">Jako \u017ce &#8222;S\u0142owik&#8221; ma problemy komornicze, zarejestrowany zostaje na jednego z jego znajomych.<\/a><\/p>\n<p class=\"ods-c-paragraph \">Z aktu oskar\u017cenia: &#8222;Rola oskar\u017conego Krzysztofa S. pseud. &#8222;S\u0142owik&#8221; w ramach ww. grupy polega\u0142a na jej za\u0142o\u017ceniu i kierowaniu ni\u0105. Powy\u017csze przejawia\u0142o si\u0119 m.in. w tym, \u017ce Krzysztof S.: organizowa\u0142 \u015brodki finansowe s\u0142u\u017c\u0105ce do wytwarzania sfa\u0142szowanych produkt\u00f3w leczniczych \u2014 steryd\u00f3w anabolicznych, organizowa\u0142 proces produkcji sfa\u0142szowanych produkt\u00f3w leczniczych, organizowa\u0142 na terenie Polski sprz\u0119t s\u0142u\u017c\u0105cy do wytwarzania sfa\u0142szowanych produkt\u00f3w leczniczych, prowadzi\u0142 rozliczenia z tytu\u0142u nabywania i sprzeda\u017cy sfa\u0142szowanych produkt\u00f3w leczniczych, osobi\u015bcie uczestniczy\u0142 w porcjowaniu i pakowaniu celem ich dalszego wprowadzania do obrotu oraz organizowa\u0142 w\u0142asn\u0105 siatk\u0119 dystrybucji&#8221;.<\/p>\n<p class=\"ods-c-paragraph \">I tu jednak \u015bledczy potrafili bez pud\u0142a wytypowa\u0107 s\u0142abe ogniwa grupy. W tym w\u0105tku &#8222;S\u0142owika&#8221; obci\u0105\u017caj\u0105 bowiem nie tylko zeznania Rados\u0142awa P. pseud. &#8222;Gerrary&#8221;, ujawnione w prowadzonych przez niego sklepach \u015brodki, ale r\u00f3wnie\u017c to, co prokuratorom zdecydowali si\u0119 opowiedzie\u0107 dwaj zwerbowani przez niego znajomi: Karol K. i Chrystian J.<\/p>\n<p class=\"ods-c-paragraph \">Obaj, w zamian za przyznanie si\u0119 do winy i z\u0142o\u017cone wyja\u015bnienia uzyskali w sprawie status ma\u0142ych \u015bwiadk\u00f3w koronnych, tzw. sze\u015b\u0107dziesi\u0105tek.<\/p>\n<p>Marihuana z Hiszpanii. &#8222;\u0141adnie pachnie, dobrze przyci\u0119te, ale s\u0142abo klepie&#8221;<\/p>\n<p class=\"ods-c-paragraph \">Druga, tworzona przez Krzysztofa S., grupa przest\u0119pcza dzia\u0142a na du\u017co wi\u0119ksz\u0105 skal\u0119. Zwerbowani przez ni\u0105 kierowcy tir\u00f3w je\u017cd\u017c\u0105cy s\u0142u\u017cbowo po towar do Hiszpanii &#8222;przy okazji&#8221; upychaj\u0105 w nim zamawiane przez przemytnik\u00f3w pakunki z marihuan\u0105.<\/p>\n<p class=\"ods-c-paragraph \">Cho\u0107 nie ma wykszta\u0142conego kierownictwa, obowi\u0105zki s\u0105 w niej podzielone: jedni odpowiedzialni s\u0105 za szukanie dostawc\u00f3w na miejscu w Hiszpanii, inni towarzysz\u0105 im w wyprawach, jeszcze inni dziel\u0105 &#8222;marych\u0119&#8221; na miejscu i up\u0142ynniaj\u0105 poprzez siatk\u0119 diler\u00f3w.<\/p>\n<p><img decoding=\"async\" src=\"https:\/\/www.europesays.com\/pl\/wp-content\/uploads\/2025\/10\/BMnk9lQaHR0cDovL29jZG4uZXUvaW1hZ2VzL3B1bHNjbXMvTW1FN01EQV8vYTczNmM2ZGQtMTBkNy00MDA1LTgwOGYtOTM2YzZlM.jpeg\" height=\"705\" width=\"940\" alt=\"Gotowa do przerzucenia przez granic\u0119 marihuana ujawniona przez hiszpa\u0144skie s\u0142u\u017cby \" loading=\"lazy\" class=\"ods-c-image__img ods-c-image__img--viewport-width\"\/><\/p>\n<p>Gotowa do przerzucenia przez granic\u0119 marihuana ujawniona przez hiszpa\u0144skie s\u0142u\u017cbyPAP\/EPA\/GUARDIA CIVIL \/ HANDOUT<\/p>\n<p class=\"ods-c-paragraph \">Interes si\u0119 kr\u0119ci przez lata, bo grupa jest hermetyczna i dba o bezpiecze\u0144stwo. Jej cz\u0142onkowie komunikuj\u0105 si\u0119 ze sob\u0105 wy\u0142\u0105cznie poprzez szyfrowane telefony EncroChat, sk\u0142adaj\u0105ce si\u0119 z dw\u00f3ch system\u00f3w: jawnego i szyfrowanego. Po uruchomieniu aparatu i wpisaniu normalnego kodu PIN, a nast\u0119pnie wci\u015bni\u0119ciu odpowiedniej kombinacji klawiszy, mo\u017cna zalogowa\u0107 si\u0119 do w\u0142a\u015bciwego \u2014 ukrytego i bezpiecznego \u2014 systemu komunikacji.<\/p>\n<p class=\"ods-c-paragraph \"><a href=\"https:\/\/wiadomosci.onet.pl\/swiat\/szyfrowanie-wiadomosci-dyrektorka-europolu-wzywa-do-zmiany\/68tslwd\" id=\"7b7a861d-2eed-4b8f-b53b-a3853c061e73\" rel=\"nofollow noopener\" target=\"_blank\">To w\u0142a\u015bnie dzi\u0119ki nim przemytnicy wymieniali si\u0119 informacjami na temat sprowadzanej marihuany. <\/a>Przyk\u0142ad?<\/p>\n<p class=\"ods-c-paragraph \">&#8222;Siema, mam co\u015b&#8221; \u2014 2 kwietnia 2020 r. &#8222;Gerrary&#8221; pisze do jednego ze swoich odbiorc\u00f3w, &#8222;Guzika&#8221; z Wroc\u0142awia.<\/p>\n<p class=\"ods-c-paragraph \">Gdy ten dopytuje o cen\u0119, odpowiada: &#8222;Wygl\u0105da troch\u0119 jak alban, ale nie nie jest alban. \u0141adnie pachnie, dobrze przyci\u0119te. Cena: 13,5 [tys. za kg \u2014 przyp. red.]&#8221;<\/p>\n<p class=\"ods-c-paragraph \">&#8222;Guzik&#8221;: &#8222;Ile tego jest?&#8221;<\/p>\n<p class=\"ods-c-paragraph \">&#8222;Gerrary&#8221;: &#8222;Jutro b\u0119d\u0119 wiedzia\u0142, zabra\u0142em dwa kilo. Jad\u0119 si\u0119 dogada\u0107, bo sza\u0142 si\u0119 zrobi\u0142 i zabrali mi ju\u017c&#8221;<\/p>\n<p class=\"ods-c-paragraph \">&#8222;Dawaj znak, to podlec\u0119 i mo\u017ce bym du\u017co wzi\u0105\u0142&#8221; \u2014 odpowiada &#8222;Guzik&#8221;<\/p>\n<p class=\"ods-c-paragraph \">&#8222;Gerrary&#8221;: &#8222;Problem w tym, \u017ce wszystko wygl\u0105da zajeb&#8230;. W smaku super, zapach zajeb&#8230;, s\u0105 kryszta\u0142y, ale klepie s\u0142abo, daj\u0119 3 na 10&#8221;.<\/p>\n<p>&#8222;S\u0142owik&#8221; si\u0119 broni: &#8222;To przez to, \u017ce mam niepoprawne pogl\u0105dy politycznie&#8221;<\/p>\n<p class=\"ods-c-paragraph \">U\u017cywane przez gangster\u00f3w telefony nie okazuj\u0105 si\u0119 jednak ani bezpieczne, ani niemo\u017cliwe do \u015bledzenia.<\/p>\n<p class=\"ods-c-paragraph \">W 2020 r. francusko-belgijskie organy \u015bcigania i wymiaru sprawiedliwo\u015bci przejmuj\u0105 bowiem serwery EncroChat i zabezpieczaj\u0105 tre\u015b\u0107 prowadzonych przez nie korespondencji. Te z udzia\u0142em ludzi z grup &#8222;S\u0142owika&#8221; trafiaj\u0105 do polskiej prokuratury i dzi\u015b stanowi\u0105 cenny materia\u0142 niejawny w trwaj\u0105cym procesie.<\/p>\n<p class=\"ods-c-paragraph \">To w\u0142a\u015bnie na podstawie tych materia\u0142\u00f3w \u015bledczym udaje si\u0119 ustali\u0107, \u017ce Krzysztof S. &#8222;bra\u0142 udzia\u0142 w obrocie i wprowadza\u0142 do obrotu znaczne ilo\u015bci \u015brodk\u00f3w odurzaj\u0105cych, prowadzi\u0142 rozliczenia z tytu\u0142u nabywania i sprzeda\u017cy znacznych ilo\u015bci \u015brodk\u00f3w odurzaj\u0105cych [&#8230;] w celu osi\u0105gni\u0119cia korzy\u015bci maj\u0105tkowej&#8221;.<\/p>\n<p class=\"ods-c-paragraph \"><a href=\"https:\/\/www.onet.pl\/informacje\/onetwiadomosci\/karol-nawrocki-ustawki-i-skrajnie-skrajna-prawica-to-obciaza-go-jeszcze-bardziej\/t0zvxk0,79cfc278\" id=\"8d57e3f9-918a-4f3c-ac36-ce8a8b87c56e\" rel=\"nofollow noopener\" target=\"_blank\">Po zatrzymaniu &#8222;S\u0142owik&#8221; gra twardziela. Nie przyznaje si\u0119 do winy i odmawia sk\u0142adania wyja\u015bnie\u0144.<\/a><\/p>\n<p class=\"ods-c-paragraph \">\u2014 Ze wzgl\u0119du na m\u00f3j styl \u017cycia jestem przeciwnikiem narkotyk\u00f3w, nigdy ich nie kupowa\u0142em i ludzi z mojego otoczenia stara\u0142em si\u0119 odwodzi\u0107 od kupowania \u2014 m\u00f3wi na rozprawie 18 pa\u017adziernika 2022 r. Krzysztof S.<\/p>\n<p class=\"ods-c-paragraph \">Jak twierdzi, z \u017cadn\u0105 zorganizowan\u0105 grup\u0105 przest\u0119pcz\u0105 nigdy nie mia\u0142 nic wsp\u00f3lnego, a w proces wmanewrowany zosta\u0142 przez &#8222;Gerrarego&#8221;, kt\u00f3ry obci\u0105\u017caj\u0105c go, za\u0142atwi\u0142 sobie obni\u017cenie wyroku.<\/p>\n<p class=\"ods-c-paragraph \">By ratowa\u0107 sk\u00f3r\u0119 &#8222;S\u0142owik&#8221; postanawia zagra\u0107 swoj\u0105 neonazistowsk\u0105 kart\u0105.<\/p>\n<p class=\"ods-c-paragraph \">Na tej samej rozprawie pr\u00f3buje t\u0142umaczy\u0107: \u2014 On wiedzia\u0142, \u017ce interesuje si\u0119 mn\u0105 ABW, ale te\u017c media, kt\u00f3re w internecie wskazywa\u0142y na mnie jako na cz\u0142owieka o pogl\u0105dach niepoprawnych politycznie, co skutkowa\u0142o moj\u0105 inwigilacj\u0105 [&#8230;] Uwa\u017cam, \u017ce zarzuty wobec mnie wyolbrzymiono do granic mo\u017cliwo\u015bci z uwagi na moje pogl\u0105dy polityczne i wcze\u015bniej prowadzone przeciwko mnie sprawy.<\/p>\n<p class=\"ods-c-paragraph \">Takim t\u0142umaczeniom nie daje wiary s\u0105d, kt\u00f3ry opiniuj\u0105c wniosek &#8222;S\u0142owika&#8221; o zwolnienie z aresztu, odmawia z uwagi na &#8222;charakter zarzucanej temu oskar\u017conemu dzia\u0142alno\u015bci przest\u0119pczej zwi\u0105zanej z przyw\u00f3dztwem i uczestnictwem w zorganizowanej grupie przest\u0119pczej&#8221;. Zwraca r\u00f3wnie\u017c uwag\u0119, \u017ce &#8222;grozi mu surowa kara pozbawienia wolno\u015bci&#8221;.<\/p>\n<p class=\"ods-c-paragraph \">W przypadku jej maksymalnego wymiaru &#8222;S\u0142owik&#8221; mo\u017ce bowiem trafi\u0107 za kraty nawet na 12 lat.<\/p>\n<p>Wniosek o dobrowolne poddanie karze. A handel sterydami kwitnie w najlepsze<\/p>\n<p class=\"ods-c-paragraph \">W obliczu liczby \u015bwiadk\u00f3w koronnych, sk\u0142adanych przez nich wyja\u015bnie\u0144 i \u015bwiadcz\u0105cych przeciwko nim dowod\u00f3w, w lipcu 2025 r. &#8222;S\u0142owik&#8221; i dw\u00f3ch innych cz\u0142onk\u00f3w jego grupy rozpoczyna negocjacje z prokuratur\u0105 o dobrowolnym poddaniu si\u0119 karze. Co warte podkre\u015blenia, warunkiem do tego koniecznym jest przyznanie si\u0119 do wszystkich zarzucanych mu czyn\u00f3w.<\/p>\n<p class=\"ods-c-paragraph \"><a href=\"https:\/\/www.onet.pl\/styl-zycia\/kb-kbpl\/dobrowolne-poddanie-sie-karze-jest-procedura-w-ktorej-oskarzony-zamiast-stawiac-opor\/nk4ylzk,30bc1058\" id=\"80e3baad-2933-42f0-a08e-e09bebd74e12\" rel=\"nofollow noopener\" target=\"_blank\">Kara, jak\u0105 m\u0119\u017cczyzna proponuje dla siebie, jest jednak bardzo \u0142agodna.<\/a><\/p>\n<p class=\"ods-c-paragraph \">Za za\u0142o\u017cenie i kierowanie zorganizowan\u0105 grup\u0105 przest\u0119pcz\u0105 podrabiaj\u0105c\u0105 i sprzedaj\u0105c\u0105 lewe anaboliki oraz udzia\u0142 w kolejnej, zajmuj\u0105cej si\u0119 przemytem i handlem marihuan\u0105 na du\u017c\u0105 skal\u0119, Krzysztof S. chcia\u0142by us\u0142ysze\u0107 wyrok 3 lat i dw\u00f3ch miesi\u0119cy pozbawienia wolno\u015bci, przepadek mienia w wysoko\u015bci 100 tys. z\u0142. i zap\u0142aci\u0107 10 tys. z\u0142 nawi\u0105zki na rzecz Skarbu Pa\u0144stwa.<\/p>\n<p class=\"ods-c-paragraph \">Jako \u017ce w areszcie tymczasowym sp\u0119dzi\u0142 10 miesi\u0119cy, oznacza\u0142oby to, i\u017c nie wr\u00f3ci ju\u017c za kraty.<\/p>\n<p class=\"ods-c-paragraph \">Do tej propozycji S\u0105d Okr\u0119gowy w \u015awidnicy, gdzie toczy si\u0119 proces ca\u0142ej grupy, odniesie si\u0119 za dwa tygodnie, na rozprawie, kt\u00f3r\u0105 zaplanowano na 4 listopada 2025 roku.<\/p>\n<p class=\"ods-c-paragraph \">Tymczasem zwolniony ju\u017c w listopadzie 2022 r. z aresztu &#8222;S\u0142owik&#8221; przebywa na wolno\u015bci. Wraz z \u017cyciow\u0105 partnerk\u0105, jak gdyby nigdy nic prowadzi w Dzier\u017coniowie zarejestrowany na ni\u0105 sklep z od\u017cywkami i suplementami. Pod tym samym adresem, gdzie sprzedawane by\u0142y produkowane przez niego podr\u00f3bki.<\/p>\n<p><img decoding=\"async\" src=\"https:\/\/www.europesays.com\/pl\/wp-content\/uploads\/2025\/10\/rIXk9lBaHR0cHM6Ly9vY2RuLmV1L3B1bHNjbXMvTURBXy9hOWQ5MzYxYzc2OTBlNjkyMzNiOWI4NTViYjdkNWU2NS5qcGeRlQLNB.jpeg\" height=\"666\" width=\"940\" alt=\"Krzysztof S. pseud. &quot;S\u0142owik&quot; w prowadzonym przez siebie sklepie z suplementami w Dzier\u017coniowie\" loading=\"lazy\" class=\"ods-c-image__img ods-c-image__img--viewport-width\"\/><\/p>\n<p>Krzysztof S. pseud. &#8222;S\u0142owik&#8221; w prowadzonym przez siebie sklepie z suplementami w Dzier\u017coniowie\u017br\u00f3d\u0142o: Facebook<\/p>\n<p class=\"ods-c-paragraph \">Swoje towary szeroko reklamuje w internecie: na Facebooku i Instagramie z wykorzystaniem sportowc\u00f3w i znanych raper\u00f3w.<\/p>\n<p class=\"ods-c-paragraph \">Proces w sprawie organizowanych przez Krzysztofa S. neonazistowskich koncert\u00f3w, gloryfikowanie faszystowskiego ustroju pa\u0144stwa i nawo\u0142ywania do przemocy na tle narodowo\u015bciowym i rasowym, wci\u0105\u017c trwa przed tym samym s\u0105dem w \u015awidnicy.<\/p>\n","protected":false},"excerpt":{"rendered":"Historia Krzysztofa S. mog\u0142aby pos\u0142u\u017cy\u0107 za fabu\u0142\u0119 filmu gangsterskiego. S\u0105 w niej mi\u0119dzynarodowi przemytnicy, znani i s\u0142yn\u0105cy z&hellip;\n","protected":false},"author":2,"featured_media":62290,"comment_status":"","ping_status":"","sticky":false,"template":"","format":"standard","meta":{"footnotes":"","_share_on_mastodon":"0"},"categories":[5],"tags":[56,32,33,2398,16034,36,37,27,49,34,35,28,31,48,16033,25,46,4887,42,38,40,39,41,360,47,16037,15029,16035,16036,29,30,26],"class_list":["post-62289","post","type-post","status-publish","format-standard","has-post-thumbnail","category-naglowki","tag-article_premium","tag-breaking-news","tag-breakingnews","tag-cracovia","tag-dzierzoniow","tag-featured-news","tag-featurednews","tag-headlines","tag-kraj","tag-latest-news","tag-latestnews","tag-naglowki","tag-najwazniejsze-artykuly","tag-nat_styl","tag-neonazisci","tag-news","tag-omp","tag-perso_tst1","tag-pl","tag-poland","tag-polish","tag-polska","tag-polski","tag-prokuratura_prokuratorzy","tag-screening_general","tag-slowik","tag-swiadek_koronny","tag-swidnica","tag-testosteron","tag-top-stories","tag-topstories","tag-wiadomosci"],"share_on_mastodon":{"url":"","error":""},"_links":{"self":[{"href":"https:\/\/www.europesays.com\/pl\/wp-json\/wp\/v2\/posts\/62289","targetHints":{"allow":["GET"]}}],"collection":[{"href":"https:\/\/www.europesays.com\/pl\/wp-json\/wp\/v2\/posts"}],"about":[{"href":"https:\/\/www.europesays.com\/pl\/wp-json\/wp\/v2\/types\/post"}],"author":[{"embeddable":true,"href":"https:\/\/www.europesays.com\/pl\/wp-json\/wp\/v2\/users\/2"}],"replies":[{"embeddable":true,"href":"https:\/\/www.europesays.com\/pl\/wp-json\/wp\/v2\/comments?post=62289"}],"version-history":[{"count":0,"href":"https:\/\/www.europesays.com\/pl\/wp-json\/wp\/v2\/posts\/62289\/revisions"}],"wp:featuredmedia":[{"embeddable":true,"href":"https:\/\/www.europesays.com\/pl\/wp-json\/wp\/v2\/media\/62290"}],"wp:attachment":[{"href":"https:\/\/www.europesays.com\/pl\/wp-json\/wp\/v2\/media?parent=62289"}],"wp:term":[{"taxonomy":"category","embeddable":true,"href":"https:\/\/www.europesays.com\/pl\/wp-json\/wp\/v2\/categories?post=62289"},{"taxonomy":"post_tag","embeddable":true,"href":"https:\/\/www.europesays.com\/pl\/wp-json\/wp\/v2\/tags?post=62289"}],"curies":[{"name":"wp","href":"https:\/\/api.w.org\/{rel}","templated":true}]}}