{"id":622980,"date":"2026-08-15T02:04:14","date_gmt":"2026-08-15T02:04:14","guid":{"rendered":"https:\/\/www.europesays.com\/pl\/622980\/"},"modified":"2026-08-15T02:04:14","modified_gmt":"2026-08-15T02:04:14","slug":"putin-chce-rozbic-nato-i-ue-od-wewnatrz-moldawia-ma-byc-kluczowa","status":"publish","type":"post","link":"https:\/\/www.europesays.com\/pl\/622980\/","title":{"rendered":"Putin chce &#8222;rozbi\u0107 NATO i UE od wewn\u0105trz&#8221;. Mo\u0142dawia ma by\u0107 kluczowa"},"content":{"rendered":"\n<p>&#13;<br \/>\nTakie informacje przekaza\u0142 &#8222;The New York Times&#8221;, powo\u0142uj\u0105c si\u0119 na\u00a0urz\u0119dnik\u00f3w z\u00a0dw\u00f3ch pa\u0144stw znaj\u0105cych szczeg\u00f3\u0142y tajnej odprawy rosyjskich dow\u00f3dc\u00f3w z\u00a0ko\u0144ca 2025 roku. Szczeg\u00f3lne miejsce w\u00a0planach Kremla ma\u00a0zajmowa\u0107 Mo\u0142dawia. &#13;\n<\/p>\n<p>&#13;<br \/>\nWed\u0142ug &#8222;NYT&#8221; podporz\u0105dkowanie Ukrainy pozostaje dla\u00a0Rosji priorytetem numer jeden. Drugim celem ma\u00a0by\u0107 przej\u0119cie politycznej kontroli nad Mo\u0142dawi\u0105. Niewielki kraj graniczy z\u00a0Ukrain\u0105 oraz\u00a0nale\u017c\u0105c\u0105 do\u00a0NATO i\u00a0Unii Europejskiej Rumuni\u0105. &#13;\n<\/p>\n<p>&#13;<br \/>\nMo\u0142dawski doradca ds. bezpiecze\u0144stwa narodowego Stanis\u0142aw Secrieru ostrzeg\u0142, \u017ce\u00a0Kreml chce wykorzysta\u0107 jego kraj do\u00a0dalszych dzia\u0142a\u0144 przeciwko Zachodowi. \u2013\u00a0Rosja chce wykorzystywa\u0107 Mo\u0142dawi\u0119 jako &#8222;przycz\u00f3\u0142ek dla\u00a0wrogich dzia\u0142a\u0144 przeciw Ukrainie, a\u00a0tak\u017ce przeciw Unii Europejskiej&#8221; \u2013\u00a0oceni\u0142 Secrieru. &#13;\n<\/p>\n<p>&#13;<br \/>\nKreml odrzuca te\u00a0oskar\u017cenia. Rzecznik rosyjskich w\u0142adz Dmitrij Pieskow stwierdzi\u0142, \u017ce\u00a0s\u0105 to\u00a0&#8222;nieprawdziwe twierdzenia, kt\u00f3re nie\u00a0maj\u0105 \u017cadnych podstaw&#8221;. &#13;\n<\/p>\n<p>Rosjanie mieli szkoli\u0107 Mo\u0142dawian<\/p>\n<p>&#13;<br \/>\nWed\u0142ug &#8222;The New York Times&#8221; w\u00a02025 roku rosyjscy operacyjni mieli zorganizowa\u0107 w\u00a0zachodniej Serbii ob\u00f3z szkoleniowy, kt\u00f3rego uczestnikami byli g\u0142\u00f3wnie obywatele Mo\u0142dawii. Za\u00a0trwaj\u0105ce trzy lub\u00a0cztery dni szkolenie mieli otrzymywa\u0107 po\u00a0400 dolar\u00f3w. &#13;\n<\/p>\n<p>&#13;<br \/>\nUczestnicy mieli uczy\u0107 si\u0119 m.in. prze\u0142amywania policyjnych kordon\u00f3w, podpalania budynk\u00f3w oraz\u00a0pos\u0142ugiwania si\u0119 broni\u0105. Instruktorzy mieli by\u0107 zwi\u0105zani z\u00a0rosyjskim wywiadem wojskowym GRU. Podobne szkolenia mia\u0142y odbywa\u0107 si\u0119 r\u00f3wnie\u017c w\u00a0Bo\u015bni i\u00a0w\u00a0okolicach Moskwy. &#13;\n<\/p>\n<p>&#13;<br \/>\nMo\u0142dawska prokuratura informowa\u0142a, \u017ce\u00a0ponad 100 m\u0142odych obywateli kraju szkolono w\u00a0przygotowywaniu \u015brodk\u00f3w zapalaj\u0105cych i\u00a0domowych materia\u0142\u00f3w wybuchowych oraz\u00a0u\u017cywaniu dron\u00f3w wyposa\u017conych w\u00a0mechanizmy do\u00a0przenoszenia \u0142adunk\u00f3w. &#13;\n<\/p>\n<p>&#13;<br \/>\nZdaniem mo\u0142dawskiego prokuratora Sergiu Zamy do\u00a0destabilizacji sytuacji nie\u00a0by\u0142y potrzebne tysi\u0105ce ludzi. \u2013\u00a0Zapalenie iskry wystarczy\u0142o \u2013\u00a0powiedzia\u0142 cytowany przez &#8222;NYT&#8221; prokurator. &#13;\n<\/p>\n<p>Miliony dolar\u00f3w i\u00a0kupowanie g\u0142os\u00f3w<\/p>\n<p>&#13;<br \/>\nAmeryka\u0144ski dziennik opisa\u0142 r\u00f3wnie\u017c szeroko zakrojon\u0105 operacj\u0119 kupowania g\u0142os\u00f3w. Wa\u017cn\u0105 rol\u0119 mia\u0142 w\u00a0niej odgrywa\u0107 mieszkaj\u0105cy w\u00a0Rosji izraelsko-mo\u0142dawski oligarcha Ilan Sor. Zachodni urz\u0119dnicy wywiadu twierdz\u0105, \u017ce\u00a0jego dzia\u0142ania by\u0142y koordynowane z\u00a0rosyjsk\u0105 administracj\u0105. &#13;\n<\/p>\n<p>&#13;<br \/>\nWed\u0142ug dokument\u00f3w przeanalizowanych przez &#8222;NYT&#8221; sie\u0107 Sora mia\u0142a zrekrutowa\u0107 ponad 150 tys. os\u00f3b. Za\u00a0po\u015brednictwem Telegrama proponowano pieni\u0105dze za\u00a0udzia\u0142 w\u00a0demonstracjach, publikowanie tre\u015bci w\u00a0mediach spo\u0142eczno\u015bciowych oraz\u00a0agitacj\u0119 przeciwko prezydent Mai Sandu, jej partii PAS i\u00a0integracji z\u00a0Uni\u0105 Europejsk\u0105. &#13;\n<\/p>\n<p>&#13;<br \/>\nW ci\u0105gu czterech miesi\u0119cy poprzedzaj\u0105cych referendum dotycz\u0105ce europejskiej przysz\u0142o\u015bci Mo\u0142dawii w\u00a02024 roku blisko 20 mln dolar\u00f3w mia\u0142o trafi\u0107 do\u00a038 tys. aktywist\u00f3w. &#13;\n<\/p>\n<p>&#13;<br \/>\nDo operacji mieli zosta\u0107 w\u0142\u0105czeni tak\u017ce duchowni prawos\u0142awni. Setki mo\u0142dawskich ksi\u0119\u017cy wyje\u017cd\u017ca\u0142y do\u00a0Rosji, gdzie odwiedza\u0142y miejsca kultu i\u00a0spotyka\u0142y si\u0119 z\u00a0przedstawicielami Rosyjskiego Ko\u015bcio\u0142a Prawos\u0142awnego. &#13;\n<\/p>\n<p>&#13;<br \/>\nPrzed powrotem mieli otrzymywa\u0107 karty p\u0142atnicze rosyjskiego Promswiazbanku, powi\u0105zanego z\u00a0rosyjskim resortem obrony. W\u00a0zamian za\u00a0oko\u0142o tysi\u0105c dolar\u00f3w duchowni mieli zach\u0119ca\u0107 wiernych do\u00a0odrzucenia proeuropejskiej polityki w\u0142adz i\u00a0g\u0142osowania przeciwko integracji z\u00a0UE. &#13;\n<\/p>\n<p>Presja tak\u017ce na\u00a0energetyk\u0119<\/p>\n<p>&#13;<br \/>\nWed\u0142ug &#8222;NYT&#8221; rosyjska presja na\u00a0Mo\u0142dawi\u0119 ma\u00a0obejmowa\u0107 r\u00f3wnie\u017c infrastruktur\u0119 energetyczn\u0105. W\u00a0marcu rosyjski atak na\u00a0ukrai\u0144sk\u0105 elektrowni\u0119 wodn\u0105 w\u00a0pobli\u017cu granicy z\u00a0Mo\u0142dawi\u0105 mia\u0142 doprowadzi\u0107 do\u00a0zanieczyszczenia wody na\u00a0cz\u0119\u015bci teren\u00f3w obu pa\u0144stw. &#13;\n<\/p>\n<p>&#13;<br \/>\nRosyjskie drony mia\u0142y tak\u017ce uderzy\u0107 w\u00a0lini\u0119 wysokiego napi\u0119cia w\u00a0zachodniej Ukrainie, dostarczaj\u0105c\u0105 znaczn\u0105 cz\u0119\u015b\u0107 energii elektrycznej do\u00a0Mo\u0142dawii. Skutkiem by\u0142y przerwy w\u00a0dostawach pr\u0105du. &#13;\n<\/p>\n<p>&#8222;Wygrali\u015bmy bitw\u0119, ale\u00a0nie wojn\u0119&#8221;<\/p>\n<p>&#13;<br \/>\nKulminacj\u0105 rosyjskiej operacji mia\u0142y by\u0107 wybory parlamentarne 28 wrze\u015bnia 2025 roku. Wed\u0142ug &#8222;NYT&#8221; osoby szkolone w\u00a0Serbii mia\u0142y by\u0107 przygotowane do\u00a0wywo\u0142ywania chaosu w\u00a0Kiszyniowie i\u00a0innych miejscowo\u015bciach. Cz\u0119\u015b\u0107 z\u00a0nich mia\u0142a mie\u0107 przy sobie \u015brodki zapalaj\u0105ce. &#13;\n<\/p>\n<p>&#13;<br \/>\nPrzed g\u0142osowaniem mo\u0142dawskie s\u0142u\u017cby przeprowadzi\u0142y setki przeszuka\u0144 i\u00a0zatrzyma\u0144. Z\u00a0pomoc\u0105 zachodnich partner\u00f3w udaremniono r\u00f3wnie\u017c cyberataki wymierzone w\u00a0Centraln\u0105 Komisj\u0119 Wyborcz\u0105. Ostatecznie proeuropejska partia PAS, wspieraj\u0105ca prezydent Mai\u0119 Sandu i\u00a0integracj\u0119 z\u00a0UE, zdoby\u0142a nieco ponad 50 proc. g\u0142os\u00f3w. Mo\u0142dawskie w\u0142adze ostrzegaj\u0105 jednak, \u017ce\u00a0zagro\u017cenie nie\u00a0min\u0119\u0142o. \u2013\u00a0Wygrali\u015bmy bitw\u0119, ale\u00a0nie wygrali\u015bmy wojny \u2013\u00a0podsumowa\u0142 szef mo\u0142dawskiej Agencji Cyberbezpiecze\u0144stwa Mihai Lupa\u0219cu. &#13;\n<\/p>\n<p>&#13;<br \/>\n   Czytaj te\u017c:<br \/><a href=\"https:\/\/dorzeczy.pl\/opinie\/928702\/romanowski-w-naddniestrzu-kwiatkowski-ruskie-sluzby-przygotowaly-mu-dokumenty.html\" rel=\"follow nofollow noopener\" data-schema=\"DORZECZY\" data-image=\"https:\/\/img.dorzeczy.pl\/_thumb\/79\/fc\/27ea53cfb32b588b737aa6d89b31.jpeg\" target=\"_blank\">&#8222;Ruskie s\u0142u\u017cby&#8221;. Polityk KO uderza w\u00a0Romanowskiego<\/a>   Czytaj te\u017c:<br \/><a href=\"https:\/\/dorzeczy.pl\/ekonomia\/928567\/ukraina-zaproponowala-rosji-rozejm-na-morzu-czarnym.html\" rel=\"follow nofollow noopener\" data-schema=\"DORZECZY\" data-image=\"https:\/\/img.dorzeczy.pl\/_thumb\/95\/8a\/be9474f6a50df1f46e083370ef47.jpeg\" target=\"_blank\">Wojna na\u00a0Morzu Czarnym. Ukraina proponuje Rosji rozejm<\/a>&#13;<\/p>\n","protected":false},"excerpt":{"rendered":"&#13; Takie informacje przekaza\u0142 &#8222;The New York Times&#8221;, powo\u0142uj\u0105c si\u0119 na\u00a0urz\u0119dnik\u00f3w z\u00a0dw\u00f3ch pa\u0144stw znaj\u0105cych szczeg\u00f3\u0142y tajnej odprawy rosyjskich&hellip;\n","protected":false},"author":2,"featured_media":622981,"comment_status":"","ping_status":"","sticky":false,"template":"","format":"standard","meta":{"footnotes":"","_share_on_mastodon":"0"},"categories":[14],"tags":[32,33,98,27,34,35,3318,28,31,160,25,103,40,41,600,87,80,29,30,26,82,83,84],"class_list":["post-622980","post","type-post","status-publish","format-standard","has-post-thumbnail","category-swiat","tag-breaking-news","tag-breakingnews","tag-dorzeczy","tag-headlines","tag-latest-news","tag-latestnews","tag-moldawia","tag-naglowki","tag-najwazniejsze-artykuly","tag-nato","tag-news","tag-obserwator-mediow","tag-polish","tag-polski","tag-putin","tag-rosja","tag-swiat","tag-top-stories","tag-topstories","tag-wiadomosci","tag-world","tag-world-news","tag-worldnews"],"share_on_mastodon":{"url":"","error":""},"_links":{"self":[{"href":"https:\/\/www.europesays.com\/pl\/wp-json\/wp\/v2\/posts\/622980","targetHints":{"allow":["GET"]}}],"collection":[{"href":"https:\/\/www.europesays.com\/pl\/wp-json\/wp\/v2\/posts"}],"about":[{"href":"https:\/\/www.europesays.com\/pl\/wp-json\/wp\/v2\/types\/post"}],"author":[{"embeddable":true,"href":"https:\/\/www.europesays.com\/pl\/wp-json\/wp\/v2\/users\/2"}],"replies":[{"embeddable":true,"href":"https:\/\/www.europesays.com\/pl\/wp-json\/wp\/v2\/comments?post=622980"}],"version-history":[{"count":0,"href":"https:\/\/www.europesays.com\/pl\/wp-json\/wp\/v2\/posts\/622980\/revisions"}],"wp:featuredmedia":[{"embeddable":true,"href":"https:\/\/www.europesays.com\/pl\/wp-json\/wp\/v2\/media\/622981"}],"wp:attachment":[{"href":"https:\/\/www.europesays.com\/pl\/wp-json\/wp\/v2\/media?parent=622980"}],"wp:term":[{"taxonomy":"category","embeddable":true,"href":"https:\/\/www.europesays.com\/pl\/wp-json\/wp\/v2\/categories?post=622980"},{"taxonomy":"post_tag","embeddable":true,"href":"https:\/\/www.europesays.com\/pl\/wp-json\/wp\/v2\/tags?post=622980"}],"curies":[{"name":"wp","href":"https:\/\/api.w.org\/{rel}","templated":true}]}}