{"id":623018,"date":"2026-08-15T02:39:22","date_gmt":"2026-08-15T02:39:22","guid":{"rendered":"https:\/\/www.europesays.com\/pl\/623018\/"},"modified":"2026-08-15T02:39:22","modified_gmt":"2026-08-15T02:39:22","slug":"niedziela-handlowa-w-sierpniu-2026-kiedy-sklepy-beda-otwarte-w-niedziele","status":"publish","type":"post","link":"https:\/\/www.europesays.com\/pl\/623018\/","title":{"rendered":"Niedziela handlowa w sierpniu 2026. Kiedy sklepy b\u0119d\u0105 otwarte w niedziel\u0119?"},"content":{"rendered":"<p>Redakcja polecaOm\u00f3wienie<\/p>\n<ul class=\"space-y-5\">\n<li class=\"relative pl-5\">\n<p class=\"font-inter text-base font-medium leading-[145%] text-[#111]\">Sierpie\u0144 to jeden z niewielu miesi\u0119cy z niedziel\u0105 handlow\u0105. 30 sierpnia sklepy wielkopowierzchniowe b\u0119d\u0105 otwarte.<\/p>\n<\/li>\n<li class=\"relative pl-5\">\n<p class=\"font-inter text-base font-medium leading-[145%] text-[#111]\">W pozosta\u0142e niedziele sierpnia oraz w sobot\u0119 15 sierpnia sklepy i centra handlowe b\u0119d\u0105 zamkni\u0119te.<\/p>\n<\/li>\n<li class=\"relative pl-5\">\n<p class=\"font-inter text-base font-medium leading-[145%] text-[#111]\">Ostatnia niedziela wakacji to jedyna niedziela handlowa przed grudniem. Nast\u0119pne okazje do zrobienia du\u017cych niedzielnych zakup\u00f3w wypadn\u0105 13 i 20 grudnia 2026 r.<\/p>\n<\/li>\n<\/ul>\n<p>Niedziela handlowa w sierpniu 2026. Kiedy sklepy b\u0119d\u0105 otwarte?<\/p>\n<p class=\"font-primary mb-8 text-lg leading-[1.55] [&amp;_a]:text-[#23437D] [&amp;_a]:underline [&amp;_a]:font-bold\">Niedziela handlowa w sierpniu 2026 specjalnie zosta\u0142a wyznaczona na koniec<br \/>\nwakacji &#8211; sklepy otwarte b\u0119d\u0105 dok\u0142adnie 30 sierpnia. W tym dniu b\u0119dzie mo\u017cna zrobi\u0107 zakupy we wszystkich du\u017cych marketach, centrach czy<br \/>\nparkach handlowych. Rodzice dzieci w wieku szkolnym b\u0119d\u0105 wi\u0119c mogli spokojnie zaopatrzy\u0107 swoje pociechy w zeszyty,<br \/>\nbloki rysunkowe, czy te\u017c plecaki oraz reszt\u0119 wyprawki.<\/p>\n<p class=\"font-primary mb-8 text-lg leading-[1.55] [&amp;_a]:text-[#23437D] [&amp;_a]:underline [&amp;_a]:font-bold\">Nast\u0119pna okazja do zrobienia niedzielnych zakup\u00f3w przypadnie<br \/>\ndopiero przed \u015bwi\u0119tami Bo\u017cego Narodzenia. Dwie kolejne niedziele<br \/>\nhandlowe zaplanowane s\u0105 bowiem na 13 i 20 grudnia 2026 roku. <\/p>\n<p>Redakcja poleca<\/p>\n<p class=\"font-primary mb-8 text-lg leading-[1.55] [&amp;_a]:text-[#23437D] [&amp;_a]:underline [&amp;_a]:font-bold\">Warto te\u017c w tym miejscu wspomnie\u0107, \u017ce w tym roku wyj\u0105tkowo sklepy b\u0119d\u0105 zamkni\u0119te r\u00f3wnie\u017c 15 sierpnia. W sobot\u0119 przypada \u015awi\u0119to Wojska Polskiego, a tak\u017ce uroczysto\u015b\u0107 Wniebowzi\u0119cia Naj\u015bwi\u0119tszej Maryi Panny, kt\u00f3ra jest dniem ustawowo wolnym od pracy.<\/p>\n<p>Niedziele z zakazem handlu. Te sklepy mog\u0105 by\u0107 otwarte w niedziele niehandlowe<\/p>\n<p class=\"font-primary mb-8 text-lg leading-[1.55] [&amp;_a]:text-[#23437D] [&amp;_a]:underline [&amp;_a]:font-bold\">Zgodnie z obowi\u0105zuj\u0105cymi przepisami w niedziele niehandlowe zamkni\u0119te musz\u0105 by\u0107 wszystkie sklepy wielkopowierzchniowe i sklepy w<br \/>\ncentrach handlowych. Wyj\u0105tkiem s\u0105 punkty handlowe, gdzie za kas\u0105 stanie sam w\u0142a\u015bciciel (lub franczyzobiorca)<br \/>\nalbo jego rodzina. Dlatego te\u017c mog\u0105 by\u0107 czynne sklepy sieci \u017babka czy Carrefour<br \/>\nExpress. W mniejszych miejscowo\u015bciach w niedziele niehandlowe zakupy cz\u0119sto mo\u017cna zrobi\u0107 w ma\u0142ych sklepikach osiedlowych.<\/p>\n<p>Redakcja poleca<\/p>\n<p class=\"font-primary mb-8 text-lg leading-[1.55] [&amp;_a]:text-[#23437D] [&amp;_a]:underline [&amp;_a]:font-bold\">Wyj\u0105tkiem od zakazu handlu w niedziele s\u0105 te\u017c stacje benzynowe, apteki,<br \/>\nkwiaciarnie, cukiernie czy piekarnie. Opr\u00f3cz tego spod zakazu wyj\u0119te s\u0105 sklepy na<br \/>\ndworcach kolejowych i autobusowych.\u00a0W ka\u017cd\u0105 niedziel\u0119 mo\u017cna r\u00f3wnie\u017c uda\u0107 si\u0119 do kina, niezale\u017cnie<br \/>\nod tego, czy jest ono w centrum handlowym, czy w osobnym budynku.<\/p>\n<p>Redakcja poleca<\/p>\n","protected":false},"excerpt":{"rendered":"Redakcja polecaOm\u00f3wienie Sierpie\u0144 to jeden z niewielu miesi\u0119cy z niedziel\u0105 handlow\u0105. 30 sierpnia sklepy wielkopowierzchniowe b\u0119d\u0105 otwarte. W&hellip;\n","protected":false},"author":2,"featured_media":623019,"comment_status":"","ping_status":"","sticky":false,"template":"","format":"standard","meta":{"footnotes":"","_share_on_mastodon":"0"},"categories":[16],"tags":[113,112,6229,42,38,40,39,41,2676,2879],"class_list":["post-623018","post","type-post","status-publish","format-standard","has-post-thumbnail","category-biznes","tag-biznes","tag-business","tag-handel","tag-pl","tag-poland","tag-polish","tag-polska","tag-polski","tag-sklepy","tag-zakupy"],"share_on_mastodon":{"url":"","error":""},"_links":{"self":[{"href":"https:\/\/www.europesays.com\/pl\/wp-json\/wp\/v2\/posts\/623018","targetHints":{"allow":["GET"]}}],"collection":[{"href":"https:\/\/www.europesays.com\/pl\/wp-json\/wp\/v2\/posts"}],"about":[{"href":"https:\/\/www.europesays.com\/pl\/wp-json\/wp\/v2\/types\/post"}],"author":[{"embeddable":true,"href":"https:\/\/www.europesays.com\/pl\/wp-json\/wp\/v2\/users\/2"}],"replies":[{"embeddable":true,"href":"https:\/\/www.europesays.com\/pl\/wp-json\/wp\/v2\/comments?post=623018"}],"version-history":[{"count":0,"href":"https:\/\/www.europesays.com\/pl\/wp-json\/wp\/v2\/posts\/623018\/revisions"}],"wp:featuredmedia":[{"embeddable":true,"href":"https:\/\/www.europesays.com\/pl\/wp-json\/wp\/v2\/media\/623019"}],"wp:attachment":[{"href":"https:\/\/www.europesays.com\/pl\/wp-json\/wp\/v2\/media?parent=623018"}],"wp:term":[{"taxonomy":"category","embeddable":true,"href":"https:\/\/www.europesays.com\/pl\/wp-json\/wp\/v2\/categories?post=623018"},{"taxonomy":"post_tag","embeddable":true,"href":"https:\/\/www.europesays.com\/pl\/wp-json\/wp\/v2\/tags?post=623018"}],"curies":[{"name":"wp","href":"https:\/\/api.w.org\/{rel}","templated":true}]}}