{"id":623070,"date":"2026-08-15T03:23:12","date_gmt":"2026-08-15T03:23:12","guid":{"rendered":"https:\/\/www.europesays.com\/pl\/623070\/"},"modified":"2026-08-15T03:23:12","modified_gmt":"2026-08-15T03:23:12","slug":"zmierzch-bogow-w-osiedlu-lesnym","status":"publish","type":"post","link":"https:\/\/www.europesays.com\/pl\/623070\/","title":{"rendered":"Zmierzch bog\u00f3w w Osiedlu Le\u015bnym"},"content":{"rendered":"<p class=\"atomsHappeningContent__desc\">Wielki przemys\u0142, wielkie pieni\u0105dze i wielka wojna.<\/p>\n<p>W mie\u015bcie bole\u015bnie naznaczonym hitlerowsk\u0105 okupacj\u0105 i \u017cyj\u0105cym w cieniu zak\u0142ad\u00f3w zbrojeniowych Waldemar Ra\u017aniak, jeden z najwi\u0119kszych wsp\u00f3\u0142czesnych inscenizator\u00f3w, tworzy teatraln\u0105 adaptacj\u0119 Zmierzchu bog\u00f3w, kultowego filmu Luchino Viscontiego.<\/p>\n<p>To opowie\u015b\u0107 o rodzinie von Essenbeck\u00f3w, niemieckich przemys\u0142owc\u00f3w, kt\u00f3rzy pragn\u0105c ocali\u0107 sw\u00f3j maj\u0105tek po doj\u015bciu do w\u0142adzy Adolfa Hitlera wik\u0142aj\u0105 si\u0119 we flirt z nazizmem, kt\u00f3ry przywiedzie ich ku nieuchronnej zgubie.<\/p>\n<p>Zmierzch bog\u00f3w, cho\u0107 fabularnie przenosi nas w lata 30. minionego stulecia, jest lustrem wsp\u00f3\u0142czesno\u015bci, pozwalaj\u0105cym przyjrze\u0107 si\u0119 dramatowi naszych czas\u00f3w, w kt\u00f3rych polityczny cynizm i ekonomiczny interes najbogatszych nap\u0119dzaj\u0105 zataczaj\u0105ce coraz szersze kr\u0119gi wojny i prowadz\u0105 do odrodzenia si\u0119 totalitaryzm\u00f3w.<\/p>\n<p>W spektaklu nie zabraknie r\u00f3wnie\u017c odniesie\u0144 do historii Bydgoszczy: jej z\u0142o\u017conego, polsko-niemieckiego dziedzictwa, nies\u0142awnej wizyty Josepha Goebbelsa, czy pracy polskich robotnik\u00f3w przymusowych w niemieckich zak\u0142adach zbrojeniowych w trakcie II wojny \u015bwiatowej. Spektakl realizowany jest w historycznych wn\u0119trzach bydgoskiego Muzeum Wodoci\u0105g\u00f3w.<\/p>\n<p>Re\u017cyser: Waldemar Ra\u017aniak<\/p>\n<p>Gatunek: dramat<br \/>Scenografia: Barbara Guzik<br \/>Muzyka: Karol Nepelski<br \/>\u015awiat\u0142o: Ada Bystrzycka<br \/>Choreografia: Oskar Malinowski<br \/>Kostiumy: Barbara Guzik<br \/>Czas trwania: 150 min<\/p>\n","protected":false},"excerpt":{"rendered":"Wielki przemys\u0142, wielkie pieni\u0105dze i wielka wojna. W mie\u015bcie bole\u015bnie naznaczonym hitlerowsk\u0105 okupacj\u0105 i \u017cyj\u0105cym w cieniu zak\u0142ad\u00f3w&hellip;\n","protected":false},"author":2,"featured_media":623071,"comment_status":"","ping_status":"","sticky":false,"template":"","format":"standard","meta":{"footnotes":"","_share_on_mastodon":"0"},"categories":[51613],"tags":[6226,7132,10195,80283,42,38,40,39,41,8812,22920],"class_list":["post-623070","post","type-post","status-publish","format-standard","has-post-thumbnail","category-bydgoszcz","tag-bilety","tag-bydgoszcz","tag-impreza","tag-osiedle-lesne","tag-pl","tag-poland","tag-polish","tag-polska","tag-polski","tag-spektakle","tag-wydarzenie"],"share_on_mastodon":{"url":"https:\/\/pubeurope.com\/@pl\/117097385334659399","error":""},"_links":{"self":[{"href":"https:\/\/www.europesays.com\/pl\/wp-json\/wp\/v2\/posts\/623070","targetHints":{"allow":["GET"]}}],"collection":[{"href":"https:\/\/www.europesays.com\/pl\/wp-json\/wp\/v2\/posts"}],"about":[{"href":"https:\/\/www.europesays.com\/pl\/wp-json\/wp\/v2\/types\/post"}],"author":[{"embeddable":true,"href":"https:\/\/www.europesays.com\/pl\/wp-json\/wp\/v2\/users\/2"}],"replies":[{"embeddable":true,"href":"https:\/\/www.europesays.com\/pl\/wp-json\/wp\/v2\/comments?post=623070"}],"version-history":[{"count":0,"href":"https:\/\/www.europesays.com\/pl\/wp-json\/wp\/v2\/posts\/623070\/revisions"}],"wp:featuredmedia":[{"embeddable":true,"href":"https:\/\/www.europesays.com\/pl\/wp-json\/wp\/v2\/media\/623071"}],"wp:attachment":[{"href":"https:\/\/www.europesays.com\/pl\/wp-json\/wp\/v2\/media?parent=623070"}],"wp:term":[{"taxonomy":"category","embeddable":true,"href":"https:\/\/www.europesays.com\/pl\/wp-json\/wp\/v2\/categories?post=623070"},{"taxonomy":"post_tag","embeddable":true,"href":"https:\/\/www.europesays.com\/pl\/wp-json\/wp\/v2\/tags?post=623070"}],"curies":[{"name":"wp","href":"https:\/\/api.w.org\/{rel}","templated":true}]}}