{"id":623202,"date":"2026-08-15T04:55:12","date_gmt":"2026-08-15T04:55:12","guid":{"rendered":"https:\/\/www.europesays.com\/pl\/623202\/"},"modified":"2026-08-15T04:55:12","modified_gmt":"2026-08-15T04:55:12","slug":"zemsta-w-bydgoszczy-bydgoszcz-nasze-miasto","status":"publish","type":"post","link":"https:\/\/www.europesays.com\/pl\/623202\/","title":{"rendered":"Zemsta w Bydgoszczy | Bydgoszcz Nasze Miasto"},"content":{"rendered":"<p class=\"atomsHappeningContent__desc\">Ka\u017cda opowie\u015b\u0107 o konflikcie jest przestrog\u0105, jest bezcenn\u0105 apologi\u0105 zgody i porozumienia, jest optymistyczn\u0105 opowie\u015bci\u0105 o pojednaniu. W tej historii zwa\u015bnionych s\u0105siad\u00f3w zwyci\u0119\u017ca mi\u0142o\u015b\u0107, a tytu\u0142owa zemsta oka\u017ce si\u0119 b\u0142ogos\u0142awie\u0144stwem.<\/p>\n<p>\u201eZemsta\u201d Fredry na Dzikim Zachodzie. Zamiast szabli rewolwery, zamiast szlacheckiego kontusza kapelusz i ostrogi. Kaktus na tle zachodz\u0105cego s\u0142o\u0144ca, krzyk or\u0142a, r\u017cenie konia i wycie kojota. Western wydaj\u0119 si\u0119 znakomit\u0105 konwencj\u0105, w kt\u00f3rej porywczy Cze\u015bnik wyzywa na pojedynek podst\u0119pnego Rejenta, a ich sp\u00f3r wydaje si\u0119 nie mie\u0107 ko\u0144ca. Intrygi i pojedynki, odwaga, kompromis, spok\u00f3j, cierpliwo\u015b\u0107, mi\u0142o\u015b\u0107 versus tch\u00f3rzostwo, impulsywno\u015b\u0107, przewrotno\u015b\u0107, przebieg\u0142o\u015b\u0107. W tej komedii charakter\u00f3w Fredro wy\u015bmiewa ludzkie wady, kt\u00f3re prowadz\u0105 do konflikt\u00f3w, spor\u00f3w i wojen.<\/p>\n<p>Re\u017cyser: Rados\u0142aw Rychcik<\/p>\n<p>Obsada: Pawe\u0142 L. Gilewski, Adam Graczyk, Marian Jaskulski, Dagmara Mrowiec-Matuszak, Emilia Piech, Jerzy Po\u017carowski, Micha\u0142 Sur\u00f3wka.<\/p>\n<p>Autor: Aleksander Fredro<br \/>Data premiery: 2025-01-31<br \/>Gatunek: komedia<br \/>Scenografia: \u0141ukasz B\u0142a\u017cejewski<br \/>Muzyka: Micha\u0142 Lis<br \/>\u015awiat\u0142o: \u0141ukasz B\u0142a\u017cejewski<br \/>Kostiumy: \u0141ukasz B\u0142a\u017cejewski<\/p>\n","protected":false},"excerpt":{"rendered":"Ka\u017cda opowie\u015b\u0107 o konflikcie jest przestrog\u0105, jest bezcenn\u0105 apologi\u0105 zgody i porozumienia, jest optymistyczn\u0105 opowie\u015bci\u0105 o pojednaniu. W&hellip;\n","protected":false},"author":2,"featured_media":623203,"comment_status":"","ping_status":"","sticky":false,"template":"","format":"standard","meta":{"footnotes":"","_share_on_mastodon":"0"},"categories":[51613],"tags":[6226,7132,10195,42,38,40,39,41,8812,22920],"class_list":["post-623202","post","type-post","status-publish","format-standard","has-post-thumbnail","category-bydgoszcz","tag-bilety","tag-bydgoszcz","tag-impreza","tag-pl","tag-poland","tag-polish","tag-polska","tag-polski","tag-spektakle","tag-wydarzenie"],"share_on_mastodon":{"url":"https:\/\/pubeurope.com\/@pl\/117097747313291679","error":""},"_links":{"self":[{"href":"https:\/\/www.europesays.com\/pl\/wp-json\/wp\/v2\/posts\/623202","targetHints":{"allow":["GET"]}}],"collection":[{"href":"https:\/\/www.europesays.com\/pl\/wp-json\/wp\/v2\/posts"}],"about":[{"href":"https:\/\/www.europesays.com\/pl\/wp-json\/wp\/v2\/types\/post"}],"author":[{"embeddable":true,"href":"https:\/\/www.europesays.com\/pl\/wp-json\/wp\/v2\/users\/2"}],"replies":[{"embeddable":true,"href":"https:\/\/www.europesays.com\/pl\/wp-json\/wp\/v2\/comments?post=623202"}],"version-history":[{"count":0,"href":"https:\/\/www.europesays.com\/pl\/wp-json\/wp\/v2\/posts\/623202\/revisions"}],"wp:featuredmedia":[{"embeddable":true,"href":"https:\/\/www.europesays.com\/pl\/wp-json\/wp\/v2\/media\/623203"}],"wp:attachment":[{"href":"https:\/\/www.europesays.com\/pl\/wp-json\/wp\/v2\/media?parent=623202"}],"wp:term":[{"taxonomy":"category","embeddable":true,"href":"https:\/\/www.europesays.com\/pl\/wp-json\/wp\/v2\/categories?post=623202"},{"taxonomy":"post_tag","embeddable":true,"href":"https:\/\/www.europesays.com\/pl\/wp-json\/wp\/v2\/tags?post=623202"}],"curies":[{"name":"wp","href":"https:\/\/api.w.org\/{rel}","templated":true}]}}