{"id":623412,"date":"2026-08-15T07:23:09","date_gmt":"2026-08-15T07:23:09","guid":{"rendered":"https:\/\/www.europesays.com\/pl\/623412\/"},"modified":"2026-08-15T07:23:09","modified_gmt":"2026-08-15T07:23:09","slug":"wieksza-pula-nagrod-i-30-lat-w-atp-invest-in-szczecin-open-juz-za-miesiac","status":"publish","type":"post","link":"https:\/\/www.europesays.com\/pl\/623412\/","title":{"rendered":"Wi\u0119ksza pula nagr\u00f3d i 30 lat w ATP. Invest in Szczecin Open ju\u017c za miesi\u0105c!"},"content":{"rendered":"\n<p class=\"contentpart contentpart--default contentpart--text\" data-position=\"0\">Przed nami siedem dni zawodowego tenisa, wydarze\u0144 kulturalnych i spotka\u0144, kt\u00f3re od ponad trzech dekad s\u0105 jednym ze znak\u00f3w rozpoznawczych wrze\u015bnia w <a href=\"https:\/\/sportowefakty.wp.pl\/polska\/szczecin\" rel=\"nofollow noopener\" target=\"_blank\">Szczecinie<\/a>.\u00a0Tegoroczna edycja b\u0119dzie szczeg\u00f3lna z uwagi na \u015bwi\u0119towanie dok\u0142adnie 30 lat obecno\u015bci turnieju\u00a0<a href=\"https:\/\/sportowefakty.wp.pl\/tenis\/atp-challenger-szczecin\" rel=\"nofollow noopener\" target=\"_blank\">Invest in Szczecin Open<\/a>\u00a0w strukturach <a href=\"https:\/\/sportowefakty.wp.pl\/tenis\/atp\" rel=\"nofollow noopener\" target=\"_blank\">ATP<\/a>.<\/p>\n<p class=\"contentpart contentpart--default contentpart--text\" data-position=\"1\">&#8211; Trzy dekady obecno\u015bci w mi\u0119dzynarodowym kalendarzu zawodowego tenisa to dla nas pow\u00f3d do ogromnej dumy, ale r\u00f3wnie\u017c potwierdzenie jako\u015bci, ci\u0105g\u0142o\u015bci i pozycji, jak\u0105 przez lata uda\u0142o si\u0119 zbudowa\u0107. Z ma\u0142ego punktu na tenisowej mapie Europy w latach dziewi\u0119\u0107dziesi\u0105tych, Szczecin sta\u0142 si\u0119 miejscem doskonale znanym zawodnikom, trenerom i kibicom z wielu kraj\u00f3w &#8211; powiedzia\u0142 <a href=\"https:\/\/sportowefakty.wp.pl\/tenis\/krzysztof-bobala\" rel=\"nofollow noopener\" target=\"_blank\">Krzysztof Bobala<\/a>, dyrektor turnieju.<\/p>\n<p>  <img decoding=\"async\" src=\"https:\/\/v.wpimg.pl\/X3dwLnN2d1IFFTpdYUl6R0ZNbgcnEHQREVV2TGEGbUtRT2MdOlZ2RBQUKABgQjQcDRotCStBd1IAAWMeIlM7VgwYIAorQAdEFFk_GCkQJQ\" alt=\"\" width=\"45\" height=\"58\" loading=\"lazy\"\/>  <\/p>\n<p class=\"contentpart contentpart--default contentpart--text\" data-position=\"2\">ZOBACZ WIDEO: Gwiazdy turnieju w Warszawie zachwycone. By\u0142y niespodzianki<\/p>\n<p class=\"contentpart contentpart--default contentpart--text\" data-position=\"4\">Jubileusz b\u0119dzie mia\u0142 wyj\u0105tkow\u0105 opraw\u0119. Podczas turnieju spodziewana jest delegacja w\u0142adz ATP, co traktowane jest jako ogromne wyr\u00f3\u017cnienie i symboliczne podkre\u015blenie trzydziestoletniej obecno\u015bci Szczecina w \u015bwiecie zawodowego tenisa.<\/p>\n<p class=\"contentpart contentpart--default contentpart--text\" data-position=\"5\">Od 14 do 20 wrze\u015bnia 2026 roku korty przy al. Wojska Polskiego ponownie stan\u0105 si\u0119 aren\u0105 walki o punkty rankingowe, presti\u017c oraz nagrody z podwy\u017cszonej puli wynosz\u0105cej 225 000 dolar\u00f3w.<\/p>\n<p class=\"contentpart contentpart--default contentpart--text\" data-position=\"6\">Jak zawsze Invest in Szczecin Open nie sko\u0144czy si\u0119 jednak wraz z ostatni\u0105 pi\u0142k\u0105 dnia.\u00a0W programie znajdzie si\u0119 SEC OPEN &#8211; Tenisowy Turniej Artyst\u00f3w, tradycyjny Turniej VIP, a tak\u017ce zupe\u0142nie nowe oblicze cz\u0119\u015bci festiwalowej.<\/p>\n<p>  <img decoding=\"async\" src=\"https:\/\/v.wpimg.pl\/X3dwLnN2d1IFFTpdYUl6R0ZNbgcnEHQREVV2TGEGbUtRT2MdOlZ2RBQUKABgQjQcDRotCStBd1IAAWMeIlM7VgwYIAorQAdEFFk_GCkQJQ\" alt=\"\" width=\"45\" height=\"58\" loading=\"lazy\"\/>  <\/p>\n<p class=\"contentpart contentpart--default contentpart--text\" data-position=\"7\">&#8211; Chcemy, aby wieczory na kortach mia\u0142y jeszcze wi\u0119cej twarzy. Dlatego tegoroczna scena stanie si\u0119 miejscem nie tylko koncert\u00f3w. W programie znajdzie si\u0119 r\u00f3wnie\u017c kino pod chmurk\u0105, stand-up oraz wydarzenia przygotowane z my\u015bl\u0105 o tych, kt\u00f3rzy po zako\u0144czeniu ostatniej pi\u0142ki dnia chc\u0105 zosta\u0107 z nami jeszcze troch\u0119 d\u0142u\u017cej &#8211; podkre\u015bli\u0142 Bobala.<\/p>\n<p class=\"contentpart contentpart--default contentpart--text\" data-position=\"8\">Muzycznie tak\u017ce nie zabraknie mocnych akcent\u00f3w. Na scenie wyst\u0105pi\u0105 mi\u0119dzy innymi Mezo i Liber, kt\u00f3rzy przypomn\u0105 swoje najwi\u0119ksze przeboje i z pewno\u015bci\u0105 rozgrzej\u0105 publiczno\u015b\u0107 podczas turniejowych wieczor\u00f3w.\u00a0Bilety i karnety s\u0105 ju\u017c dost\u0119pne.<\/p>\n","protected":false},"excerpt":{"rendered":"Przed nami siedem dni zawodowego tenisa, wydarze\u0144 kulturalnych i spotka\u0144, kt\u00f3re od ponad trzech dekad s\u0105 jednym ze&hellip;\n","protected":false},"author":2,"featured_media":623413,"comment_status":"","ping_status":"","sticky":false,"template":"","format":"standard","meta":{"footnotes":"","_share_on_mastodon":"0"},"categories":[51611],"tags":[2080,21908,123003,89793,42,38,40,39,41,2307,156],"class_list":["post-623412","post","type-post","status-publish","format-standard","has-post-thumbnail","category-szczecin","tag-atp","tag-atp-challenger","tag-atp-challenger-szczecin","tag-krzysztof-bobala","tag-pl","tag-poland","tag-polish","tag-polska","tag-polski","tag-szczecin","tag-tenis"],"share_on_mastodon":{"url":"https:\/\/pubeurope.com\/@pl\/117098329447975873","error":""},"_links":{"self":[{"href":"https:\/\/www.europesays.com\/pl\/wp-json\/wp\/v2\/posts\/623412","targetHints":{"allow":["GET"]}}],"collection":[{"href":"https:\/\/www.europesays.com\/pl\/wp-json\/wp\/v2\/posts"}],"about":[{"href":"https:\/\/www.europesays.com\/pl\/wp-json\/wp\/v2\/types\/post"}],"author":[{"embeddable":true,"href":"https:\/\/www.europesays.com\/pl\/wp-json\/wp\/v2\/users\/2"}],"replies":[{"embeddable":true,"href":"https:\/\/www.europesays.com\/pl\/wp-json\/wp\/v2\/comments?post=623412"}],"version-history":[{"count":0,"href":"https:\/\/www.europesays.com\/pl\/wp-json\/wp\/v2\/posts\/623412\/revisions"}],"wp:featuredmedia":[{"embeddable":true,"href":"https:\/\/www.europesays.com\/pl\/wp-json\/wp\/v2\/media\/623413"}],"wp:attachment":[{"href":"https:\/\/www.europesays.com\/pl\/wp-json\/wp\/v2\/media?parent=623412"}],"wp:term":[{"taxonomy":"category","embeddable":true,"href":"https:\/\/www.europesays.com\/pl\/wp-json\/wp\/v2\/categories?post=623412"},{"taxonomy":"post_tag","embeddable":true,"href":"https:\/\/www.europesays.com\/pl\/wp-json\/wp\/v2\/tags?post=623412"}],"curies":[{"name":"wp","href":"https:\/\/api.w.org\/{rel}","templated":true}]}}