{"id":623438,"date":"2026-08-15T07:37:12","date_gmt":"2026-08-15T07:37:12","guid":{"rendered":"https:\/\/www.europesays.com\/pl\/623438\/"},"modified":"2026-08-15T07:37:12","modified_gmt":"2026-08-15T07:37:12","slug":"rywal-netanjahu-w-wyborach-chce-uniknac-klatwy-wiszacej-nad-izraelitami","status":"publish","type":"post","link":"https:\/\/www.europesays.com\/pl\/623438\/","title":{"rendered":"Rywal Netanjahu w wyborach chce unikn\u0105\u0107 &#8222;kl\u0105twy wisz\u0105cej nad Izraelitami&#8221;"},"content":{"rendered":"<p>To w\u0142a\u015bnie strza\u0142 w g\u0142ow\u0119 palesty\u0144skiego terrorysty po raz pierwszy ujawni\u0142 przepa\u015b\u0107 dziel\u0105c\u0105 Gadiego Eisenkota od Binjamina Netanjahu.<\/p>\n<p>W marcu 2016 r. dw\u00f3ch uzbrojonych w no\u017ce Palesty\u0144czyk\u00f3w zaatakowa\u0142o izraelskich \u017co\u0142nierzy na Zachodnim Brzegu i zrani\u0142o jednego z nich. \u017bo\u0142nierze otworzyli ogie\u0144, zabijaj\u0105c jednego z napastnik\u00f3w, a drugiego pozostawiaj\u0105c rannego na ziemi.<\/p>\n<p>Kilka minut p\u00f3\u017aniej 19-letni izraelski \u017co\u0142nierz Elor Azaria prze\u0142adowa\u0142 karabin, wycelowa\u0142 w g\u0142ow\u0119 rannego napastnika i poci\u0105gn\u0105\u0142 za spust. Azaria twierdzi\u0142, \u017ce czu\u0142 si\u0119 zagro\u017cony.<\/p>\n<p>Kwestia, czy \u017co\u0142nierz powinien stan\u0105\u0107 przed s\u0105dem wojskowym, podzieli\u0142a kraj. Dla niekt\u00f3rych Izraelczyk\u00f3w Azaria nie by\u0142 przest\u0119pc\u0105, lecz \u017co\u0142nierzem, kt\u00f3ry zabi\u0142 terroryst\u0119. Wed\u0142ug innych m\u00f3g\u0142 pope\u0142ni\u0107 zab\u00f3jstwo.<\/p>\n<p>Eisenkot, \u00f3wczesny szef sztabu Si\u0142 Obronnych Izraela, broni\u0142 decyzji o postawieniu Azarii przed s\u0105dem, argumentuj\u0105c, \u017ce zastrzelenie napastnika, kt\u00f3ry zosta\u0142 ju\u017c obezw\u0142adniony, by\u0142o niezgodne z warto\u015bciami izraelskiej armii. Netanjahu stan\u0105\u0142 po stronie \u017co\u0142nierza i wezwa\u0142 do u\u0142askawienia go.<\/p>\n<p>10 lat p\u00f3\u017aniej sp\u00f3r ten wci\u0105\u017c rezonuje. W obecnej kampanii wyborczej zwolennicy Eisenkota wskazuj\u0105 na spraw\u0119 Elora Azarii jako dow\u00f3d wysokich standard\u00f3w moralnych swojego kandydata. Sojusznicy Netanjahu natomiast wracaj\u0105 do tej sprawy, aby przedstawi\u0107 by\u0142ego szefa sztabu jako zbyt \u0142agodnego i zbyt lewicowego.<\/p>\n<p>Eisenkot niemal z dnia na dzie\u0144 sta\u0142 si\u0119 najgro\u017aniejszym konkurentem Netanjahu przed izraelskimi wyborami parlamentarnymi, kt\u00f3re odb\u0119d\u0105 si\u0119 27 pa\u017adziernika.<\/p>\n<p>Rzadko kiedy izraelskie wybory by\u0142y obserwowane za granic\u0105 z takim zainteresowaniem. Ktokolwiek wygra, b\u0119dzie musia\u0142 porusza\u0107 si\u0119 w radykalnie odmiennym krajobrazie polityki zagranicznej.<\/p>\n<p>Dalszy ci\u0105g artyku\u0142u pod materia\u0142em wideo<\/p>\n<p>Od 7 pa\u017adziernika 2023 r. pozycja Izraela na arenie mi\u0119dzynarodowej uleg\u0142a zasadniczej zmianie. Po najwi\u0119kszej masowej zbrodni na \u017bydach od czas\u00f3w Holokaustu nast\u0105pi\u0142a \u2014 jak na ironi\u0119 \u2014 jedynie kr\u00f3tka fala mi\u0119dzynarodowej solidarno\u015bci. W kilku krajach europejskich, w tym w Hiszpanii i Francji, krytyka [Izraela za zabijanie ludno\u015bci cywilnej] przewa\u017ca obecnie nad determinacj\u0105, z jak\u0105 rz\u0105d Netanjahu walczy\u0142 z terroryzmem Hamasu w Strefie Gazy, atakami Hezbollahu z Libanu, rakietami balistycznymi z Iranu oraz atakami Huti z Jemenu.<\/p>\n<p>Stosunki mi\u0119dzy rz\u0105dem Netanjahu a Uni\u0105 Europejsk\u0105 pogorszy\u0142y si\u0119 do tego stopnia, \u017ce minister spraw zagranicznych Izraela nie rozmawia ju\u017c z najwy\u017csz\u0105 rang\u0105 dyplomatk\u0105 UE. Gideon Saar 18 czerwca br. og\u0142osi\u0142, \u017ce zrywa wszelkie kontakty z Kaj\u0105 Kallas. Powodem by\u0142 artyku\u0142 opublikowany przez serwis Euractiv, w kt\u00f3rym pad\u0142o stwierdzenie, \u017ce podczas majowej wizyty w Meksyku Kallas por\u00f3wna\u0142a spos\u00f3b, w jaki Izrael traktuje Palesty\u0144czyk\u00f3w w Strefie Gazy i na Zachodnim Brzegu, do systemu apartheidu w RPA.<\/p>\n<p>Za napi\u0119te uwa\u017ca si\u0119 r\u00f3wnie\u017c tradycyjnie bliskie stosunki Izraela ze Stanami Zjednoczonymi. Netanjahu i prezydent Donald Trump uzgodnili wprawdzie wsp\u00f3lne ataki wojskowe na Iran, maj\u0105ce na celu uniemo\u017cliwienie islamskiemu re\u017cimowi w Teheranie zdobycia broni j\u0105drowej. Iran og\u0142osi\u0142, \u017ce zniszczenie Izraela jest jednym z jego nadrz\u0119dnych cel\u00f3w.<\/p>\n<p>Jednak Trump r\u00f3wnie\u017c od czasu do czasu krytykowa\u0142 Netanjahu. &#8222;Co ty, ku**a, robisz?&#8221; \u2014 mia\u0142 podobno zapyta\u0107 Trump izraelskiego premiera w czerwcu, odnosz\u0105c si\u0119 do jego ofensywy przeciwko Hezbollahowi w Libanie. Trump jak dot\u0105d powstrzyma\u0142 si\u0119 od publicznego poparcia Netanjahu w wyborach, mimo \u017ce ten podobno go o to poprosi\u0142.<\/p>\n<p>Netanjahu znajduje si\u0119 teraz pod rosn\u0105c\u0105 presj\u0105 ze strony Eisenkota \u2014 i zaciekle si\u0119 broni.<\/p>\n<p>\u2014 Rozpocz\u0119\u0142a si\u0119 kampania przeciwko mnie \u2014 powiedzia\u0142 Eisenkot do zwolennik\u00f3w podczas wydarzenia wyborczego w tym tygodniu w p\u00f3\u0142nocnoizraelskim mie\u015bcie Karmiel (pol. Bo\u017cej Winnicy). M\u00f3wi\u0105c nieco ochryp\u0142ym g\u0142osem, rozpocz\u0105\u0142 kontratak. \u2014 Netanjahu za ka\u017cdym razem atakuje swoich przeciwnik\u00f3w w ten sam spos\u00f3b, twierdz\u0105c, \u017ce tylko on mo\u017ce zapewni\u0107 bezpiecze\u0144stwo.<\/p>\n<p>Nast\u0119pnie, z odrobin\u0105 ironii, doda\u0142: \u2014 Widzieli\u015bmy, jak to si\u0119 sko\u0144czy\u0142o 7 pa\u017adziernika.<\/p>\n<p>Eisenkot domaga si\u0119 powo\u0142ania niezale\u017cnej pa\u0144stwowej komisji \u015bledczej w sprawie niepowodze\u0144 wojska, s\u0142u\u017cb wywiadowczych i przyw\u00f3dztwa politycznego zwi\u0105zanych z wydarzeniami z 7 pa\u017adziernika. Chce przy tym, by sam Netanjahu zosta\u0142 poci\u0105gni\u0119ty do odpowiedzialno\u015bci. Rz\u0105d Netanjahu jak dot\u0105d sprzeciwia si\u0119 utworzeniu takiej komisji.<\/p>\n<p>\u2014 Je\u015bli nie powstanie komisja \u015bledcza, b\u0119dzie to wisia\u0142o nad izraelskim spo\u0142ecze\u0144stwem jak kl\u0105twa \u2014 m\u00f3wi Eisenkot. Swoje ataki na Netanjahu kieruje spokojnie, niemal monotonnym tonem. Eisenkot jest kr\u0119py i sprawia wra\u017cenie szefa kuchni, kt\u00f3rego nam\u00f3wiono do jej opuszczenia, by przywita\u0107 entuzjastycznie przyjmuj\u0105c\u0105 jego kulinarne dzie\u0142a sal\u0119 restauracyjn\u0105. Nie jest ani charyzmatycznym, ani utalentowanym m\u00f3wc\u0105 na wz\u00f3r Netanjahu. Emituje jednak co\u015b, co mo\u017ce sta\u0107 si\u0119 najcenniejsz\u0105 walut\u0105 w tych wyborach: wiarygodno\u015b\u0107. Podczas gdy Netanjahu d\u017awiga ci\u0119\u017car tocz\u0105cego si\u0119 procesu o korupcj\u0119, jego rywal jest powszechnie postrzegany jako cz\u0142owiek o wyj\u0105tkowej uczciwo\u015bci.<\/p>\n<p>Emeryt Josef Binjamin z uwag\u0105 s\u0142ucha przem\u00f3wienia Eisenkota, obserwuj\u0105c go krytycznym okiem. Chce sam wyrobi\u0107 sobie opini\u0119 o cz\u0142owieku, kt\u00f3ry nagle sta\u0142 si\u0119 tematem rozm\u00f3w w ca\u0142ym kraju. \u2014 Eisenkot to cz\u0142owiek ludu, dobry cz\u0142owiek \u2014 m\u00f3wi Binjamin. \u2014 Netanjahu natomiast rz\u0105dzi jak kr\u00f3l. Nie jest ju\u017c dobry dla Izraela i powinien ust\u0105pi\u0107.<\/p>\n<p>To nie przypadek, \u017ce Eisenkot wybra\u0142 Karmiel. Miasto to zamieszkuje g\u0142\u00f3wnie Izraelczycy o niskich i \u015brednich dochodach i jest uwa\u017cane za bastion partii Likud Netanjahu. W ci\u0105gu zaledwie kilku dni Eisenkot pojawia si\u0119 tutaj, w p\u00f3\u0142nocnym Izraelu, 15 razy.<\/p>\n<p>To przejaw pewno\u015bci siebie: chce przekona\u0107 do siebie wyborc\u00f3w premiera. W kilku og\u00f3lnokrajowych sonda\u017cach jego partia, Yashar! \u2014 to nazwa, kt\u00f3r\u0105 mo\u017cna przet\u0142umaczy\u0107 jako &#8222;Prosty!&#8221; lub &#8222;Szczery!&#8221; \u2014 wyprzedzi\u0142a ju\u017c Likud. W\u015br\u00f3d ok. 300 os\u00f3b zgromadzonych w miejskiej sali widowiskowej w Karmiel wida\u0107 wiele siwych w\u0142os\u00f3w, a tak\u017ce aparaty s\u0142uchowe i laski. M\u0142ode twarze s\u0105 rzadko\u015bci\u0105.<\/p>\n<p>Agam ma 15 lat i jest zbyt m\u0142oda, by g\u0142osowa\u0107. Gdyby jednak mog\u0142a, jak twierdzi, odda\u0142aby sw\u00f3j g\u0142os na Eisenkota.<\/p>\n<p>\u2014 Jest bardzo skromny i wra\u017cliwy. Wida\u0107, \u017ce rozmawia z lud\u017ami na ich poziomie. Naprawd\u0119 zale\u017cy mu na tym, co stanie si\u0119 z tym krajem. Chce wprowadzi\u0107 zmiany \u2014 i wierz\u0119, \u017ce mu si\u0119 to uda \u2014 t\u0142umaczy. Uczennica m\u00f3wi o 66-latku niemal z czu\u0142o\u015bci\u0105 c\u00f3rki.<\/p>\n<p>Wystarczy odpowiednio d\u0142ugo s\u0142ucha\u0107 Eisenkota, by rzeczywi\u015bcie dostrzec w nim ojcowski urok. Emanuje do\u015bwiadczeniem cz\u0142owieka, kt\u00f3ry zazna\u0142 zar\u00f3wno niezwyk\u0142ego awansu, jak i g\u0142\u0119bokiej straty.<\/p>\n<p>Eisenkot wywodzi si\u0119 ze skromnych warunk\u00f3w. Jako syn \u017cydowskich imigrant\u00f3w z Maroka urodzi\u0142 si\u0119 z dala od g\u0142\u00f3wnych miast Izraela, w Tyberiadzie, a dorasta\u0142 w Ejlacie na po\u0142udniu kraju. W wojsku przeszed\u0142 drog\u0119 od zwyk\u0142ego \u017co\u0142nierza piechoty w s\u0142ynnej Brygadzie Golani do szefa sztabu Si\u0142 Obronnych Izraela \u2014 mianowanego przez Netanjahu, kt\u00f3ry sam wywodzi si\u0119 z kr\u0119g\u00f3w intelektualnych i elitarnych ameryka\u0144skich uniwersytet\u00f3w. W jednej z reklam wyborczych Likud wy\u015bmiewa nawet nie do ko\u0144ca doskona\u0142y angielski Eisenkota. Mimo to jego popularno\u015b\u0107 wci\u0105\u017c ro\u015bnie.<\/p>\n<p>To nie tylko historia awansu spo\u0142ecznego Eisenkota sprawia, \u017ce wielu Izraelczyk\u00f3w identyfikuje si\u0119 z nim, ale tak\u017ce tragedia, kt\u00f3ra dotkn\u0119\u0142a jego rodzin\u0119.<\/p>\n<p>Si\u00f3dmego grudnia 2023 r. syn Eisenkota, Gal Meir, bra\u0142 udzia\u0142 w operacji maj\u0105cej na celu odzyskanie cia\u0142 dw\u00f3ch Izraelczyk\u00f3w, kt\u00f3rzy 7 pa\u017adziernika zostali uprowadzeni do Strefy Gazy i zabici. Gdy \u017co\u0142nierz zbli\u017cy\u0142 si\u0119 do otwartego wylotu tunelu, wybuch\u0142 \u0142adunek wybuchowy.<\/p>\n<p>Dwudziestopi\u0119ciolatek zosta\u0142 ci\u0119\u017cko ranny i zmar\u0142 p\u00f3\u017aniej w szpitalu.<\/p>\n<p>W Strefie Gazy zgin\u0119\u0142o r\u00f3wnie\u017c dw\u00f3ch bratank\u00f3w Gadiego Eisenkota. Nie wykorzystuje on swojej straty jako tematu kampanii wyborczej, ale wi\u0119kszo\u015b\u0107 Izraelczyk\u00f3w doskonale zdaje sobie spraw\u0119 z tego, jak\u0105 ofiar\u0119 ponios\u0142a jego rodzina w walce z terroryzmem. Natomiast syn Netanjahu, Jair, pozosta\u0142 na Florydzie, podczas gdy Izrael zmobilizowa\u0142 ok. 360 tys. rezerwist\u00f3w w nast\u0119pstwie wydarze\u0144 z 7 pa\u017adziernika.<\/p>\n<blockquote class=\"ods-o-quote\">\n<p class=\"ods-o-quote__paragraph\">Eisenkot uosabia obecnie \u017cal Izraela po poleg\u0142ych synach i c\u00f3rkach \u2014 oraz nadziej\u0119, \u017ce cz\u0142owiek, kt\u00f3rego zawodem by\u0142a wojna, mo\u017ce by\u0107 tym, kt\u00f3ry j\u0105 zako\u0144czy.<\/p>\n<\/blockquote>\n<p><img class=\"ods-a-photo ods-a-photo--background\" src=\"https:\/\/www.europesays.com\/pl\/wp-content\/uploads\/2026\/08\/nT6k9lBaHR0cHM6Ly9vY2RuLmV1L3B1bHNjbXMvTURBXy85ZjJjMjBlNjkzY2ZlZGM5NTZlZDVhMGE1YmEyNmFmNC5qcGeRkwXNB.jpeg\" height=\"627\" width=\"940\" alt=\"By\u0142y dow\u00f3dca izraelskiej armii Gadi Eisenkot podczas pogrzebu swojego syna, starszego sier\u017canta Gal Meira Eisenkota, na cmentarzu w Herzlii, Izrael, 8 grudnia 2023 r. \" loading=\"lazy\" fetchpriority=\"auto\" decoding=\"auto\"\/><\/p>\n<p>Dima Vazinovich \/ Middle East Images \/ Middle East Images via AFP \/ AFP<\/p>\n<p>By\u0142y dow\u00f3dca izraelskiej armii Gadi Eisenkot podczas pogrzebu swojego syna, starszego sier\u017canta Gal Meira Eisenkota, na cmentarzu w Herzlii, Izrael, 8 grudnia 2023 r. <\/p>\n<p>Jego popularno\u015b\u0107 odzwierciedla r\u00f3wnie\u017c pragnienie wielu Izraelczyk\u00f3w, by ponownie powierzy\u0107 kraj w r\u0119ce \u017cyczliwej postaci ojca, jak\u0105 niegdy\u015b by\u0142 Icchak Rabin. Rabin r\u00f3wnie\u017c pe\u0142ni\u0142 funkcj\u0119 szefa sztabu Si\u0142 Obronnych Izraela (IDF) przed wej\u015bciem do polityki, dowodz\u0105c izraelsk\u0105 armi\u0105 podczas zwyci\u0119skiej wojny sze\u015bciodniowej. A\u017c do momentu zamachu na niego w 1995 r. by\u0142 wielk\u0105 nadziej\u0105 na pok\u00f3j na Bliskim Wschodzie.<\/p>\n<p>Czy Eisenkot ma to, czego potrzeba, by przej\u0105\u0107 pa\u0142eczk\u0119 po Rabinie? Wielu wysoko odznaczonych by\u0142ych dow\u00f3dc\u00f3w wojskowych pr\u00f3bowa\u0142o tego przed nim. Wed\u0142ug analizy przeprowadzonej przez Izraelski Instytut Demokracji oko\u0142o dw\u00f3ch trzecich by\u0142ych szef\u00f3w sztabu Si\u0142 Obronnych Izraela (IDF) wkroczy\u0142o p\u00f3\u017aniej do polityki krajowej. Wi\u0119kszo\u015bci z nich si\u0119 to nie uda\u0142o. Ehud Barak zosta\u0142 wprawdzie premierem, ale jego koalicja rozpad\u0142a si\u0119 po zaledwie 20 miesi\u0105cach. Niedawno by\u0142y szef sztabu IDF Benny Ganc, niegdy\u015b niezwykle popularny, do\u015bwiadczy\u0142 za\u0142amania poparcia dla swojej partii i obecnie prawdopodobnie nie uda mu si\u0119 ponownie dosta\u0107 do Knesetu.<\/p>\n<p>Wojsko i polityka ostatecznie funkcjonuj\u0105 wed\u0142ug zupe\u0142nie innych zasad. Si\u0142y zbrojne s\u0105 zhierarchizowane; polityka wymaga kompromisu \u2014 a zatem szczeg\u00f3lnej umiej\u0119tno\u015bci radzenia sobie z lud\u017ami. S\u0105 to umiej\u0119tno\u015bci mi\u0119kkie, kt\u00f3rych wojsko niekoniecznie uczy \u2014 m\u00f3wi profesor Danny Orbach, historyk wojskowo\u015bci z Uniwersytetu Hebrajskiego w Jerozolimie.<\/p>\n<p>\u2014 W armii Ehud Barak \u2014 skrajny przyk\u0142ad nieudanego polityka z wojskowym do\u015bwiadczeniem \u2014 m\u00f3g\u0142 krzycze\u0107 na swoich podw\u0142adnych, je\u015bli go nie s\u0142uchali. W polityce ludzie po prostu odwracaj\u0105 si\u0119 plecami \u2014 m\u00f3wi Orbach. Historyk uwa\u017ca jednak Eisenkota za posta\u0107 innego rodzaju. \u2014 Eisenkot jest bardzo sumienny i g\u0142\u0119boko patriotyczny. Ma dobre intencje. Gdyby nie baga\u017c polityczny Netanjahu, m\u00f3g\u0142by by\u0107 w stanie odbudowa\u0107 stosunki z UE oraz z niekt\u00f3rymi kr\u0119gami Partii Demokratycznej w Stanach Zjednoczonych \u2014 wyja\u015bnia. Bardziej sceptycznie podchodzi jednak do braku do\u015bwiadczenia politycznego Eisenkota, kt\u00f3ry wszed\u0142 do parlamentu zaledwie cztery lata temu. Historyk wojskowo\u015bci krytycznie ocenia r\u00f3wnie\u017c stanowiska, jakie Eisenkot zajmowa\u0142 jako cz\u0142onek gabinetu wojennego Netanjahu po 7 pa\u017adziernika.<\/p>\n<p>\u2014 Gdyby to zale\u017ca\u0142o od Eisenkota, uleg\u0142by presji ze strony rodzin zak\u0142adnik\u00f3w i zako\u0144czy\u0142by wojn\u0119 \u2014 m\u00f3wi Orbach. \u2014 Nie mieliby\u015bmy teraz tych osi\u0105gni\u0119\u0107: 60 proc. Strefy Gazy pod nasz\u0105 kontrol\u0105 oraz os\u0142abionego i odizolowanego Hamasu.<\/p>\n<p>Eisenkot i jego zesp\u00f3\u0142 wyborczy pr\u00f3buj\u0105 przezwyci\u0119\u017cy\u0107 t\u0119 krytyk\u0119, obiecuj\u0105c lepsz\u0105 przysz\u0142o\u015b\u0107.<\/p>\n<p>Nawet dob\u00f3r muzyki na jego wiecach wyborczych ma to na celu.<\/p>\n<p>Z g\u0142o\u015bnik\u00f3w rozbrzmiewa stara izraelska piosenka o pokoju.<\/p>\n<p>&#8222;Wszystko b\u0119dzie dobrze&#8221;.<\/p>\n","protected":false},"excerpt":{"rendered":"To w\u0142a\u015bnie strza\u0142 w g\u0142ow\u0119 palesty\u0144skiego terrorysty po raz pierwszy ujawni\u0142 przepa\u015b\u0107 dziel\u0105c\u0105 Gadiego Eisenkota od Binjamina Netanjahu.&hellip;\n","protected":false},"author":2,"featured_media":623439,"comment_status":"","ping_status":"","sticky":false,"template":"","format":"standard","meta":{"footnotes":"","_share_on_mastodon":"0"},"categories":[14],"tags":[56,343,61195,32,33,123004,27,91,34,35,28,31,48,25,46,40,41,47,88,80,29,30,26,82,83,84],"class_list":["post-623438","post","type-post","status-publish","format-standard","has-post-thumbnail","category-swiat","tag-article_premium","tag-binjamin_netanjahu","tag-bottomfeed_styl","tag-breaking-news","tag-breakingnews","tag-gadi_eisenkot","tag-headlines","tag-izrael","tag-latest-news","tag-latestnews","tag-naglowki","tag-najwazniejsze-artykuly","tag-nat_styl","tag-news","tag-omp","tag-polish","tag-polski","tag-screening_general","tag-strefa_gazy","tag-swiat","tag-top-stories","tag-topstories","tag-wiadomosci","tag-world","tag-world-news","tag-worldnews"],"share_on_mastodon":{"url":"","error":""},"_links":{"self":[{"href":"https:\/\/www.europesays.com\/pl\/wp-json\/wp\/v2\/posts\/623438","targetHints":{"allow":["GET"]}}],"collection":[{"href":"https:\/\/www.europesays.com\/pl\/wp-json\/wp\/v2\/posts"}],"about":[{"href":"https:\/\/www.europesays.com\/pl\/wp-json\/wp\/v2\/types\/post"}],"author":[{"embeddable":true,"href":"https:\/\/www.europesays.com\/pl\/wp-json\/wp\/v2\/users\/2"}],"replies":[{"embeddable":true,"href":"https:\/\/www.europesays.com\/pl\/wp-json\/wp\/v2\/comments?post=623438"}],"version-history":[{"count":0,"href":"https:\/\/www.europesays.com\/pl\/wp-json\/wp\/v2\/posts\/623438\/revisions"}],"wp:featuredmedia":[{"embeddable":true,"href":"https:\/\/www.europesays.com\/pl\/wp-json\/wp\/v2\/media\/623439"}],"wp:attachment":[{"href":"https:\/\/www.europesays.com\/pl\/wp-json\/wp\/v2\/media?parent=623438"}],"wp:term":[{"taxonomy":"category","embeddable":true,"href":"https:\/\/www.europesays.com\/pl\/wp-json\/wp\/v2\/categories?post=623438"},{"taxonomy":"post_tag","embeddable":true,"href":"https:\/\/www.europesays.com\/pl\/wp-json\/wp\/v2\/tags?post=623438"}],"curies":[{"name":"wp","href":"https:\/\/api.w.org\/{rel}","templated":true}]}}