{"id":623480,"date":"2026-08-15T08:06:10","date_gmt":"2026-08-15T08:06:10","guid":{"rendered":"https:\/\/www.europesays.com\/pl\/623480\/"},"modified":"2026-08-15T08:06:10","modified_gmt":"2026-08-15T08:06:10","slug":"zgrzyt-miedzy-chinami-a-japonia-bezczeszczenie-sprawiedliwosci-dziejowej","status":"publish","type":"post","link":"https:\/\/www.europesays.com\/pl\/623480\/","title":{"rendered":"Zgrzyt mi\u0119dzy Chinami a Japoni\u0105. &#8222;Bezczeszczenie sprawiedliwo\u015bci dziejowej&#8221;"},"content":{"rendered":"<p>&#8222;Niezale\u017cnie od tego, jakie argumenty wymy\u015blaj\u0105 japo\u0144scy politycy, nie s\u0105 w stanie ukry\u0107 swoich prawdziwych zamiar\u00f3w, polegaj\u0105cych na rehabilitacji zbrodniarzy wojennych, zatuszowaniu odpowiedzialno\u015bci za zbrodnie wojenne, zniekszta\u0142caniu fakt\u00f3w historycznych oraz torowaniu drogi do przyspieszenia \u00bbremilitaryzacji\u00ab&#8221; \u2014 o\u015bwiadczy\u0142o MSZ w Pekinie.<\/p>\n<p>Uk\u0142on w Yasukuni, czyli jak bardzo azjatyckie wojny o pami\u0119\u0107 przypominaj\u0105 nasze w\u0142asne<img class=\"ods-a-photo ods-a-photo--background\" src=\"https:\/\/www.europesays.com\/pl\/wp-content\/uploads\/2026\/08\/LLNk9lBaHR0cHM6Ly9vY2RuLmV1L3B1bHNjbXMvTURBXy8xMjZiY2E5MmU3NDY1NDMwMDE4NGU5YTI0MTg3OWUzNi5qcGeRlQLNA.jpeg\" height=\"318\" width=\"450\" alt=\"\u015awi\u0105tynia Yasukuni w Tokio\" loading=\"lazy\" fetchpriority=\"low\" decoding=\"async\"\/><\/p>\n<p>&#8222;Te b\u0142\u0119dne czyny to bezczeszczenie sprawiedliwo\u015bci dziejowej, (dzia\u0142ania) godz\u0105ce w podstawy cywilizacji oraz prowokacja wymierzona w powojenny porz\u0105dek mi\u0119dzynarodowy&#8221; \u2014 doda\u0142 resort dyplomacji.<\/p>\n<p>Ministerstwo podkre\u015bli\u0142o, \u017ce na r\u0119ce strony japo\u0144skiej z\u0142o\u017cono oficjalny protest drog\u0105 dyplomatyczn\u0105.<\/p>\n<p>Reakcja Chin ma zwi\u0105zek z obchodzon\u0105 15 sierpnia 81. rocznic\u0105 kapitulacji Japonii podczas II wojny \u015bwiatowej. Tego dnia premier Japonii Sanae Takaichi przekaza\u0142a rytualne dary dla kontrowersyjnej \u015bwi\u0105tyni, a osobi\u015bcie odwiedzili j\u0105 m.in. minister obrony Shinjiro Koizumi oraz ministra bezpiecze\u0144stwa gospodarczego Kimi Onoda.<\/p>\n<p>Japonia robi zwrot w polityce bezpiecze\u0144stwa. Tworzy pot\u0119\u017cn\u0105 machin\u0119 wywiadowcz\u0105<img class=\"ods-a-photo ods-a-photo--background\" src=\"https:\/\/www.europesays.com\/pl\/wp-content\/uploads\/2026\/08\/2psk9lBaHR0cHM6Ly9vY2RuLmV1L3B1bHNjbXMvTURBXy9lNjJlYTc4MmE4MjA1MzE1ZDcxM2RlYTFiOTk5OTZjNS5qcGeRlQLNA.jpeg\" height=\"300\" width=\"450\" alt=\"Japo\u0144scy kadeci podczas defilady w Yokosuce, 14 marca 2026 r.\" loading=\"lazy\" fetchpriority=\"low\" decoding=\"async\"\/><\/p>\n<p>W Yasukuni, kt\u00f3r\u0105 chi\u0144skie MSZ okre\u015bli\u0142o mianem &#8222;duchowego narz\u0119dzia i symbolu japo\u0144skiego militaryzmu&#8221;, oddaje si\u0119 cze\u015b\u0107 ponad 2,4 mln Japo\u0144czyk\u00f3w poleg\u0142ych podczas wojen. Jest w\u015br\u00f3d nich 14 dow\u00f3dc\u00f3w i polityk\u00f3w uznanych za zbrodniarzy wojennych przez mi\u0119dzynarodowy wymiar sprawiedliwo\u015bci po 1945 r.<\/p>\n<p>Wizyty przedstawicieli rz\u0105du w tym miejscu regularnie wywo\u0142uj\u0105 sprzeciw w\u0142adz Chin i Korei Po\u0142udniowej, kt\u00f3re uznaj\u0105 je za przejaw japo\u0144skiego militaryzmu.<\/p>\n","protected":false},"excerpt":{"rendered":"&#8222;Niezale\u017cnie od tego, jakie argumenty wymy\u015blaj\u0105 japo\u0144scy politycy, nie s\u0105 w stanie ukry\u0107 swoich prawdziwych zamiar\u00f3w, polegaj\u0105cych na&hellip;\n","protected":false},"author":2,"featured_media":623481,"comment_status":"","ping_status":"","sticky":false,"template":"","format":"standard","meta":{"footnotes":"","_share_on_mastodon":"0"},"categories":[14],"tags":[61195,32,33,85,27,6979,706,34,35,28,31,48,56992,25,46,40,41,47,80,29,30,26,82,83,84],"class_list":["post-623480","post","type-post","status-publish","format-standard","has-post-thumbnail","category-swiat","tag-bottomfeed_styl","tag-breaking-news","tag-breakingnews","tag-chiny","tag-headlines","tag-ii_wojna_swiatowa","tag-japonia","tag-latest-news","tag-latestnews","tag-naglowki","tag-najwazniejsze-artykuly","tag-nat_styl","tag-newbb_tst1","tag-news","tag-omp","tag-polish","tag-polski","tag-screening_general","tag-swiat","tag-top-stories","tag-topstories","tag-wiadomosci","tag-world","tag-world-news","tag-worldnews"],"share_on_mastodon":{"url":"https:\/\/pubeurope.com\/@pl\/117098499475329850","error":""},"_links":{"self":[{"href":"https:\/\/www.europesays.com\/pl\/wp-json\/wp\/v2\/posts\/623480","targetHints":{"allow":["GET"]}}],"collection":[{"href":"https:\/\/www.europesays.com\/pl\/wp-json\/wp\/v2\/posts"}],"about":[{"href":"https:\/\/www.europesays.com\/pl\/wp-json\/wp\/v2\/types\/post"}],"author":[{"embeddable":true,"href":"https:\/\/www.europesays.com\/pl\/wp-json\/wp\/v2\/users\/2"}],"replies":[{"embeddable":true,"href":"https:\/\/www.europesays.com\/pl\/wp-json\/wp\/v2\/comments?post=623480"}],"version-history":[{"count":0,"href":"https:\/\/www.europesays.com\/pl\/wp-json\/wp\/v2\/posts\/623480\/revisions"}],"wp:featuredmedia":[{"embeddable":true,"href":"https:\/\/www.europesays.com\/pl\/wp-json\/wp\/v2\/media\/623481"}],"wp:attachment":[{"href":"https:\/\/www.europesays.com\/pl\/wp-json\/wp\/v2\/media?parent=623480"}],"wp:term":[{"taxonomy":"category","embeddable":true,"href":"https:\/\/www.europesays.com\/pl\/wp-json\/wp\/v2\/categories?post=623480"},{"taxonomy":"post_tag","embeddable":true,"href":"https:\/\/www.europesays.com\/pl\/wp-json\/wp\/v2\/tags?post=623480"}],"curies":[{"name":"wp","href":"https:\/\/api.w.org\/{rel}","templated":true}]}}