{"id":623486,"date":"2026-08-15T08:09:15","date_gmt":"2026-08-15T08:09:15","guid":{"rendered":"https:\/\/www.europesays.com\/pl\/623486\/"},"modified":"2026-08-15T08:09:15","modified_gmt":"2026-08-15T08:09:15","slug":"majmurek-ten-uklad-nie-ma-sensu-dla-koalicji-jest-recepta-na-kleske","status":"publish","type":"post","link":"https:\/\/www.europesays.com\/pl\/623486\/","title":{"rendered":"Majmurek: ten uk\u0142ad nie ma sensu dla koalicji. Jest recept\u0105 na kl\u0119sk\u0119"},"content":{"rendered":"<p>\n        Wed\u0142ug sonda\u017cowych \u015brednich portalu ewybory.eu partie koalicji 15 pa\u017adziernika i partia Razem maj\u0105 w sumie 44,5 proc. poparcia. Tyle \u017ce z tego a\u017c 7,4 pkt proc. l\u0105duje pod progiem. Inaczej m\u00f3wi\u0105c, marnuje si\u0119 16 proc. poparcia koalicji.\n    <\/p>\n<p>\n        Wyborcy nie pal\u0105 si\u0119 zwykle do g\u0142osowania na parti\u0119, kt\u00f3ra nie daje gwarancji przekroczenia progu wyborczego. Cz\u0119\u015b\u0107 w dniu wybor\u00f3w zag\u0142osuje na inne ugrupowanie, ale wielu zostanie w domu. Na pewno konieczne jest wi\u0119c uratowanie poparcia PSL i resztek po Polsce 2050. Tak by g\u0142osy na nie si\u0119 nie zmarnowa\u0142y. Kluczowa jest zw\u0142aszcza rola PSL, kt\u00f3re ma wyborc\u00f3w mog\u0105cych g\u0142osowa\u0107 zar\u00f3wno na ludowc\u00f3w, jak i na PiS czy inicjatyw\u0119 Morawieckiego.\n    <\/p>\n<p>\n        Nie wiadomo, jak w przysz\u0142ym Sejmie zachowa si\u0119 Partia Razem \u2014 cho\u0107 mo\u017cna by\u0107 raczej pewnym, \u017ce nie utworzy rz\u0105du z prawic\u0105 \u2014 ale z punktu widzenia obozu rz\u0105dowego lepiej by wzi\u0119\u0142a ona kilka mandat\u00f3w, ni\u017c \u017ceby &#8222;zmarnowa\u0142a&#8221; np. 3,5 proc. po nieprawicowej stronie.\u201d\n    <\/p>\n<p>        To b\u0119dzie referendum w sprawie rz\u0105du<\/p>\n<p>\n        Konsolidacja na jednej li\u015bcie nios\u0142aby za sob\u0105 szereg niebezpiecze\u0144stw. Je\u015bli w wyborach zetr\u0105 si\u0119 dwie listy \u2013 prezydencka prawicowa i rz\u0105dowa \u2013 to zadzia\u0142a podobny mechanizm polaryzacji, co w drugiej turze wybor\u00f3w prezydenckich. Nie by\u0142 on korzystny dla kandydata koalicji.\n    <\/p>\n<p>\n        W wyborach parlamentarnych, inaczej ni\u017c w drugiej turze prezydenckich, ca\u0142a prawica nie zmobilizuje si\u0119 jednak najpewniej wok\u00f3\u0142 prezydenckiej listy. Nie wiadomo, czy taka powstanie, ale nawet je\u015bli, to nie b\u0119dzie mog\u0142a obejmowa\u0107 Konfederacji Korony Polskiej Grzegorza Brauna. Ma\u0142o prawdopodobne, by &#8222;koroniarze&#8221; byli zainteresowani. Ale nawet gdyby byli, to na ich udzia\u0142 nie pozwala rzeczywisto\u015b\u0107 sojuszy mi\u0119dzynarodowych PiS i prezydenta. A Korona na prawej flance mo\u017ce zadzia\u0142a\u0107 jako spojler pracuj\u0105cy na korzy\u015b\u0107 listy rz\u0105dowej.\n    <\/p>\n<p>\n        Tak czy inaczej, jedna lista rz\u0105dowa zmieni wybory w referendum wok\u00f3\u0142 oceny rz\u0105du Tuska. A notowania rz\u0105du s\u0105 po prostu z\u0142e. Bez ich poprawienia start na jednej li\u015bcie mo\u017ce by\u0107 bardzo trudny. W tym referendum rz\u0105d b\u0119dzie musia\u0142 si\u0119 broni\u0107 nie tylko przed prawic\u0105, ale i krytyk\u0105 ze strony Partii Razem, kt\u00f3ra na jedn\u0105 rz\u0105dow\u0105 list\u0119 nie wejdzie niemal na pewno. Mo\u017ce za to zadzia\u0142a\u0107 jako spojler, kt\u00f3ry odci\u0105gnie od listy rz\u0105dowej cz\u0119\u015b\u0107 g\u0142os\u00f3w Nowej Lewicy, a jednocze\u015bnie nie przekroczy progu i uniemo\u017cliwi li\u015bcie rz\u0105dowej osi\u0105gni\u0119cie samodzielnej wi\u0119kszo\u015bci.\n    <\/p>\n<p>        Ludzie lubi\u0105 mie\u0107 wyb\u00f3r<\/p>\n<p>\n        Kolejny problem to fikcja sumowania elektorat\u00f3w. Niekoniecznie 30 i 10 proc. poparcia dla dw\u00f3ch partyjnych list musi da\u0107 40 proc. poparcia dla jednej, wsp\u00f3lnej listy. Wyborcy lubi\u0105 mie\u0107 wyb\u00f3r, s\u0105 przywi\u0105zani do swoich partyjnych szyld\u00f3w. Jedna lista od Czarzastego po Kosiniaka-Kamysza straci cz\u0119\u015b\u0107 wyborc\u00f3w, kt\u00f3rych mogliby przyci\u0105gn\u0105\u0107 politycy Nowej Lewicy czy PSL startuj\u0105c samodzielnie.\n    <\/p>\n<p>\n        Elektorat ludowc\u00f3w sceptyczny wobec lewicy i jej obyczajowych postulat\u00f3w mo\u017ce zwr\u00f3ci\u0107 si\u0119 ku prawicy, skuszony np. przez bardziej umiarkowanego polityka Rozwoju Plus na wysokim miejscu w swoim okr\u0119gu. Za\u015b elektorat lewicowy b\u0119dzie mia\u0142 w takiej sytuacji Razem.\n    <\/p>\n<p>\n        Dyskusje o jednej li\u015bcie \u2014 jak widzieli\u015bmy zar\u00f3wno w 2019 i 2023 r. \u2014 wyzwalaj\u0105 wielkie emocje, nie zawsze pozytywne. Mniejsze partie traktuj\u0105 je jako pr\u00f3b\u0119 zdominowania ich przez wi\u0119kszego partnera, ich elektoraty jako pr\u00f3b\u0119 ograniczenia ich wyboru. Dzi\u015b Tusk mo\u017ce wyst\u0119powa\u0107 ze znacznie silniejszej pozycji wobec partii tworz\u0105cych niegdy\u015b Trzeci\u0105 Drog\u0119, ni\u017c m\u00f3g\u0142 w 2023 r. Problem negatywnych emocji jednak pozostanie.\n    <\/p>\n<p>\n        Wszystkie elektoraty s\u0105 te\u017c zm\u0119czone polaryzacj\u0105. Wyb\u00f3r mi\u0119dzy jedn\u0105 list\u0105 na czele z Tuskiem i drug\u0105 z Kaczy\u0144skim mo\u017ce sko\u0144czy\u0107 si\u0119 do\u015b\u0107 nisk\u0105 frekwencj\u0105 przy urnach. Trudno te\u017c powiedzie\u0107, kt\u00f3ra strona zdemobilizuje si\u0119 wtedy bardziej.\n    <\/p>\n<p>        Trzeba by\u0107 otwartym na wszystkie warianty <\/p>\n<p>\n        Jedna lista, jak m\u00f3wi\u0105 doniesienia Onetu, mia\u0142aby by\u0107 te\u017c odpowiedzi\u0105 obozu rz\u0105dowego na ewentualn\u0105 jedn\u0105, prezydenck\u0105 list\u0119 prawicowej opozycji. Do jej powstania ci\u0105gle jest jednak daleko. Problemem jest nie tylko Braun \u2014 tak\u017ce Konfederacja Bosaka i Mentzena niekoniecznie musi uzna\u0107, \u017ce ma dzi\u015b interes, by przyst\u0105pi\u0107 do wielkiej prawicowej koalicji. Wsp\u00f3lna lista odebra\u0142aby Konfederatom aur\u0119 antysystemowo\u015bci, wystawiaj\u0105c na ataki ze strony Korony.\n    <\/p>\n<p>\n        Z punktu widzenia rz\u0105du najlepiej by\u0142oby, gdyby prezydent si\u0119 takiej misji podj\u0105\u0142 i poni\u00f3s\u0142 spektakularn\u0105 kl\u0119sk\u0119. Gdyby jeszcze przy okazji wszyscy na prawicy si\u0119 ze sob\u0105 sk\u0142\u00f3cili w \u017cenuj\u0105cy dla wyborc\u00f3w spos\u00f3b, to Tusk m\u00f3g\u0142by naprawd\u0119 odetchn\u0105\u0107 przed wyborami.\n    <\/p>\n<p>\n        Najlepsze scenariusze rzadko si\u0119 jednak spe\u0142niaj\u0105 \u2014 po ka\u017cdej stronie. Strona rz\u0105dowa musi by\u0107 wi\u0119c gotowa tak\u017ce na wypadek konsolidacji prawicy. Nie jest ci\u0105gle jasne, czy jedna lista b\u0119dzie najlepsz\u0105 odpowiedzi\u0105 na ten scenariusz, ale na pewno warto ju\u017c teraz zam\u00f3wi\u0107 badania analizuj\u0105ce wszelkie mo\u017cliwe warianty pozwalaj\u0105ce optymalizowa\u0107 poparcie.\n    <\/p>\n<p>\n        Jednocze\u015bnie tak jak herbata nie robi si\u0119 s\u0142odsza od samego mieszania, tak nie da si\u0119 wygra\u0107 wybor\u00f3w, wy\u0142\u0105cznie przestawiaj\u0105c listy. Strona rz\u0105dowa musi przede wszystkim opowiedzie\u0107 Polakom, dlaczego powinni jej powierzy\u0107 w\u0142adz\u0119 na nast\u0119pne cztery lata \u2013 i to ze \u015bwiadomo\u015bci\u0105 dzia\u0142ania wsp\u00f3lnie z hamulcowym w Pa\u0142acu Prezydenckim. <a href=\"https:\/\/www.newsweek.pl\/polska\/polityka\/donald-tusk-nie-rozumie-klasy-sredniej-ko-moze-przegrac-wybory\/rmff4pj\" id=\"5a3b7a31-9745-4540-89d4-523555242f81\" rel=\"nofollow noopener\" target=\"_blank\">Tej narracji \u201epo co s\u0105 nasze rz\u0105dy\u201d brakowa\u0142o przez ostatnie trzy lata<\/a>. I je\u015bli za rok rz\u0105d nie chce straci\u0107 w\u0142adzy, powinien j\u0105 zacz\u0105\u0107 przedstawia\u0107 jak najszybciej. <\/p>\n","protected":false},"excerpt":{"rendered":"Wed\u0142ug sonda\u017cowych \u015brednich portalu ewybory.eu partie koalicji 15 pa\u017adziernika i partia Razem maj\u0105 w sumie 44,5 proc. poparcia.&hellip;\n","protected":false},"author":2,"featured_media":623487,"comment_status":"","ping_status":"","sticky":false,"template":"","format":"standard","meta":{"footnotes":"","_share_on_mastodon":"0"},"categories":[62713],"tags":[1345,9814,65384,7797,122503],"class_list":["post-623486","post","type-post","status-publish","format-standard","has-post-thumbnail","category-donald-tusk","tag-donald-tusk","tag-partia-razem","tag-polskie-stronnictwo-ludowe","tag-prawo-i-sprawiedliwosc","tag-wybory-parlamentarne-2027"],"share_on_mastodon":{"url":"https:\/\/pubeurope.com\/@pl\/117098510020651008","error":""},"_links":{"self":[{"href":"https:\/\/www.europesays.com\/pl\/wp-json\/wp\/v2\/posts\/623486","targetHints":{"allow":["GET"]}}],"collection":[{"href":"https:\/\/www.europesays.com\/pl\/wp-json\/wp\/v2\/posts"}],"about":[{"href":"https:\/\/www.europesays.com\/pl\/wp-json\/wp\/v2\/types\/post"}],"author":[{"embeddable":true,"href":"https:\/\/www.europesays.com\/pl\/wp-json\/wp\/v2\/users\/2"}],"replies":[{"embeddable":true,"href":"https:\/\/www.europesays.com\/pl\/wp-json\/wp\/v2\/comments?post=623486"}],"version-history":[{"count":0,"href":"https:\/\/www.europesays.com\/pl\/wp-json\/wp\/v2\/posts\/623486\/revisions"}],"wp:featuredmedia":[{"embeddable":true,"href":"https:\/\/www.europesays.com\/pl\/wp-json\/wp\/v2\/media\/623487"}],"wp:attachment":[{"href":"https:\/\/www.europesays.com\/pl\/wp-json\/wp\/v2\/media?parent=623486"}],"wp:term":[{"taxonomy":"category","embeddable":true,"href":"https:\/\/www.europesays.com\/pl\/wp-json\/wp\/v2\/categories?post=623486"},{"taxonomy":"post_tag","embeddable":true,"href":"https:\/\/www.europesays.com\/pl\/wp-json\/wp\/v2\/tags?post=623486"}],"curies":[{"name":"wp","href":"https:\/\/api.w.org\/{rel}","templated":true}]}}