{"id":623646,"date":"2026-08-15T09:58:15","date_gmt":"2026-08-15T09:58:15","guid":{"rendered":"https:\/\/www.europesays.com\/pl\/623646\/"},"modified":"2026-08-15T09:58:15","modified_gmt":"2026-08-15T09:58:15","slug":"ogladaj-transmisje-laczona-z-me-w-lekkoatletyce-i-plywaniu-sport-tvp-pl","status":"publish","type":"post","link":"https:\/\/www.europesays.com\/pl\/623646\/","title":{"rendered":"Ogl\u0105daj transmisj\u0119 \u0142\u0105czon\u0105 z ME w lekkoatletyce i p\u0142ywaniu! &#8211; sport.tvp.pl"},"content":{"rendered":"<ol>\n<li><a href=\"https:\/\/news.google.com\/rss\/articles\/CBMi2wFBVV95cUxQZUJRNTRwLWU4TWM1YzhDTXNrckRTamdUMGhnUE5IVzN3MnlrZmxWREk3bFRwRTllNkR3OUVuV2ZweTVZWXg4SkYzeW1zUXY2ZlFqdC0zTldSeFFneG5vYVJKR1dJNThlaFZCajc1SFg0U0w5Z2VCOFQ3T0JLalR2VzFQQ1h0N1hvV3ZMTWlESndWenFRVm14TlBPblFMZGFsWDY0a0ltNFpvdmdOVTF5cUNhakhMckdIc0VRYUFhbDZDMFRuWTRmaGJUc2wyMHd3Z0N2YWxlaHlPdG8?oc=5\" target=\"_blank\" rel=\"nofollow noopener\">Ogl\u0105daj transmisj\u0119 \u0142\u0105czon\u0105 z ME w lekkoatletyce i p\u0142ywaniu!<\/a>&nbsp;&nbsp;sport.tvp.pl<\/li>\n<li><a href=\"https:\/\/news.google.com\/rss\/articles\/CBMisAFBVV95cUxPS3NOOEtlcG5SOV8zYXVkX1I0dnBRYmhwdFFKOFhNZ24zTHVXMDdHWmtDVmhQVlByN1puQklZVUc4cUpWWm9ISWlIdGxKOTVKQm1qLXhLaUhrZkkxX2J2TVN2NzFfdzVNb0FIYy01RGY2bkFPTmcya2FhSFdnWlJKWGxtem5KYm51QXJJTGRhbEZMekF3YnNFUkJmU0pBNWlzNTBSN0VwRHdHdzdrcW5sMg?oc=5\" target=\"_blank\" rel=\"nofollow noopener\">ME w lekkoatletyce: dzie\u0144 6, sesja poranna [RELACJA NA \u017bYWO]<\/a>&nbsp;&nbsp;Przegl\u0105d Sportowy<\/li>\n<li><a href=\"https:\/\/news.google.com\/rss\/articles\/CBMimwFBVV95cUxPaXlUT1V1QTY0NlFremFmVFpUY3BKbmU0MHF2bnM0eHJXREdLcGQyZXdDdTFLMVlBd04yXzJvakl4TGdtMzg0YldjY1NjbUpEdG0zdTduRFVzMlFFUTlIOC1oaG9FcEJpYnQ0TFRqWmNjZTFhWGtCWWhrRFVUbVhoYVJzN1F4Zks5UU0zbXRSRGhOb0VuM1N0RlB3VQ?oc=5\" target=\"_blank\" rel=\"nofollow noopener\">Znakomita wiadomo\u015b\u0107 od Bukowieckiej przed fina\u0142em ME<\/a>&nbsp;&nbsp;SportoweFakty<\/li>\n<li><a href=\"https:\/\/news.google.com\/rss\/articles\/CBMipAJBVV95cUxNSm40TDNaNlJ6NmlDbDNMTzVlaThrRmd6eGpfX3M3ZXZCUUNJdkY3RlhnNHpWaDNlTTRWdmhhTENxZlYxanJBNEV0eDFCaklybndBcDRNbUs1VzE2RDN4bk40Sm04VGNEano4QzZ2ZXgzZUZPNVAzcEx4WWJWR21XUWUxN2VXSWFaczV1SUdZSXdpblJYUzZsVnBmRTdXQmFNSl9oSHlhZkFmSEx2WnpZa3hVOGhaQXpldS1WYXpsdFBLRVhHS2E0WXlHUDdCTlVpbU9FVUg4R3h5RFpUMlRneGhvTS1KOEF3RUNvMVlnZnN3b1Uxb1lIcHBoX1MxZlhBcjJ3dzU2MlJzWXZiRFZKdDF2WmNqLU5BRmtCelBjR1FGNGUx?oc=5\" target=\"_blank\" rel=\"nofollow noopener\">To mo\u017ce by\u0107 polska sobota w Birmingham. Kilka medalowych szans<\/a>&nbsp;&nbsp;eurosport.tvn24.pl<\/li>\n<li><a href=\"https:\/\/news.google.com\/rss\/articles\/CBMiowFBVV95cUxPbkxWZnI1XzNtamZCN0x2VFYtcE90V3VFQkxvQmNsYjQwMlpsdVJ1WmxzWkZQMWROeGp6cUc1UEJmOHdxVHVMTldXMEl2ZEtqUTUyUW03QTFJdnpvWHI1SFFSYjhPWk1VcXp2akZ3WHFnZndKYjdESnRBa0tJcnBxLUhjSTAxeGtuMklaa0VROUdNaGMtb1RsVkNwRHZUa3ViNF84?oc=5\" target=\"_blank\" rel=\"nofollow noopener\">Polacy na lekkoatletycznych ME w sobot\u0119. Kto startuje?<\/a>&nbsp;&nbsp;www.polsatsport.pl<\/li>\n<\/ol>\n","protected":false},"excerpt":{"rendered":"Ogl\u0105daj transmisj\u0119 \u0142\u0105czon\u0105 z ME w lekkoatletyce i p\u0142ywaniu!&nbsp;&nbsp;sport.tvp.pl ME w lekkoatletyce: dzie\u0144 6, sesja poranna [RELACJA NA&hellip;\n","protected":false},"author":2,"featured_media":623647,"comment_status":"","ping_status":"","sticky":false,"template":"","format":"standard","meta":{"footnotes":"","_share_on_mastodon":"0"},"categories":[24],"tags":[522,121741,27227,42,6095,38,40,39,41,127,334,126,545],"class_list":["post-623646","post","type-post","status-publish","format-standard","has-post-thumbnail","category-sport","tag-lekkoatletyka","tag-me-w-lekkoatletyce","tag-me-w-plywaniu","tag-pl","tag-plywanie","tag-poland","tag-polish","tag-polska","tag-polski","tag-sport","tag-sport-tvp-pl","tag-sports","tag-transmisja"],"share_on_mastodon":{"url":"https:\/\/pubeurope.com\/@pl\/117098938662775195","error":""},"_links":{"self":[{"href":"https:\/\/www.europesays.com\/pl\/wp-json\/wp\/v2\/posts\/623646","targetHints":{"allow":["GET"]}}],"collection":[{"href":"https:\/\/www.europesays.com\/pl\/wp-json\/wp\/v2\/posts"}],"about":[{"href":"https:\/\/www.europesays.com\/pl\/wp-json\/wp\/v2\/types\/post"}],"author":[{"embeddable":true,"href":"https:\/\/www.europesays.com\/pl\/wp-json\/wp\/v2\/users\/2"}],"replies":[{"embeddable":true,"href":"https:\/\/www.europesays.com\/pl\/wp-json\/wp\/v2\/comments?post=623646"}],"version-history":[{"count":0,"href":"https:\/\/www.europesays.com\/pl\/wp-json\/wp\/v2\/posts\/623646\/revisions"}],"wp:featuredmedia":[{"embeddable":true,"href":"https:\/\/www.europesays.com\/pl\/wp-json\/wp\/v2\/media\/623647"}],"wp:attachment":[{"href":"https:\/\/www.europesays.com\/pl\/wp-json\/wp\/v2\/media?parent=623646"}],"wp:term":[{"taxonomy":"category","embeddable":true,"href":"https:\/\/www.europesays.com\/pl\/wp-json\/wp\/v2\/categories?post=623646"},{"taxonomy":"post_tag","embeddable":true,"href":"https:\/\/www.europesays.com\/pl\/wp-json\/wp\/v2\/tags?post=623646"}],"curies":[{"name":"wp","href":"https:\/\/api.w.org\/{rel}","templated":true}]}}