{"id":623839,"date":"2026-08-15T12:09:09","date_gmt":"2026-08-15T12:09:09","guid":{"rendered":"https:\/\/www.europesays.com\/pl\/623839\/"},"modified":"2026-08-15T12:09:09","modified_gmt":"2026-08-15T12:09:09","slug":"prezydent-wreczyl-21-oficerom-nominacje-na-stopnie-generalskie-i","status":"publish","type":"post","link":"https:\/\/www.europesays.com\/pl\/623839\/","title":{"rendered":"Prezydent wr\u0119czy\u0142 21 oficerom nominacje na stopnie generalskie i&#8230;"},"content":{"rendered":"<p>Prezydent wr\u0119czy\u0142 nominacje w dniu \u015awi\u0119ta Wojska Polskiego, na wst\u0119pie defilady na warszawskiej Wis\u0142ostradzie. Symboliczne bu\u0142awy przekaza\u0142 oficerom wicepremier, minister obrony narodowej W\u0142adys\u0142aw Kosiniak-Kamysz.<\/p>\n<p>Awans na drugi stopie\u0144 generalski &#8211; genera\u0142a dywizji &#8211; otrzyma\u0142o sze\u015bciu genera\u0142\u00f3w brygady:<\/p>\n<p>niedawno powo\u0142any nowy dow\u00f3dca Komponentu Wojsk Obrony Cyberprzestrzeni Mariusz Chmielewski,<br \/>\nInspektor Si\u0142 Powietrznych w Dow\u00f3dztwie Generalnym Tomasz Jatczak,<br \/>\ndow\u00f3dca Wielonarodowej Dywizji P\u00f3\u0142nocny-Wsch\u00f3d Rafa\u0142 Kowalik,<br \/>\ndyrektor departamentu bud\u017cetowego w MON S\u0142awomir Kozicki,<br \/>\ndow\u00f3dca 11. Lubuskiej Dywizji Kawalerii Pancernej S\u0142awomir Lidwa<br \/>\ndyrektor departamentu infrastruktury w MON Jacek Sankowski.<\/p>\n<p>Wiceadmira\u0142em &#8211; odpowiednikiem genera\u0142a dywizji w Marynarce Wojennej &#8211; zosta\u0142 kontradmira\u0142 Piotr Sikora &#8211; Zast\u0119pca Dow\u00f3dcy Operacyjnego Rodzaj\u00f3w Si\u0142 Zbrojnych.<\/p>\n<p>Czternastu oficer\u00f3w &#8211; w tym trzynastu pu\u0142kownik\u00f3w i jeden komandor &#8211; otrzyma\u0142o sw\u00f3j pierwszy stopie\u0144 generalski, odpowiednio genera\u0142a brygady i kontradmira\u0142a.<\/p>\n<p>Nominacje na stopie\u0144 genera\u0142a brygady Wojska Polskiego otrzymali:<\/p>\n<p>p\u0142k Grzegorz Faka &#8211; dyrektor Departamentu Kadr, Ministerstwo Obrony Narodowej;<br \/>\np\u0142k Krzysztof Klin &#8211; zast\u0119pca szefa Inspektoratu Wsparcia Si\u0142 Zbrojnych &#8211; Szef Logistyki;<br \/>\np\u0142k Zbigniew Krzyszczuk &#8211; dow\u00f3dca 2 Lubelskiej Brygady Obrony Terytorialnej;<br \/>\np\u0142k Dariusz Kwiatkowski &#8211; zast\u0119pca dow\u00f3dcy Komponentu Wojsk Obrony Cyberprzestrzeni;<br \/>\np\u0142k Janusz Misiak &#8211; zast\u0119pca szefa Zarz\u0105du Planowania Operacyjnego &#8211; P3, Sztab Generalny Wojska Polskiego;<br \/>\np\u0142k Piotr Paluch &#8211; zast\u0119pca szefa Agencji Uzbrojenia;<br \/>\np\u0142k Dariusz Piotrowiak &#8211; zast\u0119pca dyrektora Departamentu Kontroli, Ministerstwo Obrony Narodowej.<\/p>\n<p>Nominacje otrzymali r\u00f3wnie\u017c: <\/p>\n<p>p\u0142k Miros\u0142aw P\u0142omi\u0144ski &#8211; zast\u0119pca szefa Zarz\u0105du Planowania i Programowania Rozwoju Si\u0142 Zbrojnych &#8211; P5, Sztab Generalny Wojska Polskiego;<br \/>\np\u0142k Miros\u0142aw Posto\u0142owicz &#8211; zast\u0119pca szefa Zarz\u0105du Kierowania i Dowodzenia &#8211; P6, Sztab Generalny Wojska Polskiego;<br \/>\np\u0142k Renart Skrzypczak &#8211; dow\u00f3dca 1 Warszawskiej Brygady Pancernej;<br \/>\np\u0142k pil. Krzysztof Szymaniec &#8211; rektor-komendant Lotniczej Akademii Wojskowej;<br \/>\np\u0142k Zbigniew Targo\u0144ski &#8211; szef Sztabu Dow\u00f3dztwa Wojsk Obrony Terytorialnej;<br \/>\np\u0142k pil. Robert Weissgerber &#8211; szef Pionu &#8211; Zast\u0119pca Szefa Sztabu ds. Planowania, Dow\u00f3dztwo Operacyjne Rodzaj\u00f3w Si\u0142 Zbrojnych.<\/p>\n<p>Nominacj\u0119 na stopie\u0144 kontradmira\u0142a Wojska Polskiego trzyma\u0142 kmdr Artur Ko\u0142aczy\u0144ski &#8211; dow\u00f3dca 8 Flotylli Obrony Wybrze\u017ca.<\/p>\n<p>Nominacje generalskie tradycyjnie wr\u0119czane s\u0105 oficerom przy okazji wa\u017cnych \u015bwi\u0105t pa\u0144stwowych &#8211; Narodowego \u015awi\u0119ta Niepodleg\u0142o\u015bci 11 listopada, \u015awi\u0119ta Narodowego Trzeciego Maja i podczas \u015awi\u0119ta Wojska Polskiego 15 sierpnia. Zgodnie z przepisami, stopnie generalskie i admiralskie nadaje prezydent na wniosek szefa MON, a nominacje kontrasygnuje premier.<\/p>\n<p>\n\t\t\u00ab<br \/>\n\t\t\u2039<\/p>\n<p>\t\t1<\/p>\n<p>\t\t\u203a<br \/>\n\t\t\u00bb<\/p>\n","protected":false},"excerpt":{"rendered":"Prezydent wr\u0119czy\u0142 nominacje w dniu \u015awi\u0119ta Wojska Polskiego, na wst\u0119pie defilady na warszawskiej Wis\u0142ostradzie. Symboliczne bu\u0142awy przekaza\u0142 oficerom&hellip;\n","protected":false},"author":2,"featured_media":623840,"comment_status":"","ping_status":"","sticky":false,"template":"","format":"standard","meta":{"footnotes":"","_share_on_mastodon":"0"},"categories":[62712],"tags":[21690,690,1005,45810,21691,5073,9378,21692,161],"class_list":["post-623839","post","type-post","status-publish","format-standard","has-post-thumbnail","category-karol-nawrocki","tag-gosc-niedzielny","tag-karol-nawrocki","tag-prezydent","tag-prezydent-rp","tag-publicystyka-katolicka","tag-swieto","tag-tygodnik-katolicki","tag-wiadomosci-z-zycia-kosciola-polski-i-swiata","tag-wojsko"],"share_on_mastodon":{"url":"https:\/\/pubeurope.com\/@pl\/117099453685255449","error":""},"_links":{"self":[{"href":"https:\/\/www.europesays.com\/pl\/wp-json\/wp\/v2\/posts\/623839","targetHints":{"allow":["GET"]}}],"collection":[{"href":"https:\/\/www.europesays.com\/pl\/wp-json\/wp\/v2\/posts"}],"about":[{"href":"https:\/\/www.europesays.com\/pl\/wp-json\/wp\/v2\/types\/post"}],"author":[{"embeddable":true,"href":"https:\/\/www.europesays.com\/pl\/wp-json\/wp\/v2\/users\/2"}],"replies":[{"embeddable":true,"href":"https:\/\/www.europesays.com\/pl\/wp-json\/wp\/v2\/comments?post=623839"}],"version-history":[{"count":0,"href":"https:\/\/www.europesays.com\/pl\/wp-json\/wp\/v2\/posts\/623839\/revisions"}],"wp:featuredmedia":[{"embeddable":true,"href":"https:\/\/www.europesays.com\/pl\/wp-json\/wp\/v2\/media\/623840"}],"wp:attachment":[{"href":"https:\/\/www.europesays.com\/pl\/wp-json\/wp\/v2\/media?parent=623839"}],"wp:term":[{"taxonomy":"category","embeddable":true,"href":"https:\/\/www.europesays.com\/pl\/wp-json\/wp\/v2\/categories?post=623839"},{"taxonomy":"post_tag","embeddable":true,"href":"https:\/\/www.europesays.com\/pl\/wp-json\/wp\/v2\/tags?post=623839"}],"curies":[{"name":"wp","href":"https:\/\/api.w.org\/{rel}","templated":true}]}}