{"id":623891,"date":"2026-08-15T12:43:31","date_gmt":"2026-08-15T12:43:31","guid":{"rendered":"https:\/\/www.europesays.com\/pl\/623891\/"},"modified":"2026-08-15T12:43:31","modified_gmt":"2026-08-15T12:43:31","slug":"weekend-w-bialymstoku-koncerty-wojskowe-atrakcje-i-sportowa-rywalizacja","status":"publish","type":"post","link":"https:\/\/www.europesays.com\/pl\/623891\/","title":{"rendered":"Weekend w Bia\u0142ymstoku. Koncerty, wojskowe atrakcje i sportowa rywalizacja"},"content":{"rendered":"\n<p>            <img decoding=\"async\" class=\"art-figimg\" src=\"https:\/\/www.europesays.com\/pl\/wp-content\/uploads\/2026\/08\/150372-e.jpg\" width=\"375\" height=\"250\" alt=\"Weekend w Bia\u0142ymstoku. Koncerty, wojskowe atrakcje i sportowa rywalizacja\" loading=\"lazy\" fetchpriority=\"high\"\/><br \/>\n            Fot: Wodoci\u0105gi Bia\u0142ostockie<\/p>\n<p class=\"art-lid\">W najbli\u017cszy weekend (14-16 sierpnia) w Bia\u0142ymstoku nie zabraknie koncert\u00f3w, wydarze\u0144 zwi\u0105zanych ze \u015awi\u0119tem Wojska Polskiego oraz sportowych emocji. B\u0119d\u0105 te\u017c propozycje dla rodzin i mi\u0142o\u015bnik\u00f3w wsp\u00f3lnej zabawy. Oto przegl\u0105d wydarze\u0144, kt\u00f3re odb\u0119d\u0105 si\u0119 w Bia\u0142ymstoku.<\/p>\n<p class=\"art-cont\">PI\u0104TEK, 14 sierpnia<\/p>\n<p>Awen + Siedlisko Dekadencji<\/p>\n<p>W klubie Sze\u015bcian zabrzmi progrock, folk oraz rockowe brzmienia inspirowane muzyk\u0105 irlandzk\u0105. Publiczno\u015b\u0107 us\u0142yszy r\u00f3wnie\u017c autorskie utwory z pogranicza jazzu i polskiego rocka. Wiecz\u00f3r zako\u0144czy taneczne after party.<\/p>\n<p><a href=\"https:\/\/www.bialystokonline.pl\/awen-siedlisko-dekadencji,impreza,150291,8,1.html\" target=\"_blank\" rel=\"nofollow noopener\">Awen + Siedlisko Dekadencji<\/a><\/p>\n<p>Letnie Granie | Lumen Road \u201eMuzyczne kino drogi\u201d<\/p>\n<p>W Nie Teatrze wyst\u0105pi duet Lumen Road, kt\u00f3ry si\u0119gnie po utwory inspirowane klasyk\u0105 \u015bwiatowego kina. W programie znalaz\u0142y si\u0119 m.in. aran\u017cacje motyw\u00f3w z \u201eBagdad Cafe\u201d, \u201eDziko\u015bci serca\u201d, \u201eYou Only Live Twice\u201d i \u201ePulp Fiction\u201d oraz akustyczna wersja \u201eRunning Up That Hill\u201d Kate Bush. Muzyka b\u0119dzie \u0142\u0105czy\u0107 gitarowe, surowe brzmienia z klimatem film\u00f3w drogi.<\/p>\n<p><a href=\"https:\/\/www.bialystokonline.pl\/letnie-granie-lumen-road-muzyczne-kino-drogi,impreza,150251,8,1.html\" target=\"_blank\" rel=\"nofollow noopener\">Letnie Granie | Lumen Road \u201eMuzyczne kino drogi\u201d<\/a><\/p>\n<p>SOBOTA, 15 sierpnia<\/p>\n<p>\u015awi\u0119to Wojska Polskiego \u2013 Na Bezpiecznie!<\/p>\n<p>W Parku Militarnym przy ul. W\u0119glowej odb\u0119d\u0105 si\u0119 obchody \u015awi\u0119ta Wojska Polskiego po\u015bwi\u0119cone bezpiecze\u0144stwu i zasadom reagowania w sytuacjach zagro\u017cenia. W programie znalaz\u0142y si\u0119 pokazy, stanowiska edukacyjne oraz spotkania z przedstawicielami s\u0142u\u017cb i instytucji. Nie zabraknie r\u00f3wnie\u017c atrakcji dla rodzin oraz okazji do zdobycia praktycznej wiedzy z zakresu pierwszej pomocy.<\/p>\n<p><a href=\"https:\/\/www.bialystokonline.pl\/swieto-wojska-polskiego-na-bezpiecznie,impreza,150702,9,1.html\" target=\"_blank\" rel=\"nofollow noopener\">\u015awi\u0119to Wojska Polskiego \u2013 Na Bezpiecznie!<\/a><\/p>\n<p>\u015awi\u0119to Wojska Polskiego na Chorten Arenie<\/p>\n<p>Na Chorten Arenie odb\u0119dzie si\u0119 turniej, w kt\u00f3rym zmierz\u0105 si\u0119 reprezentacje sze\u015bciu s\u0142u\u017cb mundurowych z regionu. Wydarzeniu b\u0119dzie towarzyszy\u0142 piknik rodzinny z atrakcjami dla dzieci, prezentacj\u0105 sprz\u0119tu s\u0142u\u017cb oraz wojskow\u0105 groch\u00f3wk\u0105. Wst\u0119p bezp\u0142atny.<\/p>\n<p><a href=\"https:\/\/www.bialystokonline.pl\/swieto-wojska-polskiego-na-chorten-arenie,impreza,150646,9,1.html\" target=\"_blank\" rel=\"nofollow noopener\">\u015awi\u0119to Wojska Polskiego na Chorten Arenie<\/a><\/p>\n<p>NIEDZIELA, 16 sierpnia<\/p>\n<p>Plansz\u00f3wki w Parku Antoniuk<\/p>\n<p>W Parku Antoniuk pojawi si\u0119 oko\u0142o 80 plansz\u00f3wek dla os\u00f3b w r\u00f3\u017cnym wieku. Na miejscu b\u0119dzie mo\u017cna wybra\u0107 tytu\u0142, kt\u00f3rego zasady wyja\u015bni\u0105 animatorzy i wolontariusze. W programie znalaz\u0142a si\u0119 r\u00f3wnie\u017c rozgrywka na planszy XXL z Basi\u0105 Ko\u0142aczyk.<\/p>\n<p><a href=\"https:\/\/www.bialystokonline.pl\/planszowki-w-parku-antoniuk,impreza,150818,4,1.html\" target=\"_blank\" rel=\"nofollow noopener\">Plansz\u00f3wki w Parku Antoniuk<\/a><\/p>\n<p>Wings Jaga Cup 2026<\/p>\n<p>Na boisku Jagiellonii Bia\u0142ystok spotka si\u0119 10 dru\u017cyn w turnieju pi\u0142karskim U9. M\u0142odzi zawodnicy zagraj\u0105 w formule 5 na 5, reprezentuj\u0105c kluby z Polski oraz zagranicy. Poza meczami na kibic\u00f3w czeka wyst\u0119p MOCNO DANCE STUDIO. Wst\u0119p na wydarzenie jest bezp\u0142atny.<\/p>\n<p><a href=\"https:\/\/www.bialystokonline.pl\/wings-jaga-cup-2026,impreza,150710,4,1.html\" target=\"_blank\" rel=\"nofollow noopener\">Wings Jaga Cup 2026<\/a><\/p>\n<p>Pozosta\u0142e wydarzenia mo\u017cna znale\u017a\u0107 w naszym kalendarzu: <a href=\"https:\/\/www.bialystokonline.pl\/imprezy\" target=\"_blank\" rel=\"nofollow noopener\">KALENDARZ IMPREZ<\/a><br \/>&#13;\n<\/p>\n<p class=\"art-autimg\">\n<p>                            <img decoding=\"async\" class=\"art-autimgi\" src=\"https:\/\/www.europesays.com\/pl\/wp-content\/uploads\/2026\/08\/1786797811_679_avatar_1x.jpg\" alt=\"Diana Rusi\u0142owicz\" width=\"64\" height=\"64\" loading=\"lazy\"\/><\/p>\n<p class=\"art-autname\">Diana Rusi\u0142owicz<\/p>\n<p>24@bialystokonline.pl<\/p>\n<p>Przeczytaj tak\u017ce<\/p>\n<p>&#13;<br \/>\n&#13;<br \/>\n&#13;<br \/>\n<img loading=\"lazy\" decoding=\"async\" src=\"https:\/\/www.europesays.com\/pl\/wp-content\/uploads\/2026\/08\/1786797811_290_adlog.gif\" width=\"0\" height=\"0\" alt=\"\" style=\"width: 0px; height: 0px;\"\/><\/p>\n<p>Popularne dzisiaj<\/p>\n","protected":false},"excerpt":{"rendered":"Fot: Wodoci\u0105gi Bia\u0142ostockie W najbli\u017cszy weekend (14-16 sierpnia) w Bia\u0142ymstoku nie zabraknie koncert\u00f3w, wydarze\u0144 zwi\u0105zanych ze \u015awi\u0119tem Wojska&hellip;\n","protected":false},"author":2,"featured_media":623892,"comment_status":"","ping_status":"","sticky":false,"template":"","format":"standard","meta":{"footnotes":"","_share_on_mastodon":"0"},"categories":[51614],"tags":[2151,51731,113,51730,3754,51738,51735,4041,1096,1089,399,17334,51736,1091,2921,10723,261,3840,51734,8736,1232,120,7116,17265,19285,42,5083,38,40,39,41,6309,1756,8815,38950,123,800,4278,1323,51737,6258,123090,123091,1092,58639,58640,2879,253],"class_list":["post-623891","post","type-post","status-publish","format-standard","has-post-thumbnail","category-bialystok","tag-bialystok","tag-bialystokonline","tag-biznes","tag-bstok","tag-dom","tag-drobne","tag-firm","tag-firmy","tag-hotele","tag-imprezy","tag-informacje","tag-katalog","tag-kina","tag-kino","tag-koncert","tag-koncerty","tag-kultura","tag-lokale","tag-miejski","tag-mieszkanie","tag-motoryzacja","tag-nauka","tag-ogloszenia","tag-on-line","tag-online","tag-pl","tag-podlasie","tag-poland","tag-polish","tag-polska","tag-polski","tag-portal","tag-praca","tag-repertuar","tag-rozklad","tag-rozrywka","tag-teatr","tag-turystyka","tag-uroda","tag-urzedy","tag-weekend","tag-weekend-w-bialymstoku-koncerty","tag-wojskowe-atrakcje-i-sportowa-rywalizacja","tag-wydarzenia","tag-wydarzenia-weekendowe","tag-wystawykultura-i-rozrywka","tag-zakupy","tag-zdrowie"],"share_on_mastodon":{"url":"","error":"Validation failed: Text character limit of 500 exceeded"},"_links":{"self":[{"href":"https:\/\/www.europesays.com\/pl\/wp-json\/wp\/v2\/posts\/623891","targetHints":{"allow":["GET"]}}],"collection":[{"href":"https:\/\/www.europesays.com\/pl\/wp-json\/wp\/v2\/posts"}],"about":[{"href":"https:\/\/www.europesays.com\/pl\/wp-json\/wp\/v2\/types\/post"}],"author":[{"embeddable":true,"href":"https:\/\/www.europesays.com\/pl\/wp-json\/wp\/v2\/users\/2"}],"replies":[{"embeddable":true,"href":"https:\/\/www.europesays.com\/pl\/wp-json\/wp\/v2\/comments?post=623891"}],"version-history":[{"count":0,"href":"https:\/\/www.europesays.com\/pl\/wp-json\/wp\/v2\/posts\/623891\/revisions"}],"wp:featuredmedia":[{"embeddable":true,"href":"https:\/\/www.europesays.com\/pl\/wp-json\/wp\/v2\/media\/623892"}],"wp:attachment":[{"href":"https:\/\/www.europesays.com\/pl\/wp-json\/wp\/v2\/media?parent=623891"}],"wp:term":[{"taxonomy":"category","embeddable":true,"href":"https:\/\/www.europesays.com\/pl\/wp-json\/wp\/v2\/categories?post=623891"},{"taxonomy":"post_tag","embeddable":true,"href":"https:\/\/www.europesays.com\/pl\/wp-json\/wp\/v2\/tags?post=623891"}],"curies":[{"name":"wp","href":"https:\/\/api.w.org\/{rel}","templated":true}]}}