{"id":624065,"date":"2026-08-15T14:33:10","date_gmt":"2026-08-15T14:33:10","guid":{"rendered":"https:\/\/www.europesays.com\/pl\/624065\/"},"modified":"2026-08-15T14:33:10","modified_gmt":"2026-08-15T14:33:10","slug":"tusk-nawiazal-do-romanowskiego-koncza-w-naddniestrzu","status":"publish","type":"post","link":"https:\/\/www.europesays.com\/pl\/624065\/","title":{"rendered":"Tusk nawi\u0105za\u0142 do Romanowskiego. &#8222;Ko\u0144cz\u0105 w Naddniestrzu&#8221;"},"content":{"rendered":"\n<p>&#13;<br \/>\n\u2013 To\u00a0jest dobry dzie\u0144, bym z\u0142o\u017cy\u0142 polskiemu narodowi kr\u00f3tki meldunek o\u00a0tym, co\u00a0wsp\u00f3lnie jako nar\u00f3d i\u00a0rz\u0105d robimy dla\u00a0bezpiecze\u0144stwa naszej ojczyzny. Nie\u00a0chcemy ju\u017c bitew, a\u00a0je\u015bli ju\u017c, to\u00a0zwyci\u0119skich. Chcemy unikn\u0105\u0107 wojny, a\u00a0uniknie wojny ten, kto jest silny, dobrze przygotowany, niepodleg\u0142y i\u00a0suwerenny \u2013\u00a0stwierdzi\u0142 premier Donald Tusk podczas obchod\u00f3w \u015awi\u0119ta Wojska Polskiego w\u00a0Gdyni. &#13;\n<\/p>\n<p>&#13;<br \/>\n\u2013 Polska b\u0119dzie bezpieczna tylko wtedy, kiedy w\u00a0Polsce nie\u00a0b\u0119dzie zdrady i\u00a0skrajnej g\u0142upoty czy\u00a0nieodpowiedzialno\u015bci. W\u00a0te filary kto\u015b stara si\u0119 uderzy\u0107, nie\u00a0tylko w\u00a0Moskwie, ale\u00a0te\u017c u\u00a0nas. Blokowanie wydatk\u00f3w na\u00a0zbrojenia, wielkiego projektu SAFE, 180 mld z\u0142 dla\u00a0wojska, dla\u00a0policji, dla\u00a0stra\u017cy granicznej. Pr\u00f3ba podzielenia Polski z\u00a0najbli\u017cszymi sojusznikami. Znacie tych polityk\u00f3w, kt\u00f3rzy chc\u0105 wm\u00f3wi\u0107, \u017ce\u00a0g\u0142\u00f3wnym problemem jest Europa, \u017ce\u00a0wrogiem jest Ukraina \u2013\u00a0m\u00f3wi\u0142 szef rz\u0105du. &#13;\n<\/p>\n<p>&#8222;Niekt\u00f3rzy ko\u0144cz\u0105 na\u00a0Bia\u0142orusi albo w\u00a0Naddniestrzu&#8221;<\/p>\n<p>&#13;<br \/>\nPodczas swojego wyst\u0105pienia Tusk nawi\u0105za\u0142 do\u00a0ostatnich doniesie\u0144 na\u00a0temat by\u0142ego wiceministra sprawiedliwo\u015bci Marcina Romanowskiego. \u2013\u00a0Nie\u00a0mo\u017cemy pozwoli\u0107 na\u00a0to, \u017ceby zdrada, g\u0142upota, brudne interesy os\u0142abia\u0142y nasz\u0105 obronno\u015b\u0107. Wzywam dzi\u015b wszystkich polityk\u00f3w. Oni cz\u0119sto najg\u0142o\u015bniej krzycz\u0105 &#8222;Polska&#8221;, wznosz\u0105 ramiona do\u00a0Boga, powo\u0142uj\u0105 si\u0119 na\u00a0honor. A\u00a0tak jak w\u00a0przesz\u0142o\u015bci, oni najcz\u0119\u015bciej doprowadzaj\u0105 do\u00a0problem\u00f3w i\u00a0pora\u017cek. Niekt\u00f3rzy ko\u0144cz\u0105 na\u00a0Bia\u0142orusi albo w\u00a0Naddniestrzu. Ale\u00a0my\u00a0musimy sko\u0144czy\u0107 z\u00a0t\u0105 z\u0142\u0105 polityk\u0105 niekt\u00f3rych polityk\u00f3w \u2013\u00a0oznajmi\u0142. &#13;\n<\/p>\n<p>&#13;<br \/>\nPrzypomnijmy, \u017ce\u00a0w\u00a0\u015brod\u0119 do\u00a0S\u0105du Okr\u0119gowego w\u00a0Warszawie wp\u0142yn\u0105\u0142 wniosek Marcina Romanowskiego o\u00a0wydanie listu \u017celaznego. Z\u00a0pisma oraz\u00a0koperty wynika, i\u017c\u00a0przesy\u0142ka <a href=\"https:\/\/dorzeczy.pl\/kraj\/927814\/marcin-romanowski-w-naddniestrzu-burza-komentarzy-w-internecie.html\" rel=\"nofollow noopener\" target=\"_blank\">zosta\u0142a nadana w\u00a0Tyraspolu<\/a> na\u00a0terenie Naddniestrza. Na\u00a0dokumencie widnieje r\u00f3wnie\u017c adres w\u00a0Tyraspolu. Prokuratura nie\u00a0potwierdzi\u0142a, \u017ce\u00a0polityk rzeczywi\u015bcie przebywa w\u00a0Naddniestrzu. \u2013\u00a0Nie\u00a0mamy pewno\u015bci. Mamy og\u00f3ln\u0105 zasad\u0119 domniemania wiarygodno\u015bci dokument\u00f3w \u2013\u00a0m\u00f3wi\u0142 rzecznik Prokuratury Krajowej Przemys\u0142aw Nowak. &#13;\n<\/p>\n<p>&#13;<br \/>\n   Czytaj te\u017c:<br \/><a href=\"https:\/\/dorzeczy.pl\/opinie\/929140\/prezydent-nawrocki-grzmi-bog-honor-ojczyzna-a-nie-safe.html\" rel=\"follow nofollow noopener\" data-schema=\"DORZECZY\" data-image=\"https:\/\/img.dorzeczy.pl\/_thumb\/ca\/36\/c7a81cfd13c24a8b024fb9f922c4.jpeg\" target=\"_blank\">Nawrocki grzmi: &#8222;B\u00f3g, Honor, Ojczyzna&#8221;, a\u00a0nie SAFE<\/a>   Czytaj te\u017c:<br \/><a href=\"https:\/\/dorzeczy.pl\/opinie\/929152\/kosiniak-kamysz-reaguje-na-slowa-nawrockiego-odpowiem-po-polsku.html\" rel=\"follow nofollow noopener\" data-schema=\"DORZECZY\" data-image=\"https:\/\/img.dorzeczy.pl\/_thumb\/6d\/42\/23xx616a28724fc9bf182751d828.jpeg\" target=\"_blank\">&#8222;To ja odpowiem po\u00a0polsku&#8221;. Kosiniak-Kamysz reaguje na\u00a0s\u0142owa Nawrockiego<\/a>&#13;<\/p>\n","protected":false},"excerpt":{"rendered":"&#13; \u2013 To\u00a0jest dobry dzie\u0144, bym z\u0142o\u017cy\u0142 polskiemu narodowi kr\u00f3tki meldunek o\u00a0tym, co\u00a0wsp\u00f3lnie jako nar\u00f3d i\u00a0rz\u0105d robimy dla\u00a0bezpiecze\u0144stwa&hellip;\n","protected":false},"author":2,"featured_media":624066,"comment_status":"","ping_status":"","sticky":false,"template":"","format":"standard","meta":{"footnotes":"","_share_on_mastodon":"0"},"categories":[62713],"tags":[662,1345,98,49,3321,102,22308,99],"class_list":["post-624065","post","type-post","status-publish","format-standard","has-post-thumbnail","category-donald-tusk","tag-dawid-sienkowski","tag-donald-tusk","tag-dorzeczy","tag-kraj","tag-naddniestrze","tag-opinie","tag-romanowski","tag-tusk"],"share_on_mastodon":{"url":"https:\/\/pubeurope.com\/@pl\/117100020089590153","error":""},"_links":{"self":[{"href":"https:\/\/www.europesays.com\/pl\/wp-json\/wp\/v2\/posts\/624065","targetHints":{"allow":["GET"]}}],"collection":[{"href":"https:\/\/www.europesays.com\/pl\/wp-json\/wp\/v2\/posts"}],"about":[{"href":"https:\/\/www.europesays.com\/pl\/wp-json\/wp\/v2\/types\/post"}],"author":[{"embeddable":true,"href":"https:\/\/www.europesays.com\/pl\/wp-json\/wp\/v2\/users\/2"}],"replies":[{"embeddable":true,"href":"https:\/\/www.europesays.com\/pl\/wp-json\/wp\/v2\/comments?post=624065"}],"version-history":[{"count":0,"href":"https:\/\/www.europesays.com\/pl\/wp-json\/wp\/v2\/posts\/624065\/revisions"}],"wp:featuredmedia":[{"embeddable":true,"href":"https:\/\/www.europesays.com\/pl\/wp-json\/wp\/v2\/media\/624066"}],"wp:attachment":[{"href":"https:\/\/www.europesays.com\/pl\/wp-json\/wp\/v2\/media?parent=624065"}],"wp:term":[{"taxonomy":"category","embeddable":true,"href":"https:\/\/www.europesays.com\/pl\/wp-json\/wp\/v2\/categories?post=624065"},{"taxonomy":"post_tag","embeddable":true,"href":"https:\/\/www.europesays.com\/pl\/wp-json\/wp\/v2\/tags?post=624065"}],"curies":[{"name":"wp","href":"https:\/\/api.w.org\/{rel}","templated":true}]}}