{"id":62418,"date":"2025-10-22T12:23:08","date_gmt":"2025-10-22T12:23:08","guid":{"rendered":"https:\/\/www.europesays.com\/pl\/62418\/"},"modified":"2025-10-22T12:23:08","modified_gmt":"2025-10-22T12:23:08","slug":"dramatyczny-wypadek-w-hucie-czestochowa-37-latek-wpadl-do-goracego-kotla","status":"publish","type":"post","link":"https:\/\/www.europesays.com\/pl\/62418\/","title":{"rendered":"Dramatyczny wypadek w hucie Cz\u0119stochowa. 37-latek wpad\u0142 do gor\u0105cego kot\u0142a"},"content":{"rendered":"<p class=\"ods-c-paragraph \">Dramat rozegra\u0142 si\u0119 w \u015brod\u0119, 22 pa\u017adziernika, w godzinach porannych na terenie Huty Cz\u0119stochowa. Jest to kombinat metalurgiczny znajduj\u0105cy si\u0119 w dzielnicy Rak\u00f3w. Uznawany jest za jedn\u0105 z najwi\u0119kszych hut stali w Polsce. Pocz\u0105tkowo s\u0142u\u017cby informowa\u0142y, \u017ce 37-letni pracownik w nieustalonych jeszcze okoliczno\u015bciach wpad\u0142 do gotuj\u0105cej si\u0119 stali.<\/p>\n<blockquote class=\"ods-o-quota\">\n<p class=\"ods-o-quota__paragraph\">Takie by\u0142y nasze pierwsze informacje. Teraz ustalono, \u017ce kad\u017a by\u0142a ju\u017c opr\u00f3\u017cniona, ale wci\u0105\u017c panowa\u0142a w niej bardzo wysoka temperatura<\/p>\n<\/blockquote>\n<p class=\"ods-c-paragraph \">\u2014 m\u00f3wi w rozmowie z &#8222;\u017byciem Cz\u0119stochowy&#8221; rzeczniczka cz\u0119stochowskiej policji Barbara Pozna\u0144ska.<\/p>\n<p>Dalszy ci\u0105g artyku\u0142u pod materia\u0142em wideo<\/p>\n<p> Jakie by\u0142y okoliczno\u015bci wypadku? <\/p>\n<p> Kiedy mia\u0142 miejsce wypadek? <\/p>\n<p> Gdzie dok\u0142adnie dosz\u0142o do tragedii? <\/p>\n<p> Kto nadzoruje dochodzenie w tej sprawie? <\/p>\n<p>  Dramat w hucie w Cz\u0119stochowie. Nie \u017cyje 37-letni pracownik. Wpad\u0142 do gor\u0105cego kot\u0142a<\/p>\n<p class=\"ods-c-paragraph \">Jak dodaje rzeczniczka policji z Cz\u0119stochowy, na miejscu pracuj\u0105 policjanci pod nadzorem prokuratora. B\u0119d\u0105 teraz wyja\u015bnia\u0107 okoliczno\u015bci i szczeg\u00f3\u0142y tego dramatycznego w skutkach wypadku. Sprawdz\u0105 m.in. czy w zak\u0142adzie zachowano wszelkie procedury bezpiecze\u0144stwa, czy nie dosz\u0142o do zaniedba\u0144 ze strony pracodawcy b\u0105d\u017a te\u017c os\u00f3b nadzoruj\u0105cych produkcj\u0119.<\/p>\n<p class=\"ods-c-paragraph \">Do czasu wyja\u015bnienia wszystkich okoliczno\u015bci teren zak\u0142adu pozostaje obj\u0119ty nadzorem s\u0142u\u017cb. &#8222;Dziennik Zachodni&#8221; przypomina, \u017ce Huta Cz\u0119stochowa ruszy\u0142a po kilkunastu miesi\u0105cach przestoju w styczniu 2025 r. Jej dzier\u017cawc\u0105 jest obecnie W\u0119glokoks. Zak\u0142ad zatrudnia setki pracownik\u00f3w.<\/p>\n","protected":false},"excerpt":{"rendered":"Dramat rozegra\u0142 si\u0119 w \u015brod\u0119, 22 pa\u017adziernika, w godzinach porannych na terenie Huty Cz\u0119stochowa. Jest to kombinat metalurgiczny&hellip;\n","protected":false},"author":2,"featured_media":55722,"comment_status":"","ping_status":"","sticky":false,"template":"","format":"standard","meta":{"footnotes":""},"categories":[5],"tags":[32,33,2368,36,37,27,16082,34,35,28,31,48,25,46,4887,42,38,414,40,39,41,47,1887,3844,29,30,26,2588],"class_list":{"0":"post-62418","1":"post","2":"type-post","3":"status-publish","4":"format-standard","5":"has-post-thumbnail","7":"category-naglowki","8":"tag-breaking-news","9":"tag-breakingnews","10":"tag-czestochowa","11":"tag-featured-news","12":"tag-featurednews","13":"tag-headlines","14":"tag-huta","15":"tag-latest-news","16":"tag-latestnews","17":"tag-naglowki","18":"tag-najwazniejsze-artykuly","19":"tag-nat_styl","20":"tag-news","21":"tag-omp","22":"tag-perso_tst1","23":"tag-pl","24":"tag-poland","25":"tag-policja","26":"tag-polish","27":"tag-polska","28":"tag-polski","29":"tag-screening_general","30":"tag-slask","31":"tag-smiertelne_wypadki","32":"tag-top-stories","33":"tag-topstories","34":"tag-wiadomosci","35":"tag-wypadek"},"share_on_mastodon":{"url":"","error":""},"_links":{"self":[{"href":"https:\/\/www.europesays.com\/pl\/wp-json\/wp\/v2\/posts\/62418","targetHints":{"allow":["GET"]}}],"collection":[{"href":"https:\/\/www.europesays.com\/pl\/wp-json\/wp\/v2\/posts"}],"about":[{"href":"https:\/\/www.europesays.com\/pl\/wp-json\/wp\/v2\/types\/post"}],"author":[{"embeddable":true,"href":"https:\/\/www.europesays.com\/pl\/wp-json\/wp\/v2\/users\/2"}],"replies":[{"embeddable":true,"href":"https:\/\/www.europesays.com\/pl\/wp-json\/wp\/v2\/comments?post=62418"}],"version-history":[{"count":0,"href":"https:\/\/www.europesays.com\/pl\/wp-json\/wp\/v2\/posts\/62418\/revisions"}],"wp:featuredmedia":[{"embeddable":true,"href":"https:\/\/www.europesays.com\/pl\/wp-json\/wp\/v2\/media\/55722"}],"wp:attachment":[{"href":"https:\/\/www.europesays.com\/pl\/wp-json\/wp\/v2\/media?parent=62418"}],"wp:term":[{"taxonomy":"category","embeddable":true,"href":"https:\/\/www.europesays.com\/pl\/wp-json\/wp\/v2\/categories?post=62418"},{"taxonomy":"post_tag","embeddable":true,"href":"https:\/\/www.europesays.com\/pl\/wp-json\/wp\/v2\/tags?post=62418"}],"curies":[{"name":"wp","href":"https:\/\/api.w.org\/{rel}","templated":true}]}}