{"id":62442,"date":"2025-10-22T12:37:10","date_gmt":"2025-10-22T12:37:10","guid":{"rendered":"https:\/\/www.europesays.com\/pl\/62442\/"},"modified":"2025-10-22T12:37:10","modified_gmt":"2025-10-22T12:37:10","slug":"strzaly-przed-serbskim-parlamentem-jedna-osoba-zatrzymana","status":"publish","type":"post","link":"https:\/\/www.europesays.com\/pl\/62442\/","title":{"rendered":"Strza\u0142y przed serbskim parlamentem. Jedna osoba zatrzymana"},"content":{"rendered":"<p class=\"ods-c-paragraph \">Marinika Tepi\u0107 z opozycyjnej Partii Wolno\u015bci i Sprawiedliwo\u015bci zamie\u015bci\u0142a w sieci nagranie z miejsca zdarzenia. &#8222;Kto\u015b odda\u0142 strza\u0142 z broni palnej, a nast\u0119pnie podpali\u0142 namioty&#8221; \u2014 napisa\u0142a na platformie X.<\/p>\n<p> Co si\u0119 wydarzy\u0142o przed serbskim parlamentem? <\/p>\n<p> Kto zosta\u0142 zatrzymany po strza\u0142ach? <\/p>\n<p> Jakie dzia\u0142ania podj\u0105\u0142 sprawca? <\/p>\n<p> Jakie s\u0105 hipotezy dotycz\u0105ce motywu sprawcy? <\/p>\n<p class=\"ods-c-paragraph \">Do ataku dosz\u0142o na terenie miasteczka namiotowego, ustawionego przez studenck\u0105 grup\u0119 zwolennik\u00f3w rz\u0105du. Portal Blic informuje, \u017ce zatrzymany m\u0119\u017cczyzna to 70-letni Vladan A. Mia\u0142 on zrani\u0107 jedn\u0105 osob\u0119, ale jej \u017cyciu nic nie zagra\u017ca.<\/p>\n<p class=\"ods-c-paragraph \">70-latek odda\u0142 strza\u0142, podpali\u0142 namioty i wrzuci\u0142 do ognia gar\u015b\u0107 naboj\u00f3w \u2014 poda\u0142y serbskie media. Ministerstwo spraw wewn\u0119trznych na razie przekaza\u0142o jedynie, \u017ce sprawa jest badana.<\/p>\n<p class=\"ods-c-paragraph \">Prorz\u0105dowy dziennik &#8222;Politika&#8221; napisa\u0142, \u017ce sprawca &#8222;zbli\u017cy\u0142 si\u0119 do namiot\u00f3w, w kt\u00f3rych przebywali ludzie, i otworzy\u0142 ogie\u0144 z pistoletu, rani\u0105c jedn\u0105 osob\u0119&#8221;. &#8222;Napastnik po oddaniu strza\u0142\u00f3w wyj\u0105\u0142 z plecaka kanister z benzyn\u0105 i obla\u0142 ni\u0105 teren wok\u00f3\u0142 namiotu, a nast\u0119pnie go podpali\u0142&#8221; \u2014 poda\u0142 dziennik. Motyw sprawcy jest wci\u0105\u017c badany i nie jest jasne, czy dzia\u0142a\u0142 z pobudek politycznych, czy te\u017c mia\u0142 problemy psychiczne.<\/p>\n<p class=\"ods-c-paragraph \">\u2014 Przed siedzib\u0105 parlamentu Serbii dokonano w \u015brod\u0119 aktu terroru \u2014 oceni\u0142 p\u00f3\u017aniej serbski prezydent Aleksandar Vuczi\u0107.<\/p>\n","protected":false},"excerpt":{"rendered":"Marinika Tepi\u0107 z opozycyjnej Partii Wolno\u015bci i Sprawiedliwo\u015bci zamie\u015bci\u0142a w sieci nagranie z miejsca zdarzenia. &#8222;Kto\u015b odda\u0142 strza\u0142&hellip;\n","protected":false},"author":2,"featured_media":23878,"comment_status":"","ping_status":"","sticky":false,"template":"","format":"standard","meta":{"footnotes":""},"categories":[5],"tags":[6002,32,33,36,37,27,34,35,28,31,48,25,46,4897,42,38,40,39,41,47,279,80,29,30,26],"class_list":{"0":"post-62442","1":"post","2":"type-post","3":"status-publish","4":"format-standard","5":"has-post-thumbnail","7":"category-naglowki","8":"tag-belgrad","9":"tag-breaking-news","10":"tag-breakingnews","11":"tag-featured-news","12":"tag-featurednews","13":"tag-headlines","14":"tag-latest-news","15":"tag-latestnews","16":"tag-naglowki","17":"tag-najwazniejsze-artykuly","18":"tag-nat_styl","19":"tag-news","20":"tag-omp","21":"tag-perso_tst0","22":"tag-pl","23":"tag-poland","24":"tag-polish","25":"tag-polska","26":"tag-polski","27":"tag-screening_general","28":"tag-serbia","29":"tag-swiat","30":"tag-top-stories","31":"tag-topstories","32":"tag-wiadomosci"},"share_on_mastodon":{"url":"","error":""},"_links":{"self":[{"href":"https:\/\/www.europesays.com\/pl\/wp-json\/wp\/v2\/posts\/62442","targetHints":{"allow":["GET"]}}],"collection":[{"href":"https:\/\/www.europesays.com\/pl\/wp-json\/wp\/v2\/posts"}],"about":[{"href":"https:\/\/www.europesays.com\/pl\/wp-json\/wp\/v2\/types\/post"}],"author":[{"embeddable":true,"href":"https:\/\/www.europesays.com\/pl\/wp-json\/wp\/v2\/users\/2"}],"replies":[{"embeddable":true,"href":"https:\/\/www.europesays.com\/pl\/wp-json\/wp\/v2\/comments?post=62442"}],"version-history":[{"count":0,"href":"https:\/\/www.europesays.com\/pl\/wp-json\/wp\/v2\/posts\/62442\/revisions"}],"wp:featuredmedia":[{"embeddable":true,"href":"https:\/\/www.europesays.com\/pl\/wp-json\/wp\/v2\/media\/23878"}],"wp:attachment":[{"href":"https:\/\/www.europesays.com\/pl\/wp-json\/wp\/v2\/media?parent=62442"}],"wp:term":[{"taxonomy":"category","embeddable":true,"href":"https:\/\/www.europesays.com\/pl\/wp-json\/wp\/v2\/categories?post=62442"},{"taxonomy":"post_tag","embeddable":true,"href":"https:\/\/www.europesays.com\/pl\/wp-json\/wp\/v2\/tags?post=62442"}],"curies":[{"name":"wp","href":"https:\/\/api.w.org\/{rel}","templated":true}]}}