{"id":62493,"date":"2025-10-22T13:06:08","date_gmt":"2025-10-22T13:06:08","guid":{"rendered":"https:\/\/www.europesays.com\/pl\/62493\/"},"modified":"2025-10-22T13:06:08","modified_gmt":"2025-10-22T13:06:08","slug":"krychowiak-ma-nowy-klub-wraca-do-polski-absolutna-sensacja","status":"publish","type":"post","link":"https:\/\/www.europesays.com\/pl\/62493\/","title":{"rendered":"Krychowiak ma nowy klub, wraca do Polski. Absolutna sensacja"},"content":{"rendered":"\n<p class=\"contentpart contentpart--default contentpart--text\" data-position=\"0\">Grzegorz Krychowiak pozostaje bez klubu od 1 lipca. Jest wolnym zawodnikiem po odej\u015bciu z cypryjskiego Anorthosisu.<\/p>\n<p class=\"contentpart contentpart--default contentpart--text\" data-position=\"1\">Mia\u0142 sporo ofert. Pyta\u0142y o niego zespo\u0142y z Iranu, Izraela, Indii, W\u0119gier, Australii, Cypru, Kataru, Bu\u0142garii i Azerbejd\u017canu, natomiast nie zdecydowa\u0142 si\u0119 na \u017caden z tych kierunk\u00f3w.<\/p>\n<p> <img role=\"presentation\" src=\"https:\/\/std.wpcdn.pl\/images\/adv\/placeholder_wp.svg\" loading=\"lazy\" alt=\"\" decoding=\"async\"\/>  <\/p>\n<p class=\"contentpart contentpart--default contentpart--text\" data-position=\"2\">I wszystko wskazuje na to, \u017ce&#8230; w\u0142a\u015bnie znalaz\u0142 nowy klub. Krychowiak zagra w klasie okr\u0119gowej!<\/p>\n<p class=\"contentpart contentpart--default contentpart--text\" data-position=\"3\">Do\u0142\u0105czy\u0142 do zespo\u0142u Mazura Radzymin. Klub tego nie potwierdzi\u0142 w oficjalnym komunikacie, sam Krychowiak te\u017c nie zabra\u0142 g\u0142osu, natomiast 35-latek zosta\u0142 w \u015brod\u0119 zg\u0142oszony do rozgrywek. Nam uda\u0142o si\u0119 potwierdzi\u0107, \u017ce faktycznie nie ma tu pomy\u0142ki i chodzi o &#8222;tego&#8221; Krychowiaka.<\/p>\n<p class=\"contentpart contentpart--default contentpart--text\" data-position=\"4\">To by oznacza\u0142o, \u017ce zagra w jednym zespole m.in. z Jakubem Rze\u017aniczakiem oraz Kub\u0105 Grabowskim, czyli znanym raperem Quebonafide, kt\u00f3ry jest tam\u00a0graj\u0105cym w\u0142a\u015bcicielem.<\/p>\n<p class=\"contentpart contentpart--default contentpart--text\" data-position=\"5\">Oczywi\u015bcie m\u00f3wimy raczej o rekreacyjnej grze w pi\u0142k\u0119. Krychowiak ju\u017c niejednokrotnie wspomina\u0142, \u017ce po g\u0142owie chodzi mu zako\u0144czenie kariery. Najwyra\u017aniej uzna\u0142, \u017ce jednak warto jeszcze si\u0119 troch\u0119 porusza\u0107 po boisku.<\/p>\n<p> <img role=\"presentation\" src=\"https:\/\/std.wpcdn.pl\/images\/adv\/placeholder_wp.svg\" loading=\"lazy\" alt=\"\" decoding=\"async\"\/>  <\/p>\n<p class=\"contentpart contentpart--default contentpart--text\" data-position=\"6\">Mazur Radzymin jest obecnie na 8. miejscu w warszawskiej klasie okr\u0119gowej.<\/p>\n<p class=\"contentpart contentpart--default contentpart--text\" data-position=\"7\">ZOBACZ WIDEO: #dziejesiewsporcie: By\u0142 reprezentantem Anglii. Szok, na jaki\u015b boiskach gra obecnie<\/p>\n","protected":false},"excerpt":{"rendered":"Grzegorz Krychowiak pozostaje bez klubu od 1 lipca. Jest wolnym zawodnikiem po odej\u015bciu z cypryjskiego Anorthosisu. Mia\u0142 sporo&hellip;\n","protected":false},"author":2,"featured_media":62494,"comment_status":"","ping_status":"","sticky":false,"template":"","format":"standard","meta":{"footnotes":""},"categories":[24],"tags":[10225,16096,269,42,38,40,39,41,127,126],"class_list":{"0":"post-62493","1":"post","2":"type-post","3":"status-publish","4":"format-standard","5":"has-post-thumbnail","7":"category-sport","8":"tag-grzegorz-krychowiak","9":"tag-mazur-radzymin","10":"tag-pilka-nozna","11":"tag-pl","12":"tag-poland","13":"tag-polish","14":"tag-polska","15":"tag-polski","16":"tag-sport","17":"tag-sports"},"share_on_mastodon":{"url":"","error":""},"_links":{"self":[{"href":"https:\/\/www.europesays.com\/pl\/wp-json\/wp\/v2\/posts\/62493","targetHints":{"allow":["GET"]}}],"collection":[{"href":"https:\/\/www.europesays.com\/pl\/wp-json\/wp\/v2\/posts"}],"about":[{"href":"https:\/\/www.europesays.com\/pl\/wp-json\/wp\/v2\/types\/post"}],"author":[{"embeddable":true,"href":"https:\/\/www.europesays.com\/pl\/wp-json\/wp\/v2\/users\/2"}],"replies":[{"embeddable":true,"href":"https:\/\/www.europesays.com\/pl\/wp-json\/wp\/v2\/comments?post=62493"}],"version-history":[{"count":0,"href":"https:\/\/www.europesays.com\/pl\/wp-json\/wp\/v2\/posts\/62493\/revisions"}],"wp:featuredmedia":[{"embeddable":true,"href":"https:\/\/www.europesays.com\/pl\/wp-json\/wp\/v2\/media\/62494"}],"wp:attachment":[{"href":"https:\/\/www.europesays.com\/pl\/wp-json\/wp\/v2\/media?parent=62493"}],"wp:term":[{"taxonomy":"category","embeddable":true,"href":"https:\/\/www.europesays.com\/pl\/wp-json\/wp\/v2\/categories?post=62493"},{"taxonomy":"post_tag","embeddable":true,"href":"https:\/\/www.europesays.com\/pl\/wp-json\/wp\/v2\/tags?post=62493"}],"curies":[{"name":"wp","href":"https:\/\/api.w.org\/{rel}","templated":true}]}}