{"id":624943,"date":"2026-08-16T01:41:18","date_gmt":"2026-08-16T01:41:18","guid":{"rendered":"https:\/\/www.europesays.com\/pl\/624943\/"},"modified":"2026-08-16T01:41:18","modified_gmt":"2026-08-16T01:41:18","slug":"shazza-zaspiewala-na-festiwalu-weselnych-przebojow-tak-sie-prezentowala","status":"publish","type":"post","link":"https:\/\/www.europesays.com\/pl\/624943\/","title":{"rendered":"Shazza za\u015bpiewa\u0142a na Festiwalu Weselnych Przeboj\u00f3w. Tak si\u0119 prezentowa\u0142a"},"content":{"rendered":"<p>Tegoroczny Festiwal Weselnych Przeboj\u00f3w w Mr\u0105gowie przyci\u0105gn\u0105\u0142 t\u0142umy mi\u0142o\u015bnik\u00f3w muzyki tanecznej. W\u015br\u00f3d gwiazd, kt\u00f3re pojawi\u0142y si\u0119 na scenie, nie mog\u0142o zabrakn\u0105\u0107 jednej z najbardziej rozpoznawalnych postaci polskiego disco polo. Publiczno\u015b\u0107 mia\u0142a okazj\u0119 zobaczy\u0107 Shazz\u0119.<\/p>\n<p>Sprawd\u017a: <a href=\"https:\/\/plejada.pl\/zdjecia-gwiazd\/kajra-odslonila-nogi-w-bialej-mini-elzbieta-romanowska-postawila-na-kwiaty\/6140t00\" id=\"b3cd57fb-4fde-4e55-8380-ec539e5776f9\" rel=\"nofollow noopener\" target=\"_blank\">Kajra ods\u0142oni\u0142a nogi w bia\u0142ej mini. El\u017cbieta Romanowska w kwiatach<\/a><\/p>\n<p>Artystka od lat kojarzona jest z najwi\u0119kszymi przebojami tego gatunku. Jej wyst\u0119py niezmiennie wzbudzaj\u0105 zainteresowanie, a pojawienie si\u0119 wokalistki w Mr\u0105gowie by\u0142o dla wielu fan\u00f3w sentymentaln\u0105 podr\u00f3\u017c\u0105 do czas\u00f3w, gdy jej piosenki kr\u00f3lowa\u0142y na parkietach.<\/p>\n<p>Dalszy ci\u0105g artyku\u0142u pod materia\u0142em wideoShazza zachwyci\u0142a publiczno\u015b\u0107<\/p>\n<p>Podczas festiwalu Shazza nie tylko stan\u0119\u0142a na scenie, ale r\u00f3wnie\u017c zaprezentowa\u0142a si\u0119 przed obiektywami fotograf\u00f3w. Publiczno\u015b\u0107 i internauci zwr\u00f3cili uwag\u0119 na jej \u015bwietn\u0105 form\u0119 oraz stylizacj\u0119.<\/p>\n<p>Mimo up\u0142ywu lat wokalistka wci\u0105\u017c przyci\u0105ga spojrzenia i udowadnia, \u017ce ma w sobie sceniczny blask, z kt\u00f3rym kojarzona by\u0142a u szczytu popularno\u015bci. Jej wyst\u0119p w Mr\u0105gowie sta\u0142 si\u0119 jednym z bardziej komentowanych moment\u00f3w tegorocznego Festiwalu Weselnych Przeboj\u00f3w.<\/p>\n<p>Piosenkarka postawi\u0142a na czarn\u0105 stylizacj\u0119, do kt\u00f3rej dobra\u0142a wysokie kozaki. <\/p>\n<p><img class=\"ods-a-photo ods-a-photo--background\" src=\"https:\/\/www.europesays.com\/pl\/wp-content\/uploads\/2026\/08\/1786844475_9_40gk9lBaHR0cHM6Ly9vY2RuLmV1L3B1bHNjbXMvTURBXy9mOTY3NjBjNzI0YThiODUzMzgxMjVmYzhmYjhjNTI3MS5qcGeRlQLNA.jpeg\" height=\"297\" width=\"450\" alt=\"Britney Spears na koncercie w 2000 r.\" loading=\"lazy\" fetchpriority=\"low\" decoding=\"async\"\/><img class=\"ods-a-photo ods-a-photo--background\" src=\"https:\/\/www.europesays.com\/pl\/wp-content\/uploads\/2026\/08\/lEIk9lBaHR0cHM6Ly9vY2RuLmV1L3B1bHNjbXMvTURBXy85OTU3ZDRkODU2MDE5OWEyNDE1OTE0NjYwNmU2MWQ0NS5qcGeRkwXNB.jpeg\" height=\"626\" width=\"940\" alt=\"Shazza\" loading=\"lazy\" fetchpriority=\"auto\" decoding=\"auto\"\/><\/p>\n<p>Jacek Kurnikowski \/ AKPA<\/p>\n<p>Shazza<\/p>\n<p><img class=\"ods-a-photo ods-a-photo--background\" src=\"https:\/\/www.europesays.com\/pl\/wp-content\/uploads\/2026\/08\/XZck9lBaHR0cHM6Ly9vY2RuLmV1L3B1bHNjbXMvTURBXy9jOWRhNDY3ZDU1ODZkNGViNGE0YjA5ODQzNzMwNTNhMy5qcGeRkwXNB.jpeg\" height=\"626\" width=\"940\" alt=\"Shazza\" loading=\"lazy\" fetchpriority=\"auto\" decoding=\"auto\"\/><\/p>\n<p>Jacek Kurnikowski \/ AKPA<\/p>\n<p>Shazza<\/p>\n<p>Dzi\u0119kujemy, \u017ce przeczyta\u0142a\u015b\/e\u015b nasz artyku\u0142 do ko\u0144ca. W serwisie Plejada.pl ka\u017cdego dnia piszemy o najwa\u017cniejszych wydarzeniach show-biznesowych. B\u0105d\u017a na bie\u017c\u0105co! Obserwuj Plejad\u0119 w <a rel=\"nofollow noopener\" href=\"https:\/\/news.google.com\/publications\/CAAiEF0PeAlb7W1llpV_mwV2rL4qFAgKIhBdD3gJW-1tZZaVf5sFdqy-?hl=pl&amp;gl=PL&amp;ceid=PL%3Apl\" id=\"365e837b-dbb1-446d-8ce1-fac86dca481e\" target=\"_blank\">Google<\/a>. Odwied\u017a nas tak\u017ce na <a rel=\"nofollow noopener\" href=\"https:\/\/facebook.com\/plejadapl\" id=\"13455dbb-4f82-46b2-bcf6-5e6b0c2a7696\" target=\"_blank\">Facebooku<\/a> , <a rel=\"nofollow noopener\" href=\"https:\/\/instagram.com\/plejadapl\/\" id=\"b4df27e2-881b-42f5-8c4e-3ab3cf74af4a\" target=\"_blank\">Instagramie<\/a>, <a rel=\"nofollow noopener\" href=\"https:\/\/youtube.com\/c\/plejada\" id=\"7883ed1f-b170-4a45-9697-a58058f752f0\" target=\"_blank\">YouTubie<\/a> i <a rel=\"nofollow noopener\" href=\"https:\/\/tiktok.com\/@plejada_pl\" id=\"08f80ca0-a1fc-4734-8fa8-31f114f8ded5\" target=\"_blank\">TikToku<\/a>.<\/p>\n<p>Chcesz podzieli\u0107 si\u0119 ciekawym newsem lub zaproponowa\u0107 temat? Skontaktuj si\u0119 z nami, pisz\u0105c maila na adres: plejada@redakcjaonet.pl.<\/p>\n<p><script async src=\"\/\/www.instagram.com\/embed.js\"><\/script><script async src=\"\/\/www.tiktok.com\/embed.js\"><\/script><\/p>\n","protected":false},"excerpt":{"rendered":"Tegoroczny Festiwal Weselnych Przeboj\u00f3w w Mr\u0105gowie przyci\u0105gn\u0105\u0142 t\u0142umy mi\u0142o\u015bnik\u00f3w muzyki tanecznej. W\u015br\u00f3d gwiazd, kt\u00f3re pojawi\u0142y si\u0119 na scenie,&hellip;\n","protected":false},"author":2,"featured_media":624944,"comment_status":"","ping_status":"","sticky":false,"template":"","format":"standard","meta":{"footnotes":"","_share_on_mastodon":"0"},"categories":[22],"tags":[61195,16641,122,25445,48,125,46,42,38,40,39,41,123,47,123239],"class_list":["post-624943","post","type-post","status-publish","format-standard","has-post-thumbnail","category-rozrywka","tag-bottomfeed_styl","tag-disco_polo","tag-entertainment","tag-mragowo","tag-nat_styl","tag-newsy","tag-omp","tag-pl","tag-poland","tag-polish","tag-polska","tag-polski","tag-rozrywka","tag-screening_general","tag-shazza_piosenkarka"],"share_on_mastodon":{"url":"https:\/\/pubeurope.com\/@pl\/117102646926098506","error":""},"_links":{"self":[{"href":"https:\/\/www.europesays.com\/pl\/wp-json\/wp\/v2\/posts\/624943","targetHints":{"allow":["GET"]}}],"collection":[{"href":"https:\/\/www.europesays.com\/pl\/wp-json\/wp\/v2\/posts"}],"about":[{"href":"https:\/\/www.europesays.com\/pl\/wp-json\/wp\/v2\/types\/post"}],"author":[{"embeddable":true,"href":"https:\/\/www.europesays.com\/pl\/wp-json\/wp\/v2\/users\/2"}],"replies":[{"embeddable":true,"href":"https:\/\/www.europesays.com\/pl\/wp-json\/wp\/v2\/comments?post=624943"}],"version-history":[{"count":0,"href":"https:\/\/www.europesays.com\/pl\/wp-json\/wp\/v2\/posts\/624943\/revisions"}],"wp:featuredmedia":[{"embeddable":true,"href":"https:\/\/www.europesays.com\/pl\/wp-json\/wp\/v2\/media\/624944"}],"wp:attachment":[{"href":"https:\/\/www.europesays.com\/pl\/wp-json\/wp\/v2\/media?parent=624943"}],"wp:term":[{"taxonomy":"category","embeddable":true,"href":"https:\/\/www.europesays.com\/pl\/wp-json\/wp\/v2\/categories?post=624943"},{"taxonomy":"post_tag","embeddable":true,"href":"https:\/\/www.europesays.com\/pl\/wp-json\/wp\/v2\/tags?post=624943"}],"curies":[{"name":"wp","href":"https:\/\/api.w.org\/{rel}","templated":true}]}}