{"id":625044,"date":"2026-08-16T03:25:09","date_gmt":"2026-08-16T03:25:09","guid":{"rendered":"https:\/\/www.europesays.com\/pl\/625044\/"},"modified":"2026-08-16T03:25:09","modified_gmt":"2026-08-16T03:25:09","slug":"setki-motocykli-zajechalo-przed-finski-parlament-protest-wobec-brutalnosci-policji-wiadomosci-onet","status":"publish","type":"post","link":"https:\/\/www.europesays.com\/pl\/625044\/","title":{"rendered":"Setki motocykli zajecha\u0142o przed fi\u0144ski parlament. Protest wobec brutalno\u015bci policji &#8211; Wiadomo\u015bci Onet"},"content":{"rendered":"<ol>\n<li><a href=\"https:\/\/news.google.com\/rss\/articles\/CBMiqAFBVV95cUxQeXA2aFE1MmVCRzNhcVlUODZ0dGR6SjFjMTlITEdQeDItbUlYTi1Wajl5SlpLQWc4bEN6aGV2MVpscGt3X1VRZDNBS3V5TVBsenVybldKVENaaUd2QjVhT0lBWEk1WXZuUnV0S0thUzBodDZ1bTN0b0ViZWJxUk5rZHNvUHJtTzJJb3YtN2hhMnpYd0hVQVVvc3JsZXhJRDZCdTQ2QmxyRHI?oc=5\" target=\"_blank\" rel=\"nofollow noopener\">Setki motocykli zajecha\u0142o przed fi\u0144ski parlament. Protest wobec brutalno\u015bci policji<\/a>&nbsp;&nbsp;Wiadomo\u015bci Onet<\/li>\n<li><a href=\"https:\/\/news.google.com\/rss\/articles\/CBMixAFBVV95cUxPdms4ZEZjbjVTTm8tZTZ0X1VnZkVkdlJnRVhuVG9pMWVZQkFuSjNHWWRKck40cVRCamU1Vk5SNGszTzU4OXlYT0RmVFlBNmFBT1pNZHRQSklWRHBHdDJuc2FvdHhRazRBRlRYUktmQ19UWndPaHN1Mmx3ZzlUS1NWdWhoUlN1VVlMVTJHZFRoMjFadFFHcDFNanJUVzZvYTJFSFM1RWYyeTYtbzljbk8wbUdyNzZQYlNyaFVqTmlxclVlV0xR?oc=5\" target=\"_blank\" rel=\"nofollow noopener\">Radiow\u00f3z spycha motorowerzyst\u0119 do rowu. Policjant pod lup\u0105 prokuratury<\/a>&nbsp;&nbsp;Auto \u015awiat<\/li>\n<li><a href=\"https:\/\/news.google.com\/rss\/articles\/CBMivgFBVV95cUxNMks4WDJfcE1kcnZOb1NKbzBXQVBLbFpFaUFvWTBSbWt3NThlQWFZMklXb0l4OEtETkpRamlJOFRDS3RKeDM0ZmtDcEQxeUhvdmtfUEhCMGthNDVuUU1makJxNTMwUk5wX1NqbjFXZ1NMU1o0QjNORzBGd0tqdkNISWdfY0pITHFuaFZVOTEwQnBqWlFITzJCV29Mb1RBbU00cG1zYmJscTl5QU5ia2VydS1sdlJYT29ucHFzVXZ3?oc=5\" target=\"_blank\" rel=\"nofollow noopener\">Radiow\u00f3z zepchn\u0105\u0142 z drogi nastolatka na przerobionym motorowerze. Protesty w ca\u0142ym kraju<\/a>&nbsp;&nbsp;\u015acigacz.pl<\/li>\n<li><a href=\"https:\/\/news.google.com\/rss\/articles\/CBMic0FVX3lxTFB5UTRMNDlaREpneHd4Z0JGbDUyM3hqSldTZ0tzSFRNRUJhX21lQXhMSEthRFpzaERERU5JZFVsMHR4YUVxb09IVGZvMnE2TTRCOHdIZFljZHZFUXROTk55VzJsYWFkQlBKWVBXN1JXbWZlUTA?oc=5\" target=\"_blank\" rel=\"nofollow noopener\">Radiow\u00f3z zepchn\u0105\u0142 15-latka do rowu. Internet klaszcze<\/a>&nbsp;&nbsp;Spider&#8217;s Web<\/li>\n<li><a href=\"https:\/\/news.google.com\/rss\/articles\/CBMitAFBVV95cUxPdVljM1N0Z3Zfa2twcUV1a2lLM3NpWnhpMDdXbG1McWJwTTRlRjM4QzJBMHNRX1ZtR2VfcXlqM29wT3J5X2pqX0NESXE0MkZoTkw4YzBMWTJ4LVg3LXdoblZ6MmIzUm96OThWMF9RMEZWb0w3V3JPOFVKVUs3ZjEtb2U2SUZ3OVREYW5sYVB3VURoM2RaS2IyTjJjOTI3VjlhdkJaNS05Ym1IVHUwbXBFYWdBWTE?oc=5\" target=\"_blank\" rel=\"nofollow noopener\">Ta sprawa budzi w Finlandii ogromne kontrowersje. 15-latek zepchni\u0119ty do rowu przez radiow\u00f3z<\/a>&nbsp;&nbsp;Moto.pl<\/li>\n<\/ol>\n","protected":false},"excerpt":{"rendered":"Setki motocykli zajecha\u0142o przed fi\u0144ski parlament. Protest wobec brutalno\u015bci policji&nbsp;&nbsp;Wiadomo\u015bci Onet Radiow\u00f3z spycha motorowerzyst\u0119 do rowu. Policjant pod&hellip;\n","protected":false},"author":2,"featured_media":625045,"comment_status":"","ping_status":"","sticky":false,"template":"","format":"standard","meta":{"footnotes":"","_share_on_mastodon":"0"},"categories":[14],"tags":[61195,32,33,74,27,12705,34,35,28,31,48,56812,25,46,40,41,1627,1622,47,80,29,30,26,82,83,84],"class_list":["post-625044","post","type-post","status-publish","format-standard","has-post-thumbnail","category-swiat","tag-bottomfeed_styl","tag-breaking-news","tag-breakingnews","tag-finlandia","tag-headlines","tag-helsinki","tag-latest-news","tag-latestnews","tag-naglowki","tag-najwazniejsze-artykuly","tag-nat_styl","tag-newbb_tst0","tag-news","tag-omp","tag-polish","tag-polski","tag-prokuratura","tag-protesty","tag-screening_general","tag-swiat","tag-top-stories","tag-topstories","tag-wiadomosci","tag-world","tag-world-news","tag-worldnews"],"share_on_mastodon":{"url":"https:\/\/pubeurope.com\/@pl\/117103055737021351","error":""},"_links":{"self":[{"href":"https:\/\/www.europesays.com\/pl\/wp-json\/wp\/v2\/posts\/625044","targetHints":{"allow":["GET"]}}],"collection":[{"href":"https:\/\/www.europesays.com\/pl\/wp-json\/wp\/v2\/posts"}],"about":[{"href":"https:\/\/www.europesays.com\/pl\/wp-json\/wp\/v2\/types\/post"}],"author":[{"embeddable":true,"href":"https:\/\/www.europesays.com\/pl\/wp-json\/wp\/v2\/users\/2"}],"replies":[{"embeddable":true,"href":"https:\/\/www.europesays.com\/pl\/wp-json\/wp\/v2\/comments?post=625044"}],"version-history":[{"count":0,"href":"https:\/\/www.europesays.com\/pl\/wp-json\/wp\/v2\/posts\/625044\/revisions"}],"wp:featuredmedia":[{"embeddable":true,"href":"https:\/\/www.europesays.com\/pl\/wp-json\/wp\/v2\/media\/625045"}],"wp:attachment":[{"href":"https:\/\/www.europesays.com\/pl\/wp-json\/wp\/v2\/media?parent=625044"}],"wp:term":[{"taxonomy":"category","embeddable":true,"href":"https:\/\/www.europesays.com\/pl\/wp-json\/wp\/v2\/categories?post=625044"},{"taxonomy":"post_tag","embeddable":true,"href":"https:\/\/www.europesays.com\/pl\/wp-json\/wp\/v2\/tags?post=625044"}],"curies":[{"name":"wp","href":"https:\/\/api.w.org\/{rel}","templated":true}]}}