{"id":625158,"date":"2026-08-16T05:06:29","date_gmt":"2026-08-16T05:06:29","guid":{"rendered":"https:\/\/www.europesays.com\/pl\/625158\/"},"modified":"2026-08-16T05:06:29","modified_gmt":"2026-08-16T05:06:29","slug":"kajra-odslonila-nogi-w-bialej-mini-elzbieta-romanowska-postawila-na-kwiaty","status":"publish","type":"post","link":"https:\/\/www.europesays.com\/pl\/625158\/","title":{"rendered":"Kajra ods\u0142oni\u0142a nogi w bia\u0142ej mini. El\u017cbieta Romanowska postawi\u0142a na kwiaty"},"content":{"rendered":"<p>Mr\u0105gowo po raz kolejny sta\u0142o si\u0119 centrum muzycznej zabawy. 14 i 15 sierpnia odbywa si\u0119 tam jubileuszowa, dziesi\u0105ta edycja Festiwalu Weselnych Przeboj\u00f3w. Wydarzenie zgromadzi\u0142o t\u0142um artyst\u00f3w, kt\u00f3rzy pojawili si\u0119 nie tylko na scenie, ale r\u00f3wnie\u017c przed obiektywami fotoreporter\u00f3w.<\/p>\n<p>Przed rozpocz\u0119ciem koncert\u00f3w gwiazdy zameldowa\u0142y si\u0119 na festiwalowej \u015bciance. By\u0142a to okazja, by zaprezentowa\u0107 przygotowane specjalnie na t\u0119 okazj\u0119 stylizacje. W\u015br\u00f3d os\u00f3b, kt\u00f3re zwr\u00f3ci\u0142y uwag\u0119 fotograf\u00f3w, znale\u017ali si\u0119 m.in. prowadz\u0105cy wydarzenie<a href=\"https:\/\/plejada.pl\/temat\/elzbieta-romanowska\/kcq4fq4\" id=\"e01beb29-76cc-4ee5-837c-31d20d46c06f\" rel=\"nofollow noopener\" target=\"_blank\"> El\u017cbieta Romanowska<\/a> i <a href=\"https:\/\/plejada.pl\/temat\/rafal-maserak\/83j6efw\" id=\"68aae85d-c7ce-4f7d-961f-0b99e7c5d623\" rel=\"nofollow noopener\" target=\"_blank\">Rafa\u0142 Maserak<\/a>.<\/p>\n<p>Arty\u015bci, kt\u00f3rzy bior\u0105 udzia\u0142 w wydarzeniu w sobot\u0119 to: S\u0142awomir &amp; Kajra, Halina Mlynkova, Natasza, Skolim, Miros\u0142aw Kalisiewicz, Rafa\u0142 Brzozowski, Classic, Shazza, Andre, Ania Rusowicz, Micha\u0142 Milowicz, Bayer Full, Baby Full.<\/p>\n<p>1\/19Natasza Urba\u0144ska<img class=\"ods-a-photo ods-a-photo--background\" src=\"https:\/\/www.europesays.com\/pl\/wp-content\/uploads\/2026\/08\/vyYk9lBaHR0cHM6Ly9vY2RuLmV1L3B1bHNjbXMvTURBXy8wMTJhODg2OThhZTQ4MTc4ZDJmNmJmYjEyNzcxNDNkNy5qcGeRkwXNB.jpeg\" height=\"800\" width=\"533\" alt=\"Natasza Urba\u0144ska\" loading=\"lazy\" fetchpriority=\"auto\" decoding=\"auto\"\/><\/p>\n<p>Jacek Kurnikowski \/ AKPA<\/p>\n<p>Natasza Urba\u0144ska<\/p>\n<p>2\/19Natasza Urba\u0144ska<img class=\"ods-a-photo ods-a-photo--background\" src=\"https:\/\/www.europesays.com\/pl\/wp-content\/uploads\/2026\/08\/Wl7k9lBaHR0cHM6Ly9vY2RuLmV1L3B1bHNjbXMvTURBXy9iOWRlOGNhYWY2NGU0MGViNTdlZjYyMjMyYzJjOWJiMy5qcGeRkwXNB.jpeg\" height=\"800\" width=\"533\" alt=\"Natasza Urba\u0144ska\" loading=\"lazy\" fetchpriority=\"auto\" decoding=\"auto\"\/><\/p>\n<p>Jacek Kurnikowski \/ AKPA<\/p>\n<p>Natasza Urba\u0144ska<\/p>\n<p>3\/19Magdalena Kajra Kajrowicz, S\u0142awomir Zapa\u0142a <img class=\"ods-a-photo ods-a-photo--background\" src=\"https:\/\/www.europesays.com\/pl\/wp-content\/uploads\/2026\/08\/1786856776_917_djjk9lBaHR0cHM6Ly9vY2RuLmV1L3B1bHNjbXMvTURBXy9mNmY5ZGU3NTExOWI2MWFhNWExNGUwYWQyMGU1ZjMzZC5qcGeRkwXNB.jpeg\" height=\"626\" width=\"940\" alt=\"Magdalena Kajra Kajrowicz, S\u0142awomir Zapa\u0142a \" loading=\"lazy\" fetchpriority=\"auto\" decoding=\"auto\"\/><\/p>\n<p>Jacek Kurnikowski \/ AKPA<\/p>\n<p>Magdalena Kajra Kajrowicz, S\u0142awomir Zapa\u0142a <\/p>\n<p>4\/19Magdalena Kajra Kajrowicz, S\u0142awomir Zapa\u0142a <img class=\"ods-a-photo ods-a-photo--background\" src=\"https:\/\/www.europesays.com\/pl\/wp-content\/uploads\/2026\/08\/1786856778_928__Cik9lBaHR0cHM6Ly9vY2RuLmV1L3B1bHNjbXMvTURBXy9hY2YxODc0NDdjOTAwMDE4OTIxYzVjNjQyNzE2ZTkzYy5qcGeRkwXNB.jpeg\" height=\"800\" width=\"533\" alt=\"Magdalena Kajra Kajrowicz, S\u0142awomir Zapa\u0142a \" loading=\"lazy\" fetchpriority=\"auto\" decoding=\"auto\"\/><\/p>\n<p>Jacek Kurnikowski \/ AKPA<\/p>\n<p>Magdalena Kajra Kajrowicz, S\u0142awomir Zapa\u0142a <\/p>\n<p>5\/19Micha\u0142 Milowicz<img class=\"ods-a-photo ods-a-photo--background\" src=\"https:\/\/www.europesays.com\/pl\/wp-content\/uploads\/2026\/08\/ysjk9lBaHR0cHM6Ly9vY2RuLmV1L3B1bHNjbXMvTURBXy85OTgyYjVmMjM1NTlkN2IyNjgzMGFmZmMwMTFjNzVkNS5qcGeRkwXNB.jpeg\" height=\"626\" width=\"940\" alt=\"Micha\u0142 Milowicz\" loading=\"lazy\" fetchpriority=\"auto\" decoding=\"auto\"\/><\/p>\n<p>Jacek Kurnikowski \/ AKPA<\/p>\n<p>Micha\u0142 Milowicz<\/p>\n<p>6\/19El\u017cbieta Romanowska <img class=\"ods-a-photo ods-a-photo--background\" src=\"https:\/\/www.europesays.com\/pl\/wp-content\/uploads\/2026\/08\/VBPk9lBaHR0cHM6Ly9vY2RuLmV1L3B1bHNjbXMvTURBXy9hZTEwYjE5ZDdkOGQxYjEzNzc5Yzc0YzAxNDE4ZmUzYy5qcGeRkwXNB.jpeg\" height=\"626\" width=\"940\" alt=\"El\u017cbieta Romanowska \" loading=\"lazy\" fetchpriority=\"auto\" decoding=\"auto\"\/><\/p>\n<p>Jacek Kurnikowski \/ AKPA<\/p>\n<p>El\u017cbieta Romanowska <\/p>\n<p>7\/19El\u017cbieta Romanowska <img class=\"ods-a-photo ods-a-photo--background\" src=\"https:\/\/www.europesays.com\/pl\/wp-content\/uploads\/2026\/08\/QjLk9lBaHR0cHM6Ly9vY2RuLmV1L3B1bHNjbXMvTURBXy80N2Y5NmZlNWM5MmQ5N2UzMDM4OWU5ZmYyOWFmNDczOS5qcGeRkwXNB.jpeg\" height=\"800\" width=\"533\" alt=\"El\u017cbieta Romanowska \" loading=\"lazy\" fetchpriority=\"auto\" decoding=\"auto\"\/><\/p>\n<p>Jacek Kurnikowski \/ AKPA<\/p>\n<p>El\u017cbieta Romanowska <\/p>\n<p>8\/19 Rafa\u0142 Maserak <img class=\"ods-a-photo ods-a-photo--background\" src=\"https:\/\/www.europesays.com\/pl\/wp-content\/uploads\/2026\/08\/6_3k9lBaHR0cHM6Ly9vY2RuLmV1L3B1bHNjbXMvTURBXy8yZThmMGE0NjUzNzI2NGI0YjA5MTFiMGYyNTZlOWIxYy5qcGeRkwXNB.jpeg\" height=\"800\" width=\"533\" alt=\" Rafa\u0142 Maserak \" loading=\"lazy\" fetchpriority=\"auto\" decoding=\"auto\"\/><\/p>\n<p>Jacek Kurnikowski \/ AKPA<\/p>\n<p> Rafa\u0142 Maserak <\/p>\n<p>9\/19 Rafa\u0142 Maserak <img class=\"ods-a-photo ods-a-photo--background\" src=\"https:\/\/www.europesays.com\/pl\/wp-content\/uploads\/2026\/08\/miFk9lBaHR0cHM6Ly9vY2RuLmV1L3B1bHNjbXMvTURBXy85M2NlNzFlMWI5MTc0YTA0ZjdmNzY1NTE4ZGMwMWFkNi5qcGeRkwXNB.jpeg\" height=\"800\" width=\"533\" alt=\" Rafa\u0142 Maserak \" loading=\"lazy\" fetchpriority=\"auto\" decoding=\"auto\"\/><\/p>\n<p>Jacek Kurnikowski \/ AKPA<\/p>\n<p> Rafa\u0142 Maserak <\/p>\n<p>10\/19Rafa\u0142 Brzozowski <img class=\"ods-a-photo ods-a-photo--background\" src=\"https:\/\/www.europesays.com\/pl\/wp-content\/uploads\/2026\/08\/aLgk9lBaHR0cHM6Ly9vY2RuLmV1L3B1bHNjbXMvTURBXy8yZmVmZWQ5ZTViZGJmZGE0NjVmOTNjYWM5NDgxZDA2Zi5qcGeRkwXNB.jpeg\" height=\"800\" width=\"533\" alt=\"Rafa\u0142 Brzozowski \" loading=\"lazy\" fetchpriority=\"auto\" decoding=\"auto\"\/><\/p>\n<p>Jacek Kurnikowski \/ AKPA<\/p>\n<p>Rafa\u0142 Brzozowski <\/p>\n<p>11\/19Rafa\u0142 Brzozowski <img class=\"ods-a-photo ods-a-photo--background\" src=\"https:\/\/www.europesays.com\/pl\/wp-content\/uploads\/2026\/08\/D3lk9lBaHR0cHM6Ly9vY2RuLmV1L3B1bHNjbXMvTURBXy81ZGE3MTkyYWI3NWYxNTUxYTc1MjMwZGVlMmI1OThlZS5qcGeRkwXNB.jpeg\" height=\"800\" width=\"533\" alt=\"Rafa\u0142 Brzozowski \" loading=\"lazy\" fetchpriority=\"auto\" decoding=\"auto\"\/><\/p>\n<p>Jacek Kurnikowski \/ AKPA<\/p>\n<p>Rafa\u0142 Brzozowski <\/p>\n<p>12\/19Halina Mlynkova<img class=\"ods-a-photo ods-a-photo--background\" src=\"https:\/\/www.europesays.com\/pl\/wp-content\/uploads\/2026\/08\/oD5k9lBaHR0cHM6Ly9vY2RuLmV1L3B1bHNjbXMvTURBXy9jMmEyYjRhOTg0ZmFlMDdmNDU2ZGNlZjI4MzJlMDk2ZC5qcGeRkwXNB.jpeg\" height=\"626\" width=\"940\" alt=\"Halina Mlynkova\" loading=\"lazy\" fetchpriority=\"auto\" decoding=\"auto\"\/><\/p>\n<p>Jacek Kurnikowski \/ AKPA<\/p>\n<p>Halina Mlynkova<\/p>\n<p>13\/19Halina Mlynkova<img class=\"ods-a-photo ods-a-photo--background\" src=\"https:\/\/www.europesays.com\/pl\/wp-content\/uploads\/2026\/08\/1Y-k9lBaHR0cHM6Ly9vY2RuLmV1L3B1bHNjbXMvTURBXy9lOGUyNWE0YmM5NmU1MjZjZDg2MzQ5NmFiY2IzODcxNy5qcGeRkwXNB.jpeg\" height=\"800\" width=\"533\" alt=\"Halina Mlynkova\" loading=\"lazy\" fetchpriority=\"auto\" decoding=\"auto\"\/><\/p>\n<p>Jacek Kurnikowski \/ AKPA<\/p>\n<p>Halina Mlynkova<\/p>\n<p>14\/19Halina Mlynkova<img class=\"ods-a-photo ods-a-photo--background\" src=\"https:\/\/www.europesays.com\/pl\/wp-content\/uploads\/2026\/08\/2E8k9lBaHR0cHM6Ly9vY2RuLmV1L3B1bHNjbXMvTURBXy9jNTg5YzM2OWEzMTVhZWNiZDk1YWYyMTNhZmE4ZGU2Mi5qcGeRkwXNB.jpeg\" height=\"800\" width=\"533\" alt=\"Halina Mlynkova\" loading=\"lazy\" fetchpriority=\"auto\" decoding=\"auto\"\/><\/p>\n<p>Jacek Kurnikowski \/ AKPA<\/p>\n<p>Halina Mlynkova<\/p>\n<p>15\/19Shazza<img class=\"ods-a-photo ods-a-photo--background\" src=\"https:\/\/www.europesays.com\/pl\/wp-content\/uploads\/2026\/08\/1786856785_998_lEIk9lBaHR0cHM6Ly9vY2RuLmV1L3B1bHNjbXMvTURBXy85OTU3ZDRkODU2MDE5OWEyNDE1OTE0NjYwNmU2MWQ0NS5qcGeRkwXNB.jpeg\" height=\"626\" width=\"940\" alt=\"Shazza\" loading=\"lazy\" fetchpriority=\"auto\" decoding=\"auto\"\/><\/p>\n<p>Jacek Kurnikowski \/ AKPA<\/p>\n<p>Shazza<\/p>\n<p>Fot. Jacek Kurnikowski\/AKPA<\/p>\n<p>16\/19Shazza<img class=\"ods-a-photo ods-a-photo--background\" src=\"https:\/\/www.europesays.com\/pl\/wp-content\/uploads\/2026\/08\/ap3k9lBaHR0cHM6Ly9vY2RuLmV1L3B1bHNjbXMvTURBXy81M2EzN2M3N2MzZjZkYTlkOTFkMTZkYTUzMTI2MzhhNi5qcGeRkwXNB.jpeg\" height=\"626\" width=\"940\" alt=\"Shazza\" loading=\"lazy\" fetchpriority=\"auto\" decoding=\"auto\"\/><\/p>\n<p>Jacek Kurnikowski \/ AKPA<\/p>\n<p>Shazza<\/p>\n<p>Fot. Jacek Kurnikowski\/AKPA<\/p>\n<p>17\/19Shazza<img class=\"ods-a-photo ods-a-photo--background\" src=\"https:\/\/www.europesays.com\/pl\/wp-content\/uploads\/2026\/08\/1786856787_497_XZck9lBaHR0cHM6Ly9vY2RuLmV1L3B1bHNjbXMvTURBXy9jOWRhNDY3ZDU1ODZkNGViNGE0YjA5ODQzNzMwNTNhMy5qcGeRkwXNB.jpeg\" height=\"626\" width=\"940\" alt=\"Shazza\" loading=\"lazy\" fetchpriority=\"auto\" decoding=\"auto\"\/><\/p>\n<p>Jacek Kurnikowski \/ AKPA<\/p>\n<p>Shazza<\/p>\n<p>Fot. Jacek Kurnikowski\/AKPA<\/p>\n<p>18\/19Andrzej Koz\u0142owski, El\u017cbieta Romanowska, Rafa\u0142 Maserak<img class=\"ods-a-photo ods-a-photo--background\" src=\"https:\/\/www.europesays.com\/pl\/wp-content\/uploads\/2026\/08\/YDWk9lBaHR0cHM6Ly9vY2RuLmV1L3B1bHNjbXMvTURBXy9kZDIyMjA5ZTIyZTRlN2IyZTg1YmM3OWFkNDBlNzViNC5qcGeRkwXNB.jpeg\" height=\"626\" width=\"940\" alt=\"Andrzej Koz\u0142owski, El\u017cbieta Romanowska, Rafa\u0142 Maserak\" loading=\"lazy\" fetchpriority=\"auto\" decoding=\"auto\"\/><\/p>\n<p>Jacek Kurnikowski \/ AKPA<\/p>\n<p>Andrzej Koz\u0142owski, El\u017cbieta Romanowska, Rafa\u0142 Maserak<\/p>\n<p>19\/19Andrzej Koz\u0142owski, El\u017cbieta Romanowska, Rafa\u0142 Maserak<img class=\"ods-a-photo ods-a-photo--background\" src=\"https:\/\/www.europesays.com\/pl\/wp-content\/uploads\/2026\/08\/m26k9lBaHR0cHM6Ly9vY2RuLmV1L3B1bHNjbXMvTURBXy84YmE5ZTY1N2IyMTljOGRiY2IwMzgzYzljYWMyYWM2NC5qcGeRkwXNB.jpeg\" height=\"626\" width=\"940\" alt=\"Andrzej Koz\u0142owski, El\u017cbieta Romanowska, Rafa\u0142 Maserak\" loading=\"lazy\" fetchpriority=\"auto\" decoding=\"auto\"\/><\/p>\n<p>Jacek Kurnikowski \/ AKPA<\/p>\n<p>Andrzej Koz\u0142owski, El\u017cbieta Romanowska, Rafa\u0142 Maserak<\/p>\n<p>Dzi\u0119kujemy, \u017ce przeczyta\u0142a\u015b\/e\u015b nasz artyku\u0142 do ko\u0144ca. W serwisie Plejada.pl ka\u017cdego dnia piszemy o najwa\u017cniejszych wydarzeniach show-biznesowych. <\/p>\n<p>B\u0105d\u017a na bie\u017c\u0105co! Obserwuj Plejad\u0119 w <a href=\"http:\/\/news.google.com\/publications\/CAAiEF0PeAlb7W1llpV_mwV2rL4qFAgKIhBdD3gJW-1tZZaVf5sFdqy-?hl=pl&amp;gl=PL&amp;ceid=PL%3Apl\" rel=\"nofollow noopener\" target=\"_blank\">Wiadomo\u015bciach Google<\/a>. Odwied\u017a nas tak\u017ce na <a href=\"http:\/\/facebook.com\/plejadapl\" rel=\"nofollow noopener\" target=\"_blank\">Facebooku<\/a> , <a href=\"http:\/\/instagram.com\/plejadapl\/\" rel=\"nofollow noopener\" target=\"_blank\">Instagramie<\/a>, <a href=\"http:\/\/youtube.com\/c\/plejada\" rel=\"nofollow noopener\" target=\"_blank\">YouTubie<\/a> i <a href=\"http:\/\/tiktok.com\/@plejada_pl\" rel=\"nofollow noopener\" target=\"_blank\">TikToku<\/a>. <\/p>\n<p>Chcesz podzieli\u0107 si\u0119 ciekawym newsem lub zaproponowa\u0107 temat? Skontaktuj si\u0119 z nami, pisz\u0105c maila na adres: plejada@redakcjaonet.pl.\u00a0<\/p>\n<p><script async src=\"\/\/www.instagram.com\/embed.js\"><\/script><script async src=\"\/\/www.tiktok.com\/embed.js\"><\/script><\/p>\n","protected":false},"excerpt":{"rendered":"Mr\u0105gowo po raz kolejny sta\u0142o si\u0119 centrum muzycznej zabawy. 14 i 15 sierpnia odbywa si\u0119 tam jubileuszowa, dziesi\u0105ta&hellip;\n","protected":false},"author":2,"featured_media":625159,"comment_status":"","ping_status":"","sticky":false,"template":"","format":"standard","meta":{"footnotes":"","_share_on_mastodon":"0"},"categories":[5],"tags":[61195,32,33,2249,36,37,123259,27,35840,34,35,25445,28,31,48,25,46,42,38,40,39,41,3557,47,29,30,26,804],"class_list":["post-625158","post","type-post","status-publish","format-standard","has-post-thumbnail","category-naglowki","tag-bottomfeed_styl","tag-breaking-news","tag-breakingnews","tag-elzbieta_romanowska","tag-featured-news","tag-featurednews","tag-halina_frackowiak","tag-headlines","tag-kajra_piosenkarka","tag-latest-news","tag-latestnews","tag-mragowo","tag-naglowki","tag-najwazniejsze-artykuly","tag-nat_styl","tag-news","tag-omp","tag-pl","tag-poland","tag-polish","tag-polska","tag-polski","tag-rafal_maserak","tag-screening_general","tag-top-stories","tag-topstories","tag-wiadomosci","tag-zdjecia_gwiazd"],"share_on_mastodon":{"url":"https:\/\/pubeurope.com\/@pl\/117103454566917755","error":""},"_links":{"self":[{"href":"https:\/\/www.europesays.com\/pl\/wp-json\/wp\/v2\/posts\/625158","targetHints":{"allow":["GET"]}}],"collection":[{"href":"https:\/\/www.europesays.com\/pl\/wp-json\/wp\/v2\/posts"}],"about":[{"href":"https:\/\/www.europesays.com\/pl\/wp-json\/wp\/v2\/types\/post"}],"author":[{"embeddable":true,"href":"https:\/\/www.europesays.com\/pl\/wp-json\/wp\/v2\/users\/2"}],"replies":[{"embeddable":true,"href":"https:\/\/www.europesays.com\/pl\/wp-json\/wp\/v2\/comments?post=625158"}],"version-history":[{"count":0,"href":"https:\/\/www.europesays.com\/pl\/wp-json\/wp\/v2\/posts\/625158\/revisions"}],"wp:featuredmedia":[{"embeddable":true,"href":"https:\/\/www.europesays.com\/pl\/wp-json\/wp\/v2\/media\/625159"}],"wp:attachment":[{"href":"https:\/\/www.europesays.com\/pl\/wp-json\/wp\/v2\/media?parent=625158"}],"wp:term":[{"taxonomy":"category","embeddable":true,"href":"https:\/\/www.europesays.com\/pl\/wp-json\/wp\/v2\/categories?post=625158"},{"taxonomy":"post_tag","embeddable":true,"href":"https:\/\/www.europesays.com\/pl\/wp-json\/wp\/v2\/tags?post=625158"}],"curies":[{"name":"wp","href":"https:\/\/api.w.org\/{rel}","templated":true}]}}