{"id":625216,"date":"2026-08-16T06:01:10","date_gmt":"2026-08-16T06:01:10","guid":{"rendered":"https:\/\/www.europesays.com\/pl\/625216\/"},"modified":"2026-08-16T06:01:10","modified_gmt":"2026-08-16T06:01:10","slug":"novak-djokovic-skomentowal-sensacyjna-porazke","status":"publish","type":"post","link":"https:\/\/www.europesays.com\/pl\/625216\/","title":{"rendered":"Novak Djokovi\u0107 skomentowa\u0142 sensacyjn\u0105 pora\u017ck\u0119"},"content":{"rendered":"\n<p class=\"contentpart contentpart--default contentpart--text\" data-position=\"0\">Wyst\u0119p w turnieju ATP Masters 1000 w Cincinnati by\u0142 dla <a href=\"https:\/\/sportowefakty.wp.pl\/tenis\/novak-djokovic\" rel=\"nofollow noopener\" target=\"_blank\">Novaka Djokovicia<\/a>\u00a0pierwszym od czasu Wimbledonu i zarazem jedynym przed kolejn\u0105 imprez\u0105 Wielkiego Szlema &#8211; US Open. Serb jednak odpad\u0142 po swoim inauguracyjnym meczu, w II rundzie (w I rundzie mia\u0142 wolny los) sensacyjnie przegrywaj\u0105c 6:2, 4:6, 4:6 z notowanym na 50. miejscu w \u015bwiatowym rankingu <a href=\"https:\/\/sportowefakty.wp.pl\/tenis\/thiago-agustin-tirante\" rel=\"nofollow noopener\" target=\"_blank\">Thiago Agustinem Tirante<\/a>.<\/p>\n<p class=\"contentpart contentpart--default contentpart--text\" data-position=\"1\">&#8211; Przede wszystkim gratuluj\u0119 mojemu przeciwnikowi. Szczerze m\u00f3wi\u0105c, to nie by\u0142 dla mnie przyjemny mecz. Nie czu\u0142em si\u0119 dobrze. Ale to nie pierwszy raz i z pewno\u015bci\u0105 nie ostatni &#8211; m\u00f3wi\u0142 podczas konferencji prasowej.<\/p>\n<p>  <img decoding=\"async\" src=\"https:\/\/v.wpimg.pl\/X3dwLnN2d1IFFTpdYUl6R0ZNbgcnEHQREVV2TGEGbUtRT2MdOlZ2RBQUKABgQjQcDRotCStBd1IAAWMeIlM7VgwYIAorQAdEFFk_GCkQJQ\" alt=\"\" width=\"45\" height=\"58\" loading=\"lazy\"\/>  <\/p>\n<p class=\"contentpart contentpart--default contentpart--text\" data-position=\"2\">ZOBACZ WIDEO: Nowicki bezlitosny dla samego siebie. &#8222;Obraz n\u0119dzy i rozpaczy. O Bo\u017ce!&#8221;<\/p>\n<p class=\"contentpart contentpart--default contentpart--text\" data-position=\"4\">Djokovi\u0107 cierpia\u0142 w sobotnim upale i wilgoci w Cincinnati. I szczerze przyzna\u0142, \u017ce te warunki mia\u0142y negatywny wp\u0142yw na jego zdrowie, co prze\u0142o\u017cy\u0142o si\u0119 na s\u0142ab\u0105 postaw\u0119 na korcie.<\/p>\n<p class=\"contentpart contentpart--default contentpart--text\" data-position=\"5\">&#8211; Warunki nie by\u0142y problemem. By\u0142o nim schorzenie zdrowotne. Cierpi\u0119 na nie od wielu lat i sprawia mi wiele k\u0142opot\u00f3w, gdy jest gor\u0105co i wilgotno &#8211; wyjawi\u0142.<\/p>\n<p class=\"contentpart contentpart--default contentpart--text\" data-position=\"6\">&#8211; Wiedzia\u0142em, \u017ce te warunki b\u0119d\u0105 mie\u0107 na mnie wp\u0142yw. Ale by\u0142o te\u017c inne rzeczy &#8211; nerwy i wszystko, co wi\u0105\u017ce si\u0119 z takim meczem. To wszystko pogarsza sytuacj\u0119 i tak w\u0142a\u015bnie si\u0119 sta\u0142o &#8211; doda\u0142.<\/p>\n<p>  <img decoding=\"async\" src=\"https:\/\/v.wpimg.pl\/X3dwLnN2d1IFFTpdYUl6R0ZNbgcnEHQREVV2TGEGbUtRT2MdOlZ2RBQUKABgQjQcDRotCStBd1IAAWMeIlM7VgwYIAorQAdEFFk_GCkQJQ\" alt=\"\" width=\"45\" height=\"58\" loading=\"lazy\"\/>  <\/p>\n<p class=\"contentpart contentpart--default contentpart--text\" data-position=\"7\">Dla 39-latka z Belgradu by\u0142 to 16. w karierze wyst\u0119p w Cincinnati Open. Zapytany, czy jeszcze zagra w tym turnieju, odpar\u0142: &#8211; Mam nadziej\u0119, \u017ce tak, ale niestety wygl\u0105da na to, \u017ce nie. Lecz zobaczymy, co przyniesie przysz\u0142o\u015b\u0107.<\/p>\n","protected":false},"excerpt":{"rendered":"Wyst\u0119p w turnieju ATP Masters 1000 w Cincinnati by\u0142 dla Novaka Djokovicia\u00a0pierwszym od czasu Wimbledonu i zarazem jedynym&hellip;\n","protected":false},"author":2,"featured_media":625217,"comment_status":"","ping_status":"","sticky":false,"template":"","format":"standard","meta":{"footnotes":"","_share_on_mastodon":"0"},"categories":[24],"tags":[2080,123238,14880,9122,42,38,40,39,41,279,127,126,156,71],"class_list":["post-625216","post","type-post","status-publish","format-standard","has-post-thumbnail","category-sport","tag-atp","tag-atp-cincinnati","tag-cincinnati","tag-novak-djokovic","tag-pl","tag-poland","tag-polish","tag-polska","tag-polski","tag-serbia","tag-sport","tag-sports","tag-tenis","tag-usa"],"share_on_mastodon":{"url":"","error":""},"_links":{"self":[{"href":"https:\/\/www.europesays.com\/pl\/wp-json\/wp\/v2\/posts\/625216","targetHints":{"allow":["GET"]}}],"collection":[{"href":"https:\/\/www.europesays.com\/pl\/wp-json\/wp\/v2\/posts"}],"about":[{"href":"https:\/\/www.europesays.com\/pl\/wp-json\/wp\/v2\/types\/post"}],"author":[{"embeddable":true,"href":"https:\/\/www.europesays.com\/pl\/wp-json\/wp\/v2\/users\/2"}],"replies":[{"embeddable":true,"href":"https:\/\/www.europesays.com\/pl\/wp-json\/wp\/v2\/comments?post=625216"}],"version-history":[{"count":0,"href":"https:\/\/www.europesays.com\/pl\/wp-json\/wp\/v2\/posts\/625216\/revisions"}],"wp:featuredmedia":[{"embeddable":true,"href":"https:\/\/www.europesays.com\/pl\/wp-json\/wp\/v2\/media\/625217"}],"wp:attachment":[{"href":"https:\/\/www.europesays.com\/pl\/wp-json\/wp\/v2\/media?parent=625216"}],"wp:term":[{"taxonomy":"category","embeddable":true,"href":"https:\/\/www.europesays.com\/pl\/wp-json\/wp\/v2\/categories?post=625216"},{"taxonomy":"post_tag","embeddable":true,"href":"https:\/\/www.europesays.com\/pl\/wp-json\/wp\/v2\/tags?post=625216"}],"curies":[{"name":"wp","href":"https:\/\/api.w.org\/{rel}","templated":true}]}}