{"id":625292,"date":"2026-08-16T06:59:20","date_gmt":"2026-08-16T06:59:20","guid":{"rendered":"https:\/\/www.europesays.com\/pl\/625292\/"},"modified":"2026-08-16T06:59:20","modified_gmt":"2026-08-16T06:59:20","slug":"dron-wlecial-w-przestrzen-rumunii-zdecydowana-reakcja-nato","status":"publish","type":"post","link":"https:\/\/www.europesays.com\/pl\/625292\/","title":{"rendered":"Dron wlecia\u0142 w przestrze\u0144 Rumunii. Zdecydowana reakcja NATO"},"content":{"rendered":"<p>Rumu\u0144ski resort obrony powiadomi\u0142, \u017ce od\u0142amki najprawdopodobniej spad\u0142y na niezamieszkany teren mi\u0119dzy dwiema wioskami. Ministerstwo nie okre\u015bli\u0142o w komunikacie pochodzenia drona.<\/p>\n<p>Mi\u0119dzy 24 a 26 lipca rumu\u0144skie si\u0142y powietrzne, wspierane przez w\u0142oskie Eurofightery w ramach misji NATO Air Policing, zestrzeli\u0142y trzy drony wojskowe typu Shahed.<\/p>\n<p>Ile tak naprawd\u0119 Polska przekaza\u0142a Ukrainie. Obalamy mity [KWOTY]<img class=\"ods-a-photo ods-a-photo--background\" src=\"https:\/\/www.europesays.com\/pl\/wp-content\/uploads\/2026\/08\/1786863560_142_LMVk9lBaHR0cHM6Ly9vY2RuLmV1L3B1bHNjbXMvTURBXy8zODkwMzY1YTAyOTNlZmMxNjlhOTZlMjUzM2E0ZGM2NC5qcGeRlQLNA.jpeg\" height=\"253\" width=\"450\" alt=\"Prezydent Ukrainy Wo\u0142odymyr Ze\u0142enski i premier Donald Tusk podczas spotkania w Warszawie (XII 2025 r.)\" loading=\"lazy\" fetchpriority=\"low\" decoding=\"async\"\/><\/p>\n<p>Rumunia dzieli z Ukrain\u0105 granic\u0119 l\u0105dow\u0105 o d\u0142ugo\u015bci 614 km. W ci\u0105gu ostatnich czterech lat rosyjskie bezza\u0142ogowce wielokrotnie narusza\u0142y przestrze\u0144 powietrzn\u0105 tego pa\u0144stwa. Potwierdzano tak\u017ce obecno\u015b\u0107 min w wodach Morza Czarnego wzd\u0142u\u017c kluczowych szlak\u00f3w handlowych i energetycznych.<\/p>\n<p>Do jednego z najpowa\u017cniejszych incydent\u00f3w w Rumunii dosz\u0142o w nocy z 28 na 29 maja, kiedy dron przenosz\u0105cy \u0142adunek wybuchowy spad\u0142 na dom mieszkalny w miejscowo\u015bci Ga\u0142acz przy granicy z Ukrain\u0105. Dwie osoby zosta\u0142y w\u00f3wczas ranne. Od 2022 r. do ko\u0144ca ubieg\u0142ego miesi\u0105ca w\u0142adze Rumunii potwierdzi\u0142y 33 przypadki wtargni\u0119cia dron\u00f3w oraz oko\u0142o 50 upadk\u00f3w na rumu\u0144skim terytorium szcz\u0105tk\u00f3w bezza\u0142ogowc\u00f3w str\u0105conych przez stron\u0119 ukrai\u0144sk\u0105. Wed\u0142ug ministerstwa obrony a\u017c 18 spo\u015br\u00f3d tych narusze\u0144 odnotowano w 2026 r.<\/p>\n","protected":false},"excerpt":{"rendered":"Rumu\u0144ski resort obrony powiadomi\u0142, \u017ce od\u0142amki najprawdopodobniej spad\u0142y na niezamieszkany teren mi\u0119dzy dwiema wioskami. Ministerstwo nie okre\u015bli\u0142o w&hellip;\n","protected":false},"author":2,"featured_media":625293,"comment_status":"","ping_status":"","sticky":false,"template":"","format":"standard","meta":{"footnotes":"","_share_on_mastodon":"0"},"categories":[12],"tags":[61195,144,48,160,46,42,38,40,39,41,542,47,80],"class_list":["post-625292","post","type-post","status-publish","format-standard","has-post-thumbnail","category-polska","tag-bottomfeed_styl","tag-drony","tag-nat_styl","tag-nato","tag-omp","tag-pl","tag-poland","tag-polish","tag-polska","tag-polski","tag-rumunia","tag-screening_general","tag-swiat"],"share_on_mastodon":{"url":"https:\/\/pubeurope.com\/@pl\/117103896975996599","error":""},"_links":{"self":[{"href":"https:\/\/www.europesays.com\/pl\/wp-json\/wp\/v2\/posts\/625292","targetHints":{"allow":["GET"]}}],"collection":[{"href":"https:\/\/www.europesays.com\/pl\/wp-json\/wp\/v2\/posts"}],"about":[{"href":"https:\/\/www.europesays.com\/pl\/wp-json\/wp\/v2\/types\/post"}],"author":[{"embeddable":true,"href":"https:\/\/www.europesays.com\/pl\/wp-json\/wp\/v2\/users\/2"}],"replies":[{"embeddable":true,"href":"https:\/\/www.europesays.com\/pl\/wp-json\/wp\/v2\/comments?post=625292"}],"version-history":[{"count":0,"href":"https:\/\/www.europesays.com\/pl\/wp-json\/wp\/v2\/posts\/625292\/revisions"}],"wp:featuredmedia":[{"embeddable":true,"href":"https:\/\/www.europesays.com\/pl\/wp-json\/wp\/v2\/media\/625293"}],"wp:attachment":[{"href":"https:\/\/www.europesays.com\/pl\/wp-json\/wp\/v2\/media?parent=625292"}],"wp:term":[{"taxonomy":"category","embeddable":true,"href":"https:\/\/www.europesays.com\/pl\/wp-json\/wp\/v2\/categories?post=625292"},{"taxonomy":"post_tag","embeddable":true,"href":"https:\/\/www.europesays.com\/pl\/wp-json\/wp\/v2\/tags?post=625292"}],"curies":[{"name":"wp","href":"https:\/\/api.w.org\/{rel}","templated":true}]}}