{"id":625422,"date":"2026-08-16T08:37:10","date_gmt":"2026-08-16T08:37:10","guid":{"rendered":"https:\/\/www.europesays.com\/pl\/625422\/"},"modified":"2026-08-16T08:37:10","modified_gmt":"2026-08-16T08:37:10","slug":"rita-ora-rozplakala-sie-na-scenie-w-poznaniu-wszystko-przez-ten-utwor","status":"publish","type":"post","link":"https:\/\/www.europesays.com\/pl\/625422\/","title":{"rendered":"Rita Ora rozp\u0142aka\u0142a si\u0119 na scenie w Poznaniu. Wszystko przez ten utw\u00f3r"},"content":{"rendered":"<p>Wiecz\u00f3r pe\u0142en emocji \u2014 tak mo\u017cna podsumowa\u0107 koncert Rity Ory, kt\u00f3ry odby\u0142 si\u0119 w Poznaniu. Brytyjska piosenkarka nie spodziewa\u0142a si\u0119, \u017ce polska publiczno\u015b\u0107 zgotuje jej tak wzruszaj\u0105ce powitanie. Kulminacyjnym momentem by\u0142o wykonanie przeboju &#8222;For You&#8221;, nagranego w duecie z Liamem Payne\u2019em. Przypomnijmy, artysta zmar\u0142 tragicznie, co nada\u0142o wyst\u0119powi szczeg\u00f3lnego wymiaru.<\/p>\n<p>Zanim zabrzmia\u0142y pierwsze d\u017awi\u0119ki utworu, Ora nie ukrywa\u0142a, jak trudny jest dla niej powr\u00f3t do tej piosenki. \u2014 Za ka\u017cdym razem kosztuje mnie to wiele emocji \u2014 wyzna\u0142a ze sceny, podkre\u015blaj\u0105c, \u017ce nie zawsze dzieli si\u0119 tym z publiczno\u015bci\u0105.<\/p>\n<p>Wzruszenie si\u0119gn\u0119\u0142o zenitu, gdy polscy fani spontanicznie do\u0142\u0105czyli do wykonania, przejmuj\u0105c znaczn\u0105 cz\u0119\u015b\u0107 wokalu. Artystka nie kry\u0142a \u0142ez, s\u0142uchaj\u0105c ch\u00f3ralnego \u015bpiewu t\u0142umu. Po zako\u0144czeniu utworu przyzna\u0142a, \u017ce nie spodziewa\u0142a si\u0119 takiego gestu ze strony polskiej publiczno\u015bci.<\/p>\n<p><img class=\"ods-a-photo ods-a-photo--background\" src=\"https:\/\/www.europesays.com\/pl\/wp-content\/uploads\/2026\/08\/kMFk9lBaHR0cHM6Ly9vY2RuLmV1L3B1bHNjbXMvTURBXy82YThlYTYyMGYwNTIxYWZjNmNlODc4YzNlZThiNjc5Yy5qcGeRlQLNA.jpeg\" height=\"253\" width=\"450\" alt=\"Robbie Williams zobaczy\u0142 Polk\u0119 w t\u0142umie. Potem wzi\u0105\u0142 jej telefon\" loading=\"lazy\" fetchpriority=\"low\" decoding=\"async\"\/>Sceniczna odwaga i ekstrawagancja<\/p>\n<p>Rita Ora s\u0142ynie nie tylko z mocnego g\u0142osu, ale i odwa\u017cnych stylizacji. W Poznaniu zaprezentowa\u0142a si\u0119 w przezroczystym biustonoszu z b\u0142\u0119kitn\u0105 koronk\u0105 oraz wyci\u0119tych majtkach z futerkiem i tr\u00f3jwymiarowymi kwiatowymi rozetami. Ca\u0142o\u015b\u0107 uzupe\u0142ni\u0142y b\u0142yszcz\u0105ce rajstopy, bia\u0142e szpilki oraz futurystyczne okulary w stylu retro.<\/p>\n","protected":false},"excerpt":{"rendered":"Wiecz\u00f3r pe\u0142en emocji \u2014 tak mo\u017cna podsumowa\u0107 koncert Rity Ory, kt\u00f3ry odby\u0142 si\u0119 w Poznaniu. Brytyjska piosenkarka nie&hellip;\n","protected":false},"author":2,"featured_media":625423,"comment_status":"","ping_status":"","sticky":false,"template":"","format":"standard","meta":{"footnotes":"","_share_on_mastodon":"0"},"categories":[22],"tags":[61195,122,10723,1252,48,46,55,42,38,40,39,41,1817,27115,123,47],"class_list":["post-625422","post","type-post","status-publish","format-standard","has-post-thumbnail","category-rozrywka","tag-bottomfeed_styl","tag-entertainment","tag-koncerty","tag-muzyka","tag-nat_styl","tag-omp","tag-phx","tag-pl","tag-poland","tag-polish","tag-polska","tag-polski","tag-poznan","tag-rita_ora","tag-rozrywka","tag-screening_general"],"share_on_mastodon":{"url":"https:\/\/pubeurope.com\/@pl\/117104282527123900","error":""},"_links":{"self":[{"href":"https:\/\/www.europesays.com\/pl\/wp-json\/wp\/v2\/posts\/625422","targetHints":{"allow":["GET"]}}],"collection":[{"href":"https:\/\/www.europesays.com\/pl\/wp-json\/wp\/v2\/posts"}],"about":[{"href":"https:\/\/www.europesays.com\/pl\/wp-json\/wp\/v2\/types\/post"}],"author":[{"embeddable":true,"href":"https:\/\/www.europesays.com\/pl\/wp-json\/wp\/v2\/users\/2"}],"replies":[{"embeddable":true,"href":"https:\/\/www.europesays.com\/pl\/wp-json\/wp\/v2\/comments?post=625422"}],"version-history":[{"count":0,"href":"https:\/\/www.europesays.com\/pl\/wp-json\/wp\/v2\/posts\/625422\/revisions"}],"wp:featuredmedia":[{"embeddable":true,"href":"https:\/\/www.europesays.com\/pl\/wp-json\/wp\/v2\/media\/625423"}],"wp:attachment":[{"href":"https:\/\/www.europesays.com\/pl\/wp-json\/wp\/v2\/media?parent=625422"}],"wp:term":[{"taxonomy":"category","embeddable":true,"href":"https:\/\/www.europesays.com\/pl\/wp-json\/wp\/v2\/categories?post=625422"},{"taxonomy":"post_tag","embeddable":true,"href":"https:\/\/www.europesays.com\/pl\/wp-json\/wp\/v2\/tags?post=625422"}],"curies":[{"name":"wp","href":"https:\/\/api.w.org\/{rel}","templated":true}]}}