{"id":625532,"date":"2026-08-16T09:47:19","date_gmt":"2026-08-16T09:47:19","guid":{"rendered":"https:\/\/www.europesays.com\/pl\/625532\/"},"modified":"2026-08-16T09:47:19","modified_gmt":"2026-08-16T09:47:19","slug":"rafineria-z-wlasnym-zrodlem-zielonej-energii-polski-koncern-inwestuje-w-oze","status":"publish","type":"post","link":"https:\/\/www.europesays.com\/pl\/625532\/","title":{"rendered":"Rafineria z w\u0142asnym \u017ar\u00f3d\u0142em zielonej energii. Polski koncern inwestuje w OZE"},"content":{"rendered":"<p>                            <img decoding=\"async\" src=\"https:\/\/www.europesays.com\/pl\/wp-content\/uploads\/2026\/08\/ORLEN_PV_Mozejki.jpg.coredownload-aspect-ratio-618-360-921x537.jpeg\"   style=\"aspect-ratio: auto 921 \/ 537\" alt=\"Rafineria z w\u0142asnym \u017ar\u00f3d\u0142em zielonej energii. Polski koncern inwestuje w OZE\"\/> Farma fotowoltaiczna Mo\u017cejki, fot. Orlen            <\/p>\n<p>Grupa Orlen uruchomi\u0142a na Litwie farm\u0119 fotowoltaiczn\u0105 o mocy 42,2 MW, zlokalizowan\u0105 bezpo\u015brednio przy rafinerii w Mo\u017cejkach. Instalacja, z\u0142o\u017cona z blisko 68 tys. dwustronnych paneli, ma produkowa\u0107 rocznie oko\u0142o 45 GWh energii i pokryje oko\u0142o 7 proc. zapotrzebowania Orlen Lietuva na pr\u0105d. To najwi\u0119ksza przyzak\u0142adowa instalacja fotowoltaiczna w ca\u0142ej Grupie Kapita\u0142owej Orlen.\u00a0<\/p>\n<p>Nowa instalacja powsta\u0142a na terenie rafinerii w Mo\u017cejkach i zajmuje oko\u0142o 60 hektar\u00f3w. Farm\u0119 tworzy blisko 68 tys. dwustronnych modu\u0142\u00f3w fotowoltaicznych o mocy szczytowej 620 W ka\u017cdy. Zastosowana technologia umo\u017cliwia absorpcj\u0119 \u015bwiat\u0142a s\u0142onecznego z obu stron paneli, co zwi\u0119ksza ich wydajno\u015b\u0107 r\u00f3wnie\u017c przy s\u0142abszym nas\u0142onecznieniu. Za realizacj\u0119 projektu odpowiada\u0142a bia\u0142ostocka firma Electrum.<\/p>\n<p>\u2013 Po raz pierwszy b\u0119dziemy samodzielnie wytwarza\u0107 energi\u0119 elektryczn\u0105 ze \u017ar\u00f3de\u0142 odnawialnych na potrzeby rafinerii w Mo\u017cejkach. To wa\u017cny krok w ograniczaniu wp\u0142ywu naszej dzia\u0142alno\u015bci na \u015brodowisko, ale tak\u017ce konkretne wsparcie dla efektywno\u015bci kosztowej zak\u0142adu. Dzi\u0119ki tej inwestycji wi\u0119ksza cz\u0119\u015b\u0107 energii zu\u017cywanej przez Orlen Lietuva b\u0119dzie pochodzi\u0107 z w\u0142asnego, odnawialnego \u017ar\u00f3d\u0142a, co realnie wzmacnia konkurencyjno\u015b\u0107 sp\u00f3\u0142ki i wpisuje si\u0119 w d\u0142ugoterminow\u0105 strategi\u0119 Grupy Orlen \u2013 m\u00f3wi Dariusz Zonenberg, dyrektor generalny Orlen Lietuva.&#13;\n    <\/p>\n<p>REKLAMA<\/p>\n<p> <a href=\"https:\/\/procarte.pl\/?utm_source=gramwzielone&amp;utm_medium=banner&amp;utm_campaign=procarte_gramwzielone\" target=\"_blank\" data-dce=\"eventClick:{&quot;id&quot;:0,&quot;type&quot;:&quot;Z:left:https:\\\/\\\/procarte.pl\\\/?utm_source=gramwzielone&amp;utm_medium=banner&amp;utm_campaign=procarte_gramwzielone&quot;,&quot;s&quot;:&quot;b9f99358052003d2ee52cf198c677574808786c7&quot;}\" rel=\"nofollow noopener\">   <img src=\"https:\/\/www.europesays.com\/pl\/wp-content\/uploads\/2026\/08\/1786873638_455_640x95-gif-01.gif\" height=\"95\" width=\"640\" loading=\"lazy\" decoding=\"async\" style=\"width: 100%; height: auto;\"\/>  <\/a>                         <\/p>\n<p>REKLAMA<\/p>\n<p> <a href=\"https:\/\/www.4sun.eu\" target=\"_blank\" data-dce=\"eventClick:{&quot;id&quot;:0,&quot;type&quot;:&quot;Z:right:https:\\\/\\\/www.4sun.eu&quot;,&quot;s&quot;:&quot;18380e9c312cc403c57913b9a5fea786339740b9&quot;}\" rel=\"nofollow noopener\">   <img src=\"https:\/\/www.europesays.com\/pl\/wp-content\/uploads\/2026\/08\/1786873639_202_4SUN-GWZ-640x95px.gif\" height=\"95\" width=\"640\" loading=\"lazy\" decoding=\"async\" style=\"width: 100%; height: auto;\"\/>  <\/a>                         <\/p>\n<p>Instalacja obni\u017cy koszty zakupu energii o 4 mln euro rocznie<\/p>\n<p>Szacowana roczna produkcja na poziomie oko\u0142o 45 GWh pozwoli pokry\u0107 oko\u0142o 7 proc. rocznego zapotrzebowania Orlen Lietuva na energi\u0119 elektryczn\u0105. Dzi\u0119ki wykorzystaniu w\u0142asnej energii ze \u017ar\u00f3de\u0142 odnawialnych sp\u00f3\u0142ka ma ograniczy\u0107 koszty jej zakupu o oko\u0142o 4 mln euro rocznie. \u0141\u0105czna warto\u015b\u0107 inwestycji wynios\u0142a niemal 35 mln euro, z czego 2,5 mln euro pochodzi\u0142o ze wsparcia Funduszu Modernizacyjnego Unii Europejskiej.<\/p>\n<p>Rafineria w Mo\u017cejkach pozostaje jednym z kluczowych aktyw\u00f3w Orlen poza Polsk\u0105. Od 2006 roku koncern przeznaczy\u0142 na jej przej\u0119cie i modernizacj\u0119 niemal 4,5 mld euro. Sp\u00f3\u0142ka zarz\u0105dza te\u017c terminalem paliwowym w Butyndze oraz terminalem kolejowym w Mockavie, wspieraj\u0105cym eksport produkt\u00f3w do Polski i Ukrainy.<\/p>\n<p>Kolejna farma przy rafinerii w portfelu Orlen<\/p>\n<p>Projekt w Mo\u017cejkach wpisuje si\u0119 w szersz\u0105 strategi\u0119 Grupy Orlen, kt\u00f3ra od kilku lat systematycznie buduje instalacje fotowoltaiczne bezpo\u015brednio przy w\u0142asnych zak\u0142adach produkcyjnych i logistycznych. Skala parametr\u00f3w projektu litewskiego jest zreszt\u0105 bardzo zbli\u017cona do farmy, kt\u00f3r\u0105 koncern <a href=\"https:\/\/www.gramwzielone.pl\/energia-sloneczna\/20347982\/orlen-zbuduje-kolejna-farme-pv-przy-plockiej-rafinerii\" target=\"_blank\" rel=\"noopener nofollow\">zapowiedzia\u0142 na pocz\u0105tku 2026 r. dla p\u0142ockiej rafinerii<\/a> \u2013 tam planowana instalacja o mocy oko\u0142o 40 MW ma r\u00f3wnie\u017c produkowa\u0107 rocznie oko\u0142o 45 GWh energii, co odpowiada\u0142oby zapotrzebowaniu ok. 15 tys. gospodarstw domowych. B\u0119dzie to ju\u017c trzecia farma fotowoltaiczna zasilaj\u0105ca zak\u0142ad w P\u0142ocku.<\/p>\n<p>Podobne, mniejsze instalacje przyzak\u0142adowe Orlen <a href=\"https:\/\/www.gramwzielone.pl\/energia-sloneczna\/20285649\/trzy-nowe-zrodla-oze-w-grupie-orlen\" target=\"_blank\" rel=\"noopener nofollow\">uruchomi\u0142 te\u017c m.in. na terenie terminali paliw<\/a> w Ostrowie Wielkopolskim (3 MW), Sok\u00f3\u0142ce i \u017burawicy, a sp\u00f3\u0142ka Orlen Po\u0142udnie odda\u0142a do u\u017cytku pierwsz\u0105 farm\u0119 fotowoltaiczn\u0105 na terenie rafinerii w Trzebini.&#13;\n    <\/p>\n<p>Najwi\u0119ksz\u0105 inwestycj\u0105 fotowoltaiczn\u0105 w portfelu Grupy pozostaje jednak farma Kleczew Solar &amp; Wind, zrealizowana przez nale\u017c\u0105c\u0105 do Orlen sp\u00f3\u0142k\u0119 Energa Wytwarzanie na zrekultywowanych terenach pokopalnianych w Wielkopolsce. Jak <a href=\"https:\/\/www.gramwzielone.pl\/energia-sloneczna\/20360512\/orlen-uruchamia-najwieksza-elektrownie-fotowoltaiczna-w-polsce\" target=\"_blank\" rel=\"noopener nofollow\">informowali\u015bmy na \u0142amach Gramwzielone.pl<\/a>, instalacja osi\u0105gn\u0119\u0142a moc 250 MW w fotowoltaice i dodatkowe 19,2 MW mocy wiatrowej, co czyni j\u0105 jednym z najwi\u0119kszych hybrydowych projekt\u00f3w OZE w Europie \u015arodkowo-Wschodniej.<\/p>\n<p>Wed\u0142ug danych przytaczanych przez koncern, w trzecim kwartale 2025 r. Grupa Orlen dysponowa\u0142a \u0142\u0105czn\u0105 moc\u0105 OZE na poziomie 1,65 GW, z czego blisko 700 MW przypada\u0142o na fotowoltaik\u0119, 619 MW na energetyk\u0119 wiatrow\u0105, 203 MW na energetyk\u0119 wodn\u0105, a 128 MW na biopaliwa. Zgodnie ze strategi\u0105 sp\u00f3\u0142ki moce OZE maj\u0105 wzrosn\u0105\u0107 do 9 GW w 2030 r. i 12,8 GW w 2035 r.<\/p>\n<p>Zak\u0142adowe OZE jako element bezpiecze\u0144stwa energetycznego przemys\u0142u<\/p>\n<p>Farma w Mo\u017cejkach dobrze ilustruje trend, kt\u00f3ry w ostatnich latach wyra\u017anie przyspieszy\u0142 w du\u017cym przemy\u015ble energetycznym: budow\u0119 w\u0142asnych \u017ar\u00f3de\u0142 OZE bezpo\u015brednio przy zak\u0142adach produkcyjnych, zamiast wy\u0142\u0105cznie zakupu energii z rynku lub inwestycji w odleg\u0142e farmy wielkoskalowe. Dla firm o wysokim i stabilnym zapotrzebowaniu na pr\u0105d, takich jak rafinerie, w\u0142asna instalacja fotowoltaiczna oznacza nie tylko ni\u017cszy \u015blad w\u0119glowy, ale przede wszystkim cz\u0119\u015bciow\u0105 niezale\u017cno\u015b\u0107 od zmienno\u015bci cen energii na rynku hurtowym \u2013 efekt, kt\u00f3ry Orlen wprost wylicza w przypadku Mo\u017cejek jako oszcz\u0119dno\u015b\u0107 rz\u0119du 4 mln euro rocznie.<\/p>\n<p>To tak\u017ce sygna\u0142, \u017ce transformacja energetyczna du\u017cych koncern\u00f3w paliwowych nie ogranicza si\u0119 ju\u017c do pojedynczych, sztandarowych projekt\u00f3w, lecz staje si\u0119 elementem bie\u017c\u0105cego zarz\u0105dzania kosztami operacyjnymi. Powtarzalno\u015b\u0107 takich inwestycji \u2013 podobne parametry mocy i produkcji w Mo\u017cejkach i w planowanej farmie przy rafinerii w P\u0142ocku \u2013 pokazuje, \u017ce koncerny traktuj\u0105 dzi\u015b przyzak\u0142adowe PV jako sprawdzony, powtarzalny model biznesowy, a nie jednorazowy eksperyment wizerunkowy. W miar\u0119 jak rosn\u0105 koszty energii i wymogi dotycz\u0105ce emisyjno\u015bci przemys\u0142u, mo\u017cna si\u0119 spodziewa\u0107, \u017ce podobne instalacje b\u0119d\u0105 pojawia\u0107 si\u0119 przy kolejnych zak\u0142adach przemys\u0142owych w regionie.<\/p>\n<p>Patrycja Rapacka<\/p>\n<p>patrycja.rapacka@gramwzielone.pl<\/p>\n<p>\u00a9 Materia\u0142 chroniony prawem autorskim. Wszelkie prawa zastrze\u017cone. Dalsze rozpowszechnianie artyku\u0142u tylko za zgod\u0105 wydawcy E-Magazyny Sp. z o.o<\/p>\n","protected":false},"excerpt":{"rendered":"Farma fotowoltaiczna Mo\u017cejki, fot. Orlen Grupa Orlen uruchomi\u0142a na Litwie farm\u0119 fotowoltaiczn\u0105 o mocy 42,2 MW, zlokalizowan\u0105 bezpo\u015brednio&hellip;\n","protected":false},"author":2,"featured_media":625533,"comment_status":"","ping_status":"","sticky":false,"template":"","format":"standard","meta":{"footnotes":"","_share_on_mastodon":"0"},"categories":[52097],"tags":[96000,37765,843,774,42,38,40,39,41],"class_list":["post-625532","post","type-post","status-publish","format-standard","has-post-thumbnail","category-orlen","tag-energetyka-sloneczna","tag-farmy-fotowoltaiczne","tag-litwa","tag-orlen","tag-pl","tag-poland","tag-polish","tag-polska","tag-polski"],"share_on_mastodon":{"url":"https:\/\/pubeurope.com\/@pl\/117104558517245209","error":""},"_links":{"self":[{"href":"https:\/\/www.europesays.com\/pl\/wp-json\/wp\/v2\/posts\/625532","targetHints":{"allow":["GET"]}}],"collection":[{"href":"https:\/\/www.europesays.com\/pl\/wp-json\/wp\/v2\/posts"}],"about":[{"href":"https:\/\/www.europesays.com\/pl\/wp-json\/wp\/v2\/types\/post"}],"author":[{"embeddable":true,"href":"https:\/\/www.europesays.com\/pl\/wp-json\/wp\/v2\/users\/2"}],"replies":[{"embeddable":true,"href":"https:\/\/www.europesays.com\/pl\/wp-json\/wp\/v2\/comments?post=625532"}],"version-history":[{"count":0,"href":"https:\/\/www.europesays.com\/pl\/wp-json\/wp\/v2\/posts\/625532\/revisions"}],"wp:featuredmedia":[{"embeddable":true,"href":"https:\/\/www.europesays.com\/pl\/wp-json\/wp\/v2\/media\/625533"}],"wp:attachment":[{"href":"https:\/\/www.europesays.com\/pl\/wp-json\/wp\/v2\/media?parent=625532"}],"wp:term":[{"taxonomy":"category","embeddable":true,"href":"https:\/\/www.europesays.com\/pl\/wp-json\/wp\/v2\/categories?post=625532"},{"taxonomy":"post_tag","embeddable":true,"href":"https:\/\/www.europesays.com\/pl\/wp-json\/wp\/v2\/tags?post=625532"}],"curies":[{"name":"wp","href":"https:\/\/api.w.org\/{rel}","templated":true}]}}