{"id":625553,"date":"2026-08-16T10:03:10","date_gmt":"2026-08-16T10:03:10","guid":{"rendered":"https:\/\/www.europesays.com\/pl\/625553\/"},"modified":"2026-08-16T10:03:10","modified_gmt":"2026-08-16T10:03:10","slug":"polska-coraz-wazniejsza-dla-niemieckiego-handlu","status":"publish","type":"post","link":"https:\/\/www.europesays.com\/pl\/625553\/","title":{"rendered":"Polska coraz wa\u017cniejsza dla niemieckiego handlu"},"content":{"rendered":"<p class=\"lead\">Niemiecka gospodarka od kilku lat zmaga si\u0119 z problemem s\u0142abn\u0105cego popytu na jej towary na najwa\u017cniejszych rynkach \u015bwiatowych. Coraz wyra\u017aniej wida\u0107 jednak, \u017ce cz\u0119\u015b\u0107 strat rekompensuje rosn\u0105ca wymiana handlowa z Europ\u0105 \u015arodkowo-Wschodni\u0105. W tym procesie szczeg\u00f3lne miejsce zajmuje Polska, kt\u00f3ra sta\u0142a si\u0119 jednym z najwa\u017cniejszych odbiorc\u00f3w niemieckiego eksportu.<\/p>\n<p>Wed\u0142ug danych przedstawionych 13 sierpnia przez Niemieckie Stowarzyszenie Gospodarki Wschodniej, w pierwszej po\u0142owie 2026 r. niemiecki eksport do 29 pa\u0144stw Europy \u015arodkowo-Wschodniej i Azji Centralnej wzr\u00f3s\u0142 o 7,4 proc., do 154,4 mld euro. Oznacza to wzrost o niemal 11 mld euro. Jednocze\u015bnie eksport Niemiec do USA i Chin zmniejszy\u0142 si\u0119 \u0142\u0105cznie o ponad 10 mld euro. To pokazuje, jak istotne staj\u0105 si\u0119 dla niemieckich firm rynki znajduj\u0105ce si\u0119 znacznie bli\u017cej ich w\u0142asnych granic.<\/p>\n<p>Najbardziej spektakularny wzrost odnotowano w handlu z Polsk\u0105. W pierwszych sze\u015bciu miesi\u0105cach 2026 r. niemiecki eksport nad Wis\u0142\u0119 zwi\u0119kszy\u0142 si\u0119 o 9,2 proc., osi\u0105gaj\u0105c 53,8 mld euro. Polska sta\u0142a si\u0119 tym samym czwartym najwi\u0119kszym rynkiem eksportowym Niemiec \u2013 po Stanach Zjednoczonych, Francji i Holandii.<\/p>\n<p>Jeszcze bardziej wymowny jest fakt, \u017ce Polska znalaz\u0142a si\u0119 zdecydowanie przed Chinami. Eksport niemieckich towar\u00f3w do Pa\u0144stwa \u015arodka wyni\u00f3s\u0142 w pierwszej po\u0142owie roku zaledwie oko\u0142o 36,3 mld euro, co daje Chinom dopiero dziewi\u0105te miejsce w zestawieniu.<\/p>\n<p>Nie jest to jedynie kr\u00f3tkotrwa\u0142a zmiana. Ju\u017c w 2025 r. Polska nale\u017ca\u0142a do najwa\u017cniejszych odbiorc\u00f3w niemieckiego eksportu, a niemieckie przedsi\u0119biorstwa coraz mocniej traktuj\u0105 Europ\u0119 \u015arodkow\u0105 jako alternatyw\u0119 dla bardziej odleg\u0142ych i niestabilnych rynk\u00f3w.<\/p>\n<p>Znaczenie Polski nale\u017cy rozpatrywa\u0107 w szerszym kontek\u015bcie problem\u00f3w niemieckiego modelu gospodarczego. Przez lata jego si\u0142\u0105 by\u0142a sprzeda\u017c samochod\u00f3w, maszyn, urz\u0105dze\u0144 przemys\u0142owych i chemikali\u00f3w na rynki ca\u0142ego \u015bwiata. Szczeg\u00f3lne znaczenie mia\u0142y Stany Zjednoczone i Chiny.<\/p>\n<p>Ten model staje si\u0119 jednak coraz trudniejszy do utrzymania. Chi\u0144skie firmy nie tylko ograniczaj\u0105 import, ale coraz cz\u0119\u015bciej konkuruj\u0105 z niemieckimi producentami na rynkach \u015bwiatowych. W pierwszej po\u0142owie 2026 r. niemiecki eksport do Chin spad\u0142 o ponad 12 proc., podczas gdy import z Chin wzr\u00f3s\u0142 o 8,9 proc. Niemiecki deficyt w handlu z Pa\u0144stwem \u015arodka si\u0119gn\u0105\u0142 ju\u017c 55 mld euro.<\/p>\n<p>R\u00f3wnie\u017c relacje ze Stanami Zjednoczonymi sta\u0142y si\u0119 bardziej niepewne w zwi\u0105zku z polityk\u0105 taryfow\u0105 Waszyngtonu. W efekcie niemieckie firmy coraz wi\u0119ksz\u0105 uwag\u0119 kieruj\u0105 na rynki europejskie.<\/p>\n<p>Wzrost znaczenia Polski nie wynika wy\u0142\u0105cznie z rosn\u0105cego popytu konsumpcyjnego. Polska sta\u0142a si\u0119 wa\u017cnym elementem europejskich \u0142a\u0144cuch\u00f3w dostaw. Niemieckie firmy wykorzystuj\u0105 polskie fabryki i poddostawc\u00f3w m.in. w przemy\u015ble motoryzacyjnym, maszynowym, elektronicznym, chemicznym i spo\u017cywczym.<\/p>\n<p>W 2025 r. polsko-niemieckie obroty handlowe w pierwszej po\u0142owie roku przekroczy\u0142y 90 mld euro. Niemcy sprzeda\u0142y Polsce towary za 49,4 mld euro, podczas gdy import z Polski wyni\u00f3s\u0142 40,6 mld euro.<\/p>\n<p>Relacja jest wi\u0119c korzystna dla obu stron, cho\u0107 Niemcy nadal utrzymuj\u0105 znacz\u0105c\u0105 nadwy\u017ck\u0119 w handlu z Polsk\u0105. Jednocze\u015bnie rosn\u0105cy eksport Polski do Niemiec pokazuje, \u017ce polska gospodarka stopniowo przesuwa si\u0119 w g\u00f3r\u0119 europejskich \u0142a\u0144cuch\u00f3w warto\u015bci.<br \/>\u00a0<\/p>\n","protected":false},"excerpt":{"rendered":"Niemiecka gospodarka od kilku lat zmaga si\u0119 z problemem s\u0142abn\u0105cego popytu na jej towary na najwa\u017cniejszych rynkach \u015bwiatowych.&hellip;\n","protected":false},"author":2,"featured_media":625554,"comment_status":"","ping_status":"","sticky":false,"template":"","format":"standard","meta":{"footnotes":"","_share_on_mastodon":"0"},"categories":[12],"tags":[6229,42,38,40,39,41],"class_list":["post-625553","post","type-post","status-publish","format-standard","has-post-thumbnail","category-polska","tag-handel","tag-pl","tag-poland","tag-polish","tag-polska","tag-polski"],"share_on_mastodon":{"url":"https:\/\/pubeurope.com\/@pl\/117104620454301929","error":""},"_links":{"self":[{"href":"https:\/\/www.europesays.com\/pl\/wp-json\/wp\/v2\/posts\/625553","targetHints":{"allow":["GET"]}}],"collection":[{"href":"https:\/\/www.europesays.com\/pl\/wp-json\/wp\/v2\/posts"}],"about":[{"href":"https:\/\/www.europesays.com\/pl\/wp-json\/wp\/v2\/types\/post"}],"author":[{"embeddable":true,"href":"https:\/\/www.europesays.com\/pl\/wp-json\/wp\/v2\/users\/2"}],"replies":[{"embeddable":true,"href":"https:\/\/www.europesays.com\/pl\/wp-json\/wp\/v2\/comments?post=625553"}],"version-history":[{"count":0,"href":"https:\/\/www.europesays.com\/pl\/wp-json\/wp\/v2\/posts\/625553\/revisions"}],"wp:featuredmedia":[{"embeddable":true,"href":"https:\/\/www.europesays.com\/pl\/wp-json\/wp\/v2\/media\/625554"}],"wp:attachment":[{"href":"https:\/\/www.europesays.com\/pl\/wp-json\/wp\/v2\/media?parent=625553"}],"wp:term":[{"taxonomy":"category","embeddable":true,"href":"https:\/\/www.europesays.com\/pl\/wp-json\/wp\/v2\/categories?post=625553"},{"taxonomy":"post_tag","embeddable":true,"href":"https:\/\/www.europesays.com\/pl\/wp-json\/wp\/v2\/tags?post=625553"}],"curies":[{"name":"wp","href":"https:\/\/api.w.org\/{rel}","templated":true}]}}