{"id":625659,"date":"2026-08-16T11:13:12","date_gmt":"2026-08-16T11:13:12","guid":{"rendered":"https:\/\/www.europesays.com\/pl\/625659\/"},"modified":"2026-08-16T11:13:12","modified_gmt":"2026-08-16T11:13:12","slug":"specjalny-samolot-skierowany-na-wegry-pilna-decyzja-donalda-tuska","status":"publish","type":"post","link":"https:\/\/www.europesays.com\/pl\/625659\/","title":{"rendered":"Specjalny samolot skierowany na W\u0119gry. Pilna decyzja Donalda Tuska"},"content":{"rendered":"<p>Jakie decyzje podj\u0105\u0142 Donald Tusk w odpowiedzi na wypadek.<\/p>\n<p>Jakie informacje potwierdzi\u0142o MSZ odno\u015bnie ofiar wypadku.<\/p>\n<p>Jakie dzia\u0142ania podejmuje Prokuratura Okr\u0119gowa w Kro\u015bnie.<\/p>\n<p>    <a name=\"eztoc42568770_0_3\" id=\"eztoc42568770_0_3\"\/>W\u0119gry. Wypadek polskiego autobusu, pilna decyzja Tuska<\/p>\n<p>\u201ePodj\u0105\u0142em decyzj\u0119 o wys\u0142aniu na W\u0119gry polskiego samolotu specjalnego z przedstawicielami MSZ i s\u0142u\u017cb medycznych. Wszystkim poszkodowanym zostanie udzielona niezb\u0119dna pomoc medyczna i konsularna. Jeste\u015bmy razem w tej trudnej chwili\u201d \u2013 napisa\u0142 w mediach spo\u0142eczno\u015bciowych Donald Tusk.<\/p>\n<p>To wszystko w zwi\u0105zku z tragicznymi wydarzeniami, do jakich dosz\u0142o w nocy z soboty na niedziel\u0119 na W\u0119grzech.<br \/>\n<a href=\"https:\/\/wiadomosci.radiozet.pl\/polska\/tragiczny-wypadek-polskiego-autobusu-znamy-szczegoly-wracali-z-medziugorie-do-polski\" target=\"_self\" rel=\"dofollow noopener\">Polski autobus, wioz\u0105cy turyst\u00f3w wracaj\u0105cych z pielgrzymi do Medziugorie<\/a>, podczas jazdy autostrad\u0105 M3, z niewyja\u015bnionych dot\u0105d przyczyn wpad\u0142 do rowu.<\/p>\n<p>\n<a href=\"https:\/\/wiadomosci.radiozet.pl\/polska\/pielgrzymi-z-polski-zgineli-na-wegrzech-msz-potwierdzil-tragiczne-doniesienia\" target=\"_self\" rel=\"dofollow noopener\">Jak potwierdzi\u0142o MSZ, 12 os\u00f3b nie \u017cyje, a 7 walczy o \u017cycie w szpitalu<\/a>. W\u0142adze Podkarpacia, sk\u0105d pochodzili pielgrzymi, obieca\u0142y pomoc rodzinom ofiar oraz organizacj\u0119 transportu dla rannych, kt\u00f3rych mo\u017cna przewie\u017a\u0107 do Polski.<\/p>\n<p>Prokuratura Okr\u0119gowa w Kro\u015bnie wszcz\u0119\u0142a \u015bledztwo ws. wypadku polskiego autokaru na W\u0119grzech. Obecnie trwa oczekiwanie na zgod\u0119 W\u0119gier, by dzia\u0142ania na miejscu mogli rozpocz\u0105\u0107 polscy prokuratorzy.<\/p>\n<p>\u0179r\u00f3d\u0142o: Radio ZET<\/p>\n<p>By\u0142e\u015b \u015bwiadkiem czego\u015b niespodziewanego? Masz temat, kt\u00f3rym powinni\u015bmy si\u0119 zaj\u0105\u0107?<\/p>\n<p>Zg\u0142o\u015b spraw\u0119 przez <a href=\"https:\/\/wiadomosci.radiozet.pl\/czerwony-telefon\" target=\"_blank\" title=\"Czerwony telefon Radia Zet\" rel=\"nofollow noopener\">Czerwony telefon Radia ZET<\/a><\/p>\n","protected":false},"excerpt":{"rendered":"Jakie decyzje podj\u0105\u0142 Donald Tusk w odpowiedzi na wypadek. Jakie informacje potwierdzi\u0142o MSZ odno\u015bnie ofiar wypadku. Jakie dzia\u0142ania&hellip;\n","protected":false},"author":2,"featured_media":625660,"comment_status":"","ping_status":"","sticky":false,"template":"","format":"standard","meta":{"footnotes":"","_share_on_mastodon":"0"},"categories":[62713],"tags":[1345,1162,1627,2670,2588],"class_list":["post-625659","post","type-post","status-publish","format-standard","has-post-thumbnail","category-donald-tusk","tag-donald-tusk","tag-msz","tag-prokuratura","tag-wegry","tag-wypadek"],"share_on_mastodon":{"url":"","error":""},"_links":{"self":[{"href":"https:\/\/www.europesays.com\/pl\/wp-json\/wp\/v2\/posts\/625659","targetHints":{"allow":["GET"]}}],"collection":[{"href":"https:\/\/www.europesays.com\/pl\/wp-json\/wp\/v2\/posts"}],"about":[{"href":"https:\/\/www.europesays.com\/pl\/wp-json\/wp\/v2\/types\/post"}],"author":[{"embeddable":true,"href":"https:\/\/www.europesays.com\/pl\/wp-json\/wp\/v2\/users\/2"}],"replies":[{"embeddable":true,"href":"https:\/\/www.europesays.com\/pl\/wp-json\/wp\/v2\/comments?post=625659"}],"version-history":[{"count":0,"href":"https:\/\/www.europesays.com\/pl\/wp-json\/wp\/v2\/posts\/625659\/revisions"}],"wp:featuredmedia":[{"embeddable":true,"href":"https:\/\/www.europesays.com\/pl\/wp-json\/wp\/v2\/media\/625660"}],"wp:attachment":[{"href":"https:\/\/www.europesays.com\/pl\/wp-json\/wp\/v2\/media?parent=625659"}],"wp:term":[{"taxonomy":"category","embeddable":true,"href":"https:\/\/www.europesays.com\/pl\/wp-json\/wp\/v2\/categories?post=625659"},{"taxonomy":"post_tag","embeddable":true,"href":"https:\/\/www.europesays.com\/pl\/wp-json\/wp\/v2\/tags?post=625659"}],"curies":[{"name":"wp","href":"https:\/\/api.w.org\/{rel}","templated":true}]}}