{"id":625973,"date":"2026-08-16T14:47:13","date_gmt":"2026-08-16T14:47:13","guid":{"rendered":"https:\/\/www.europesays.com\/pl\/625973\/"},"modified":"2026-08-16T14:47:13","modified_gmt":"2026-08-16T14:47:13","slug":"jagiellonia-chce-sie-wzmocnic-przed-pucharami-media-szykuje-sie-transfer","status":"publish","type":"post","link":"https:\/\/www.europesays.com\/pl\/625973\/","title":{"rendered":"Jagiellonia chce si\u0119 wzmocni\u0107 przed pucharami. Media: szykuje si\u0119 transfer"},"content":{"rendered":"<p>Jagiellonia Bia\u0142ystok jest ju\u017c pewna gry co najmniej w fazie ligowej Ligi Konferencji po wyeliminowaniu Rangers\u00f3w w trzeciej rundzie eliminacji Ligi Europy. Du\u017co wskazuje na to, \u017ce b\u0119dzie jeszcze szuka\u0107 dodatkowych wzmocnie\u0144.<\/p>\n<p>Dalszy ci\u0105g artyku\u0142u pod materia\u0142em wideo<\/p>\n<p>Portal trumedia.ro poinformowa\u0142, \u017ce podczas meczu Rapidu 1923 Bukareszt z Dinamem Bukareszt pod lup\u0105 ekipy z Bia\u0142egostoku by\u0142 pomocnik Constantin Grameni, wyceniany przez portal Transfermarkt na 1,3 mln euro.<\/p>\n<p>&#8222;Z informacji trumedia.ro wynika, \u017ce Constantin Grameni jest obserwowany przez Jagielloni\u0119, jeden z czo\u0142owych zespo\u0142\u00f3w ostatnich lat w Polsce. Jagiellonia pracuje obecnie nad wzmocnieniem \u015brodka pola&#8221; \u2014 mo\u017cemy przeczyta\u0107.<\/p>\n<p>Widzew \u0141\u00f3d\u017a obserwuje reprezentanta Rumunii<\/p>\n<p>Co ciekawe, to nie jest jedyny zawodnik, kt\u00f3ry mo\u017ce nied\u0142ugo trafi\u0107 do Ekstraklasy. Wed\u0142ug wspomnianego serwisu Widzew \u0141\u00f3d\u017a jest bowiem zainteresowany siedmiokrotnym reprezentantem Rumunii Alexandru Dobre. Napastnik w poprzednim sezonie strzeli\u0142 17 bramek we wszystkich rozgrywkach.<\/p>\n<p>&#8222;Zainteresowanie Widzewa Alexandru Dobre pojawia si\u0119 w momencie, gdy \u0142\u00f3dzki klub jest aktywny na rynku w\u0142a\u015bnie w celu wzmocnienia formacji ofensywnej. Obecnie Dobre jest wyceniany na 3 mln euro, a jego kontrakt z Rapidem obowi\u0105zuje do lata 2027 r., przy czym klub ma r\u00f3wnie\u017c opcj\u0119 jego przed\u0142u\u017cenia. W zwi\u0105zku z tym, je\u015bli zainteresowanie Widzewa przerodzi si\u0119 w ofert\u0119, negocjacje nie rozpoczn\u0105 si\u0119 od niewielkiej kwoty&#8221; \u2014 poinformowano.<\/p>\n<p>Widzew \u0141\u00f3d\u017a po czterech kolejkach ma na koncie pi\u0119\u0107 punkt\u00f3w, a Jagiellonia, przy jednym spotkaniu rozegranym mniej, ma sze\u015b\u0107 &#8222;oczek&#8221;. Obie ekipy s\u0105 bardzo blisko siebie w tabeli.<\/p>\n","protected":false},"excerpt":{"rendered":"Jagiellonia Bia\u0142ystok jest ju\u017c pewna gry co najmniej w fazie ligowej Ligi Konferencji po wyeliminowaniu Rangers\u00f3w w trzeciej&hellip;\n","protected":false},"author":2,"featured_media":625974,"comment_status":"","ping_status":"","sticky":false,"template":"","format":"standard","meta":{"footnotes":"","_share_on_mastodon":"0"},"categories":[52122],"tags":[61195,274,2477,48,46,948,6010,752,42,38,40,39,41,47,3469],"class_list":["post-625973","post","type-post","status-publish","format-standard","has-post-thumbnail","category-pko-bank-polski","tag-bottomfeed_styl","tag-ekstraklasa","tag-jagiellonia_bialystok","tag-nat_styl","tag-omp","tag-pilka_nozna","tag-pko-bank-polski","tag-pko-bp","tag-pl","tag-poland","tag-polish","tag-polska","tag-polski","tag-screening_general","tag-widzew_lodz"],"share_on_mastodon":{"url":"https:\/\/pubeurope.com\/@pl\/117105737209957136","error":""},"_links":{"self":[{"href":"https:\/\/www.europesays.com\/pl\/wp-json\/wp\/v2\/posts\/625973","targetHints":{"allow":["GET"]}}],"collection":[{"href":"https:\/\/www.europesays.com\/pl\/wp-json\/wp\/v2\/posts"}],"about":[{"href":"https:\/\/www.europesays.com\/pl\/wp-json\/wp\/v2\/types\/post"}],"author":[{"embeddable":true,"href":"https:\/\/www.europesays.com\/pl\/wp-json\/wp\/v2\/users\/2"}],"replies":[{"embeddable":true,"href":"https:\/\/www.europesays.com\/pl\/wp-json\/wp\/v2\/comments?post=625973"}],"version-history":[{"count":0,"href":"https:\/\/www.europesays.com\/pl\/wp-json\/wp\/v2\/posts\/625973\/revisions"}],"wp:featuredmedia":[{"embeddable":true,"href":"https:\/\/www.europesays.com\/pl\/wp-json\/wp\/v2\/media\/625974"}],"wp:attachment":[{"href":"https:\/\/www.europesays.com\/pl\/wp-json\/wp\/v2\/media?parent=625973"}],"wp:term":[{"taxonomy":"category","embeddable":true,"href":"https:\/\/www.europesays.com\/pl\/wp-json\/wp\/v2\/categories?post=625973"},{"taxonomy":"post_tag","embeddable":true,"href":"https:\/\/www.europesays.com\/pl\/wp-json\/wp\/v2\/tags?post=625973"}],"curies":[{"name":"wp","href":"https:\/\/api.w.org\/{rel}","templated":true}]}}