{"id":625999,"date":"2026-08-16T15:03:14","date_gmt":"2026-08-16T15:03:14","guid":{"rendered":"https:\/\/www.europesays.com\/pl\/625999\/"},"modified":"2026-08-16T15:03:14","modified_gmt":"2026-08-16T15:03:14","slug":"transferowy-rekord-w-ekstraklasie-wielkie-pieniadze-za-19-letniego-polaka","status":"publish","type":"post","link":"https:\/\/www.europesays.com\/pl\/625999\/","title":{"rendered":"Transferowy rekord w Ekstraklasie. Wielkie pieni\u0105dze za 19-letniego Polaka"},"content":{"rendered":"<p>Coraz bli\u017cej odej\u015bcia Marcela Regu\u0142y z Zag\u0142\u0119bia Lubin. Jak podaje portal Meczyki, spadkowicz z Premier League Burnley jest gotowy wy\u0142o\u017cy\u0107 8 mln euro.<\/p>\n<p>Dalszy ci\u0105g artyku\u0142u pod materia\u0142em wideo<\/p>\n<p>Tym samym 19-latek zosta\u0142by najdro\u017cej sprzedanym pi\u0142karzem w historii przez klub z Lubina. Dotychczasowym rekordzist\u0105 jest Bartosz Bia\u0142ek. Wolfsburg zap\u0142aci\u0142 za niego pi\u0119\u0107 mln euro.<\/p>\n<p>Prezes Zag\u0142\u0119bia Pawe\u0142 Je\u017c m\u00f3wi\u0142 nam, \u017ce warunkiem transferu jest to, \u017ce musi pa\u015b\u0107 ten rekord. Pi\u0142karzem interesowa\u0142y si\u0119 m.in. KF Koeln czy Borussia Dortmund, ale wygl\u0105da na to, \u017ce najbardziej konkretne b\u0119dzie Burnley.<\/p>\n<p>Ostatni mecz Marcela Regu\u0142y<\/p>\n<p>W sobot\u0119 Regu\u0142a zagra\u0142 w meczu ze \u015al\u0105skiem i niewykluczone, \u017ce po raz ostatni wyst\u0105pi\u0142 w barwach Zag\u0142\u0119bia. \u2014 Mo\u017ce si\u0119 tak zdarzy\u0107, \u017ce Regu\u0142a ju\u017c nie zagra w Zag\u0142\u0119biu. Dzisiaj bardzo energiczny, momentami mo\u017ce nawet za bardzo, ale wiadomo jakie s\u0105 derby. Jakie\u015b informacje do mnie dochodz\u0105, ale nie jestem przy rozmowach transferowych \u2014 powiedzia\u0142 po meczu trener Leszek Ojrzy\u0144ski.<\/p>\n<p> Sam Regu\u0142a na pytanie, czy to jego ostatni mecz odpar\u0142: pomidor.<\/p>\n","protected":false},"excerpt":{"rendered":"Coraz bli\u017cej odej\u015bcia Marcela Regu\u0142y z Zag\u0142\u0119bia Lubin. Jak podaje portal Meczyki, spadkowicz z Premier League Burnley jest&hellip;\n","protected":false},"author":2,"featured_media":626000,"comment_status":"","ping_status":"","sticky":false,"template":"","format":"standard","meta":{"footnotes":"","_share_on_mastodon":"0"},"categories":[24],"tags":[61195,274,23506,48,46,948,42,38,40,39,41,47,127,126,3376],"class_list":["post-625999","post","type-post","status-publish","format-standard","has-post-thumbnail","category-sport","tag-bottomfeed_styl","tag-ekstraklasa","tag-marcel_regula","tag-nat_styl","tag-omp","tag-pilka_nozna","tag-pl","tag-poland","tag-polish","tag-polska","tag-polski","tag-screening_general","tag-sport","tag-sports","tag-zaglebie_lubin"],"share_on_mastodon":{"url":"https:\/\/pubeurope.com\/@pl\/117105800553862227","error":""},"_links":{"self":[{"href":"https:\/\/www.europesays.com\/pl\/wp-json\/wp\/v2\/posts\/625999","targetHints":{"allow":["GET"]}}],"collection":[{"href":"https:\/\/www.europesays.com\/pl\/wp-json\/wp\/v2\/posts"}],"about":[{"href":"https:\/\/www.europesays.com\/pl\/wp-json\/wp\/v2\/types\/post"}],"author":[{"embeddable":true,"href":"https:\/\/www.europesays.com\/pl\/wp-json\/wp\/v2\/users\/2"}],"replies":[{"embeddable":true,"href":"https:\/\/www.europesays.com\/pl\/wp-json\/wp\/v2\/comments?post=625999"}],"version-history":[{"count":0,"href":"https:\/\/www.europesays.com\/pl\/wp-json\/wp\/v2\/posts\/625999\/revisions"}],"wp:featuredmedia":[{"embeddable":true,"href":"https:\/\/www.europesays.com\/pl\/wp-json\/wp\/v2\/media\/626000"}],"wp:attachment":[{"href":"https:\/\/www.europesays.com\/pl\/wp-json\/wp\/v2\/media?parent=625999"}],"wp:term":[{"taxonomy":"category","embeddable":true,"href":"https:\/\/www.europesays.com\/pl\/wp-json\/wp\/v2\/categories?post=625999"},{"taxonomy":"post_tag","embeddable":true,"href":"https:\/\/www.europesays.com\/pl\/wp-json\/wp\/v2\/tags?post=625999"}],"curies":[{"name":"wp","href":"https:\/\/api.w.org\/{rel}","templated":true}]}}