{"id":626145,"date":"2026-08-16T16:38:14","date_gmt":"2026-08-16T16:38:14","guid":{"rendered":"https:\/\/www.europesays.com\/pl\/626145\/"},"modified":"2026-08-16T16:38:14","modified_gmt":"2026-08-16T16:38:14","slug":"ekspertka-o-pomysle-kaczynskiego-w-takim-obrazie-pis-by-tylko-zgrzytal","status":"publish","type":"post","link":"https:\/\/www.europesays.com\/pl\/626145\/","title":{"rendered":"Ekspertka o pomy\u015ble Kaczy\u0144skiego. &#8222;W takim obrazie PiS by tylko \u00bbzgrzyta\u0142\u00ab&#8221;"},"content":{"rendered":"<p>\u2014 PiS jest dzi\u015b w sytuacji dramatycznej. <a href=\"https:\/\/wiadomosci.onet.pl\/tylko-w-onecie\/romanowski-u-ludzi-putina-w-pis-mowia-o-czyms-co-wyglada-jak-plan-na-ucieczke-do-usa\/47ct2gk\" id=\"187c91ec-29a8-4b93-9b10-4e9c8123b94a\" rel=\"nofollow noopener\" target=\"_blank\">Afera z Romanowskim &#8222;u Ruskich&#8221;<\/a>, kt\u00f3ra niemal dzie\u0144 w dzie\u0144 ewoluuje w coraz gorszym dla partii kierunku, sprawia, \u017ce zaufanie do nich leci na \u0142eb, na szyj\u0119 \u2014 ocenia prof. Agnieszka Kasi\u0144ska-Metryka.\u2014 <a href=\"https:\/\/wiadomosci.onet.pl\/kraj\/marcin-romanowski-jest-w-naddniestrzu-poslanka-mowi-o-desperackiej-ucieczce\/z49ffsl\" id=\"d5c4187e-1275-44a2-9447-92e1a5354aed\" rel=\"nofollow noopener\" target=\"_blank\">Romanowski to jest persona nie do obronienia<\/a>, ale wyrzuci\u0107 go nie mog\u0105. St\u0105d tak wielka pow\u015bci\u0105gliwo\u015b\u0107 prezesa Kaczy\u0144skiego w komentowaniu tej sprawy, w ramach strategii przemilczania tematu. Tyle \u017ce w takich okoliczno\u015bciach jego pomys\u0142 ze wsp\u00f3ln\u0105 list\u0105 prawicy pod patronatem prezydenta jest i ucieczk\u0105 do przodu, i pr\u00f3b\u0105 ratowania w\u0142asnej partii \u2014 wskazuje.Dalszy ci\u0105g artyku\u0142u pod materia\u0142em wideo\u2014 I w\u0142a\u015bnie dlatego nie ma szans na wsp\u00f3ln\u0105 list\u0119, bo \u017cadnej z Konfederacji by si\u0119 to nie op\u0142aca\u0142o. Przeciwnie, oni na sojuszu z PiS mogliby tylko straci\u0107. Tym bardziej \u017ce w\u0142a\u015bnie zyskali punkt odr\u00f3\u017cniaj\u0105cy ich od Prawa i Sprawiedliwo\u015bci w spos\u00f3b drastyczny. Mog\u0105 pokazywa\u0107, \u017ce oni na swoim pok\u0142adzie nie maj\u0105 ludzi tak skompromitowanych, jak Romanowski, \u017ce oni jeszcze nie rz\u0105dzili, \u017ce og\u00f3lnie <a href=\"https:\/\/wiadomosci.onet.pl\/kraj\/rozlam-w-pis-konfederacja-w-ekstazie-do-wyborow-jedziemy-autostrada\/2q8xhkz\" id=\"9b48f88c-1916-453e-8331-af545cf531a8\" rel=\"nofollow noopener\" target=\"_blank\">s\u0105 cali czy\u015bci i pachn\u0105cy, trzeba da\u0107 im szans\u0119<\/a>. W takim obrazie PiS jako partner z listy tylko by &#8222;zgrzyta\u0142&#8221; \u2014 przekonuje ekspertka.Politolo\u017cka: KO musi si\u0119 wygrzeba\u0107 z aferW ocenie prof. Kasi\u0144skiej-Metryki <a href=\"https:\/\/wiadomosci.onet.pl\/tylko-w-onecie\/kulisy-spotkania-liderow-koalicji-z-tuskiem-sensacyjny-scenariusz-w-grze\/x2lzctc\" id=\"52ec18e3-3a55-47c8-a90d-773110e69885\" rel=\"nofollow noopener\" target=\"_blank\">po drugiej stronie sceny politycznej sytuacja ze wsp\u00f3ln\u0105 list\u0105 jest bardziej otwarta ni\u017c na prawicy<\/a>. Tyle \u017ce warunkiem jest &#8222;wygrzebanie si\u0119&#8221; KO z afer, kt\u00f3re ostatnio wstrz\u0105saj\u0105 parti\u0105.\u2014 To by\u0142 i <a href=\"https:\/\/wiadomosci.onet.pl\/warszawa\/jak-prosektor-szpitala-poludniowego-handlowal-zwlokami-ujawniamy-kulisy\/77trrt8\" id=\"35121dbe-2357-472f-8023-b1cf966b8424\" rel=\"nofollow noopener\" target=\"_blank\">Szpital Po\u0142udniowy,<\/a> i<a href=\"https:\/\/wiadomosci.onet.pl\/kraj\/nieprawidlowosci-przy-udzielaniu-pomocy-po-powodzi-donald-tusk-zabral-glos\/mzvkccs\" id=\"7e8370b9-5321-46fe-a361-40ee398f6d8d\" rel=\"nofollow noopener\" target=\"_blank\"> sprawa dotacji dla powodzian<\/a>, a raczej dla &#8222;swoich&#8221;. Obie te sprawy uderzaj\u0105 parti\u0119 w tzw. mi\u0119kkie podbrzusze, bo ka\u017cdy z wyborc\u00f3w korzysta ze szpitali i ka\u017cdy mo\u017ce potrzebowa\u0107 pomocy pa\u0144stwa po jakiej\u015b kl\u0119sce klimatycznej \u2014 m\u00f3wi.\u2014 Tusk na pewno tej wsp\u00f3lnej listy by chcia\u0142, spraw\u0119 z <a href=\"https:\/\/www.onet.pl\/informacje\/onetwiadomosci\/paulina-hennig-kloska-na-czele-nowego-stowarzyszenia-ujawnia-jego-cel\/9tky6bz,79cfc278\" id=\"1e1d6445-41bb-4ec5-9bda-5682bcb69e62\" rel=\"nofollow noopener\" target=\"_blank\">Centrum Hennig-Kloski <\/a>ma u\u0142atwion\u0105, bo ta partia chyba tylko marzy, \u017ceby si\u0119 pod tego du\u017cego podczepi\u0107. Co za\u015b b\u0119dzie z Polsk\u0105 2050 Pe\u0142czy\u0144skiej-Na\u0142\u0119cz, to nie wiadomo, bo premier &#8222;nie ma chemii&#8221; z jej liderk\u0105. Do tego<a href=\"https:\/\/wiadomosci.onet.pl\/kraj\/morawiecki-wkopuje-kaczynskiego-nawrocki-swietuje-holownia-chce-do-rzadu\/5z66rwd\" id=\"24a869be-68a8-4f2b-85cc-af512564ea6b\" rel=\"nofollow noopener\" target=\"_blank\"> jeszcze Ho\u0142ownia jest w grze <\/a>\u2014 podkre\u015bla.<\/p>\n<p>\u2014 Natomiast idea p\u00f3j\u015bcia razem mo\u017ce rozbi\u0107 si\u0119 o postaw\u0119 PSL. Bo ich liderzy od lat opowiadaj\u0105 o swojej &#8222;ludowej tradycji, ponad setce lat istnienia, dziedzictwie&#8221;. A do tego wci\u0105\u017c maj\u0105 w g\u0142owach ten mit, \u017ce &#8222;ile by PSL nie traci\u0142 w sonda\u017cach, to do Sejmu i tak wejdzie&#8221;. Ale to s\u0105 mrzonki, bo ludowcy od kilku ju\u017c wybor\u00f3w musieli szuka\u0107 sobie &#8222;wabika&#8221;, kogo\u015b nowego, z kim razem szli, \u017ceby sta\u0107 si\u0119 cho\u0107 troch\u0119 bardziej atrakcyjni dla wyborc\u00f3w \u2014 wyja\u015bnia ekspertka.<\/p>\n<p>&#8222;Stan Wyj\u0105tkowy&#8221;: Starcie totalne Tuska i Nawrockiego. &#8222;Nadpremier&#8221; odchodzi. PiS w potrzasku <\/p>\n<p class=\"ods-o-frame-in-text__paragraph\"><a href=\"https:\/\/wiadomosci.onet.pl\/kraj\/sw-tusk-chce-zawalczyc-o-tk-prezydent-moze-mu-przeszkodzic\/105stjq?tpcc=202608_bloczek_P&amp;S\" id=\"453974dd-888d-46bf-8b72-264a5e173210\" rel=\"nofollow noopener\" target=\"_blank\">Przeczytaj ca\u0142y materia\u0142!<\/a><\/p>\n<p><img class=\"ods-a-photo ods-a-photo--background\" src=\"https:\/\/www.europesays.com\/pl\/wp-content\/uploads\/2026\/08\/Plbk9lBaHR0cHM6Ly9vY2RuLmV1L3B1bHNjbXMvTURBXy8xOTVkODY1ZTYzMTkwZGY0MzNhYTlmNjJhYjhmNDNlMC5wbmeRlQLNA.jpeg\" height=\"253\" width=\"450\" alt=\"Donald Tusk i Karol Nawrocki\" loading=\"lazy\" fetchpriority=\"low\" decoding=\"async\"\/>&#8222;PSL mo\u017ce nie mie\u0107 wyj\u015bcia&#8221;<\/p>\n<p>\u2014 Je\u015bli do wybor\u00f3w b\u0119dzie coraz bli\u017cej i oka\u017ce si\u0119, \u017ce kolejne sonda\u017ce pokazuj\u0105 dramat z poparciem PSL i np. b\u0119d\u0105 na granicy progu, to nie b\u0119dzie wyj\u015bcia, p\u00f3jd\u0105 razem z Platform\u0105 \u2014 m\u00f3wi prof. Kasi\u0144ska-Metryka.<\/p>\n<p>Przewiduje, \u017ce niezale\u017cnie od formu\u0142y listy, partie obecnego obozu w\u0142adzy wci\u0105\u017c maj\u0105 szans\u0119 na premi\u0119 i mobilizacj\u0119 wyborc\u00f3w. \u2014 Ta &#8222;antypisowo\u015b\u0107&#8221; wci\u0105\u017c jest ich elementem no\u015bnym, wsp\u00f3lnym dla wszystkich partii po tej stronie. Do tego dochodzi jeszcze straszenie nie tylko Kaczy\u0144skim, ale i Braunem, wi\u0119c ludzi to mo\u017ce ruszy\u0107 i pogna\u0107 do urn \u2014 podsumowuje prof. Kasi\u0144ska-Metryka.<\/p>\n<p><a href=\"https:\/\/www.onet.pl\/informacje\/onetwiadomosci\/sw-tusk-chce-zawalczyc-o-tk-prezydent-moze-mu-przeszkodzic\/105stjq,79cfc278\" id=\"b4f8433a-13f6-4766-83c7-74c31af5c7da\" rel=\"nofollow noopener\" target=\"_blank\">Zobacz najnowszy &#8222;Stan Wyj\u0105tkowy&#8221;!<\/a><\/p>\n","protected":false},"excerpt":{"rendered":"\u2014 PiS jest dzi\u015b w sytuacji dramatycznej. Afera z Romanowskim &#8222;u Ruskich&#8221;, kt\u00f3ra niemal dzie\u0144 w dzie\u0144 ewoluuje&hellip;\n","protected":false},"author":2,"featured_media":626146,"comment_status":"","ping_status":"","sticky":false,"template":"","format":"standard","meta":{"footnotes":"","_share_on_mastodon":"0"},"categories":[62712],"tags":[61195,212,1008,690,7210,1006,7211,49,12348,48,56992,46,529,907,47],"class_list":["post-626145","post","type-post","status-publish","format-standard","has-post-thumbnail","category-karol-nawrocki","tag-bottomfeed_styl","tag-donald_tusk","tag-grzegorz_braun","tag-karol-nawrocki","tag-koalicja_obywatelska","tag-konfederacja","tag-konfederacja_korony_polskiej","tag-kraj","tag-marcin_romanowski","tag-nat_styl","tag-newbb_tst1","tag-omp","tag-pis","tag-polityka","tag-screening_general"],"share_on_mastodon":{"url":"https:\/\/pubeurope.com\/@pl\/117106173909975813","error":""},"_links":{"self":[{"href":"https:\/\/www.europesays.com\/pl\/wp-json\/wp\/v2\/posts\/626145","targetHints":{"allow":["GET"]}}],"collection":[{"href":"https:\/\/www.europesays.com\/pl\/wp-json\/wp\/v2\/posts"}],"about":[{"href":"https:\/\/www.europesays.com\/pl\/wp-json\/wp\/v2\/types\/post"}],"author":[{"embeddable":true,"href":"https:\/\/www.europesays.com\/pl\/wp-json\/wp\/v2\/users\/2"}],"replies":[{"embeddable":true,"href":"https:\/\/www.europesays.com\/pl\/wp-json\/wp\/v2\/comments?post=626145"}],"version-history":[{"count":0,"href":"https:\/\/www.europesays.com\/pl\/wp-json\/wp\/v2\/posts\/626145\/revisions"}],"wp:featuredmedia":[{"embeddable":true,"href":"https:\/\/www.europesays.com\/pl\/wp-json\/wp\/v2\/media\/626146"}],"wp:attachment":[{"href":"https:\/\/www.europesays.com\/pl\/wp-json\/wp\/v2\/media?parent=626145"}],"wp:term":[{"taxonomy":"category","embeddable":true,"href":"https:\/\/www.europesays.com\/pl\/wp-json\/wp\/v2\/categories?post=626145"},{"taxonomy":"post_tag","embeddable":true,"href":"https:\/\/www.europesays.com\/pl\/wp-json\/wp\/v2\/tags?post=626145"}],"curies":[{"name":"wp","href":"https:\/\/api.w.org\/{rel}","templated":true}]}}