{"id":626197,"date":"2026-08-16T17:16:15","date_gmt":"2026-08-16T17:16:15","guid":{"rendered":"https:\/\/www.europesays.com\/pl\/626197\/"},"modified":"2026-08-16T17:16:15","modified_gmt":"2026-08-16T17:16:15","slug":"abramczyk-polonia-bydgoszcz-dakar-development-stal-rzeszow-zdjecia-z-meczu-14-kolejki-metalkas-2-ekstraligi","status":"publish","type":"post","link":"https:\/\/www.europesays.com\/pl\/626197\/","title":{"rendered":"Abramczyk Polonia Bydgoszcz &#8211; DAKAR DEVELOPMENT Stal Rzesz\u00f3w. Zdj\u0119cia z meczu 14 kolejki Metalkas 2 Ekstraligi"},"content":{"rendered":"<p style=\"text-align: null;\">Przed meczem go\u015bcie z Rzeszowa mieli jeszcze iluzoryczne nadzieje na awans do fazy play-off. Aby zrealizowa\u0107 ten scenariusz, musieli wywie\u017a\u0107 z Bydgoszczy chocia\u017c punkt bonusowy, co przy zaliczce Polonii z pierwszego spotkania graniczy\u0142o z cudem. Bydgoskie \u201eGryfy\u201d szybko pozbawi\u0142y przyjezdnych jakichkolwiek z\u0142udze\u0144.<\/p>\n<p style=\"text-align: null;\">Z powodu opad\u00f3w deszczu mecze przyspieszono o 15 minut. Zmagania przebieg\u0142y w b\u0142yskawicznym tempie \u2013 starcie rozegrano bez r\u00f3wnania i polewania toru w zaledwie godzin\u0119. W dru\u017cynie Dariusza \u015aledzia zadebiutowa\u0142 nowo pozyskany Maksymilian Kosterra, jednak jego wyst\u0119p przeszed\u0142 bez wi\u0119kszego echa.<\/p>\n<p style=\"text-align: null;\">Prawdziwa wojna dopiero si\u0119 zaczyna<\/p>\n<p style=\"text-align: null;\">Mimo pewnej wygranej, sztab szkoleniowy Polonii twardo st\u0105pa po ziemi i my\u015bli ju\u017c o decyduj\u0105cym etapie rozgrywek.<\/p>\n<p style=\"text-align: null;\">\u2013 Nie chc\u0119 m\u00f3wi\u0107, kogo wybierzemy na faz\u0119 play-off, aczkolwiek w klubie w tym tygodniu o tym rozmawiali\u015bmy. Na pewno nie b\u0119dziemy utrudnia\u0107 sobie \u017cycia. Play-off to jest prawdziwa wojna i zupe\u0142nie co\u015b innego ni\u017c runda zasadnicza \u2013 przyzna\u0142 po zawodach trener Dariusz \u015aled\u017a.<\/p>\n<p style=\"text-align: null;\">Kluczowe fakty przed faz\u0105 play-off:<\/p>\n<p style=\"text-align: null;\">Abramczyk Polonia Bydgoszcz &#8211; DAKAR DEVELOPMENT Stal Rzesz\u00f3w. 58:32<\/p>\n<p style=\"text-align: null;\">Abramczyk Polonia Bydgoszcz &#8211; 58<\/p>\n<p style=\"text-align: null;\">9. Szymon Wo\u017aniak &#8211; 8+1 (1*,2,2,3,-)<\/p>\n<p style=\"text-align: null;\">10. Maksymilian Kostera &#8211; 0 (-,-,0,0)<\/p>\n<p style=\"text-align: null;\">11. Kai Huckenbeck &#8211; 14 (2,3,3,3,3)<\/p>\n<p style=\"text-align: null;\">12. Aleksandr \u0141oktajew &#8211; 6+3 (d,2*,1,2*,1*)<\/p>\n<p style=\"text-align: null;\">13. Krzysztof Buczkowski &#8211; 8 (2,3,1,2,-)<\/p>\n<p style=\"text-align: null;\">14. Maksymilian Pawe\u0142czak &#8211; 12+2 (3,3,1*,3,2*)<\/p>\n<p style=\"text-align: null;\">15. Kacper Andrzejewski &#8211; 10+4 (2*,2*,2*,2*,2)<\/p>\n<p style=\"text-align: null;\">Dakar Development Stal Rzesz\u00f3w &#8211; 32<\/p>\n<p style=\"text-align: null;\">1. Mateusz Szczepaniak &#8211; 4 (0,w,3,1,0)<\/p>\n<p style=\"text-align: null;\">2. Josh Pickering &#8211; 7 (3,1,1,1,1,0)<\/p>\n<p style=\"text-align: null;\">3. Francis Gusts &#8211; 9 (3,0,2,d,1,3)<\/p>\n<p style=\"text-align: null;\">4. Krzysztof Sadurski &#8211; 1 (1,-,0,-)<\/p>\n<p style=\"text-align: null;\">5. Oskar Fajfer &#8211; 10 (1,3,2,3,1)<\/p>\n<p style=\"text-align: null;\">6. Maksym Borowiak &#8211; 1 (1,0,0)<\/p>\n<p style=\"text-align: null;\">7. Adrian Przyby\u0142o &#8211; 0 (0,0,0)<\/p>\n<p>    <a class=\"componentsRecommendationsSingleArticle__link\" href=\"https:\/\/bydgoszcz.naszemiasto.pl\/kibice-na-meczu-abramczyk-polonia-bydgoszcz-dakar-development-stal-rzeszow-zdjecia-z-trybun-i-podprowadzajace\/ar\/c2p2-29271247\" data-ec=\"componentsRecommendationsSingleArticle\" data-event-position-el=\"link\" data-ecp=\"url=https:\/\/bydgoszcz.naszemiasto.pl\/kibice-na-meczu-abramczyk-polonia-bydgoszcz-dakar-development-stal-rzeszow-zdjecia-z-trybun-i-podprowadzajace\/ar\/c2p2-29271247,title=Kibice na meczu Abramczyk Polonia Bydgoszcz - DAKAR DEVELOPMENT Stal Rzesz&#xF3;w. Zdj&#x119;cia\" rel=\"nofollow noopener\" target=\"_blank\"><img decoding=\"async\" class=\"componentsRecommendationsSingleArticle__tileImg\" loading=\"lazy\" src=\"https:\/\/www.europesays.com\/pl\/wp-content\/uploads\/2026\/08\/2608160522_974018225_small.jpg\" data-image-type=\"articles\" alt=\"Kibice na meczu Abramczyk Polonia Bydgoszcz - DAKAR DEVELOPMENT Stal Rzesz&#xF3;w. Zdj&#x119;cia\"\/>Kibice na meczu Abramczyk Polonia Bydgoszcz &#8211; DAKAR DEVELOPMENT Stal Rzesz\u00f3w. Zdj\u0119cia<\/p>\n<p class=\"componentsRecommendationsSingleArticle__lead\">W deszczowe niedzielne popo\u0142udnie, 16 sierpnia 2026 roku, Abramczyk Polonia Bydgoszcz odnios\u0142a czternaste zwyci\u0119stwo z rz\u0119du, pokonuj\u0105c u siebie dru\u017cyn\u0119 z Rzeszowa 58:32. <\/p>\n<p><img decoding=\"async\" class=\"atomsPartialImageAvatar atomsPartialImageAvatar--textSubtle\" data-event-position-context=\"atomsPartialImageAvatar\" alt=\"Jakub Soboczy&#x144;ski\" width=\"24\" height=\"24\" src=\"https:\/\/s-nsk.ppstatic.pl\/assets\/nsk\/v1.400.2\/images\/author.svg\" loading=\"lazy\"\/>Jakub Soboczy\u0144ski<\/a><\/p>\n<p style=\"text-align: null;\">Szukasz ubra\u0144 sportowych w dobrych cenach? Sprawd\u017a kody rabatowe <a href=\"https:\/\/kodyrabatowe.naszemiasto.pl\/kody-rabatowe\/4f\" title=\"\" rel=\"nofollow noopener\" target=\"_blank\">4F<\/a> oraz promocje i przeceny w innych sklepach z odzie\u017c\u0105 i sprz\u0119tem sportowym.<\/p>\n<p>Dalsza cz\u0119\u015b\u0107 materia\u0142u pod wideo<\/p>\n<p><img decoding=\"async\" class=\"atomsPartialImgIcon\" loading=\"lazy\" src=\"https:\/\/www.europesays.com\/pl\/wp-content\/uploads\/2026\/08\/1786900573_958_0.webp\" alt=\"emisja bez ogranicze&#x144; wiekowych\" width=\"1\" height=\"1\"\/><\/p>\n<p style=\"text-align: null;\">Szukasz ubra\u0144 sportowych w dobrych cenach? Sprawd\u017a kody rabatowe <a href=\"https:\/\/kodyrabatowe.naszemiasto.pl\/kody-rabatowe\/decathlon\" title=\"\" rel=\"nofollow noopener\" target=\"_blank\">Decathlon<\/a> oraz promocje i przeceny w innych sklepach z odzie\u017c\u0105 i sprz\u0119tem sportowym.<\/p>\n<p>    <a class=\"componentsRecommendationsSingleArticle__link\" href=\"https:\/\/bydgoszcz.naszemiasto.pl\/jaki-smartring-kupic-odkryj-modele-monitorujace-zdrowie-24-7\/ar\/c12p2-28891489\" data-ec=\"componentsRecommendationsSingleArticle\" data-event-position-el=\"link\" data-ecp=\"url=https:\/\/bydgoszcz.naszemiasto.pl\/jaki-smartring-kupic-odkryj-modele-monitorujace-zdrowie-24-7\/ar\/c12p2-28891489,title=Jaki smartring kupi&#x107;? Odkryj modele monitoruj&#x105;ce zdrowie 24\/7\" rel=\"nofollow noopener\" target=\"_blank\"><img decoding=\"async\" class=\"componentsRecommendationsSingleArticle__tileImg\" loading=\"lazy\" src=\"https:\/\/www.europesays.com\/pl\/wp-content\/uploads\/2026\/08\/1786900574_107_il20260408_961865531_small.jpg\" data-image-type=\"articles\" alt=\"Jaki smartring kupi&#x107;? Odkryj modele monitoruj&#x105;ce zdrowie 24\/7\"\/>Jaki smartring kupi\u0107? Odkryj modele monitoruj\u0105ce zdrowie 24\/7<\/p>\n<p class=\"componentsRecommendationsSingleArticle__lead\">Inteligentne pier\u015bcienie, czyli smartringi, to rewolucja w monitorowaniu zdrowia. Niewielkie, dyskretne i niezwykle stylowe, oferuj\u0105 zaawansowane funkcje \u015bledzenia aktywno\u015bci, snu, t\u0119tna, a nawet pozi&#8230;<\/p>\n<p><img decoding=\"async\" class=\"atomsPartialImageAvatar atomsPartialImageAvatar--textSubtle\" data-event-position-context=\"atomsPartialImageAvatar\" alt=\"Redakcja Naszemiasto.pl\" width=\"24\" height=\"24\" src=\"https:\/\/www.europesays.com\/pl\/wp-content\/uploads\/2026\/08\/1786900575_207_6a3d0791e174d_icon.jpg\" loading=\"lazy\"\/>Redakcja Naszemiasto.pl<\/a><\/p>\n","protected":false},"excerpt":{"rendered":"Przed meczem go\u015bcie z Rzeszowa mieli jeszcze iluzoryczne nadzieje na awans do fazy play-off. Aby zrealizowa\u0107 ten scenariusz,&hellip;\n","protected":false},"author":2,"featured_media":626198,"comment_status":"","ping_status":"","sticky":false,"template":"","format":"standard","meta":{"footnotes":"","_share_on_mastodon":"0"},"categories":[51613],"tags":[7132,106931,42,38,40,72993,39,41,882],"class_list":["post-626197","post","type-post","status-publish","format-standard","has-post-thumbnail","category-bydgoszcz","tag-bydgoszcz","tag-bydgoszcz-wiadomosci","tag-pl","tag-poland","tag-polish","tag-polonia-bydgoszcz","tag-polska","tag-polski","tag-speedway"],"share_on_mastodon":{"url":"","error":""},"_links":{"self":[{"href":"https:\/\/www.europesays.com\/pl\/wp-json\/wp\/v2\/posts\/626197","targetHints":{"allow":["GET"]}}],"collection":[{"href":"https:\/\/www.europesays.com\/pl\/wp-json\/wp\/v2\/posts"}],"about":[{"href":"https:\/\/www.europesays.com\/pl\/wp-json\/wp\/v2\/types\/post"}],"author":[{"embeddable":true,"href":"https:\/\/www.europesays.com\/pl\/wp-json\/wp\/v2\/users\/2"}],"replies":[{"embeddable":true,"href":"https:\/\/www.europesays.com\/pl\/wp-json\/wp\/v2\/comments?post=626197"}],"version-history":[{"count":0,"href":"https:\/\/www.europesays.com\/pl\/wp-json\/wp\/v2\/posts\/626197\/revisions"}],"wp:featuredmedia":[{"embeddable":true,"href":"https:\/\/www.europesays.com\/pl\/wp-json\/wp\/v2\/media\/626198"}],"wp:attachment":[{"href":"https:\/\/www.europesays.com\/pl\/wp-json\/wp\/v2\/media?parent=626197"}],"wp:term":[{"taxonomy":"category","embeddable":true,"href":"https:\/\/www.europesays.com\/pl\/wp-json\/wp\/v2\/categories?post=626197"},{"taxonomy":"post_tag","embeddable":true,"href":"https:\/\/www.europesays.com\/pl\/wp-json\/wp\/v2\/tags?post=626197"}],"curies":[{"name":"wp","href":"https:\/\/api.w.org\/{rel}","templated":true}]}}