{"id":626339,"date":"2026-08-16T18:50:34","date_gmt":"2026-08-16T18:50:34","guid":{"rendered":"https:\/\/www.europesays.com\/pl\/626339\/"},"modified":"2026-08-16T18:50:34","modified_gmt":"2026-08-16T18:50:34","slug":"relacja-live-z-meczu-pres-torun-betard-sparta-wroclaw","status":"publish","type":"post","link":"https:\/\/www.europesays.com\/pl\/626339\/","title":{"rendered":"Relacja LIVE z meczu Pres Toru\u0144 &#8211; Betard Sparta Wroc\u0142aw"},"content":{"rendered":"<p class=\"news__lead\">Zapraszamy na relacj\u0119 LIVE z meczu 13. kolejki PGE Ekstraligi Pres Grupa Deweloperska Toru\u0144 &#8211; Betard Sparta Wroc\u0142aw. Pocz\u0105tek spotkania o godz. 19:30. Relacj\u0119 prowadzi Filip Sobczak.<\/p>\n<p>WYNIK JEST NA BIE\u017b\u0104CO AKTUALIZOWANY &#8211; PROSIMY O OD\u015aWIE\u017bANIE STRONY<\/p>\n<p>PRES Grupa Deweloperska Toru\u0144:<\/p>\n<p>\tJan Heleniak<br \/>\n\tRobert Lambert (3,3,2<br \/>\n\tNorick Bloedorn (0,1,1*,1<br \/>\n\tMikkel Michelsen (3,3,2,1<br \/>\n\tEmil Sajfutdinow (2*,3,3<br \/>\n\tMiko\u0142aj Duchi\u0144ski (1,0,0,0,0<br \/>\n\tAntoni Kawczy\u0144ski (3,3,0,1*,0<br \/>\n\tBartosz Derek<\/p>\n<p>Betard Sparta Wroc\u0142aw:<\/p>\n<p>\tArtiom \u0141aguta (2,2,3,2*<br \/>\n\tMaciej Janowski (0,1*,2,0,3<br \/>\n\tDaniel Bewley Z\/Z<br \/>\n\tBart\u0142omiej Kowalski (1*,1*,0,1*<br \/>\n\tBrady Kurtz (1,2,2,3,3<br \/>\n\tMarcel Kowolik (0,2,0<br \/>\n\tMikkel Andersen (2,1*,2*<br \/>\n\tNikodem Miko\u0142ajczyk<\/p>\n<p><img decoding=\"async\" src=\"https:\/\/www.europesays.com\/pl\/wp-content\/uploads\/2026\/08\/inline__1507671_1934.png\"\/><\/p>\n<p>Bieg po biegu:<\/p>\n<p>Pres Toru\u0144 w tym meczu b\u0119dzie musia\u0142 radzi\u0107 sobie bez swojego lidera Patryka Dudka, kt\u00f3ry w sobot\u0119 dozna\u0142 kontuzji\u00a0podczas zawod\u00f3w o IMP w Ostrowie Wielkopolskim.<\/p>\n<p>1. Kawczy\u0144ski, \u0141aguta, Kowalski, Bloedron 3:3<\/p>\n<p>Rezerwa zwyk\u0142a: Kawczy\u0144ski za Heleniaka. Zast\u0119pstwo zawodnika: Kowalski za Bewleya. Junior gospodarzy wygra\u0142 start i nie da\u0142 si\u0119 wyprzedzi\u0107.<\/p>\n<p>2. Kawczy\u0144ski, Andersen, Duchi\u0144ski, Kowolik 4:2 (7:5)<\/p>\n<p>Kawczy\u0144ski znowu najszybszy. Szybko do\u0142\u0105czy\u0142 do niego Duchi\u0144ski, ale na trzecim okr\u0105\u017ceniu min\u0105\u0142 go Andersen.<\/p>\n<p>3. Michelsen, Sajfutdinow, Kurtz, Janowski 5:1 (12:6)<\/p>\n<p>Gospodarze fantastycznie rozegrali pierwszy \u0142uk i wyszli na podw\u00f3jne prowadzenie. Kurtz do ko\u0144ca n\u0119ka\u0142 Emila.<\/p>\n<p>4. Lambert, Kowolik, Kowalski, Duchi\u0144ski (15:9)<\/p>\n<p>Lambert na pierwszym \u0142uku by\u0142 ostatni, ale pierwsze okr\u0105\u017cenie ko\u0144czy\u0142 na prowadzeniu. \u015awietny bieg w wykonaniu Lambo.<\/p>\n<p>5. Michelsen, Kurtz, Bloedorn, Kowalski 4:2 (19:11)<\/p>\n<p>Zast\u0119pstwo zawodnika: Kurtz za Bewleya. Michelsen min\u0105\u0142 po orbicie wszystkich zawodnik\u00f3w i wyszed\u0142 na prowadzenie. Bloedorn min\u0105\u0142 na ostatnich metrach Kowalskiego.<\/p>\n<p>6. Sajfutdinow, \u0141aguta, Janowski, Kawczy\u0144ski 3:3 (22:14)<\/p>\n<p>Emil wygra\u0142 start. Antek wyprzedzi\u0142 Janowskiego, ale Mistrz Polski skontrowa\u0142 i zdoby\u0142 jeden punkt.<\/p>\n<p>7. Lambert, Kurtz, Andersen, Duchi\u0144ski 3:3 (25:17)<\/p>\n<p>Rezerwa zwyk\u0142a: Duchi\u0144ski za Heleniaka. Lambo najszybszy z pierwszego pola. Duchi\u0144ski do ko\u0144ca walczy\u0142 o jeden punkt.<\/p>\n<p>8. Sajfutdinow, Janowski, Kowalski, Duchi\u0144ski 3:3 (28:20)<\/p>\n<p>Zast\u0119pstwo zawodnika: Janowski za Bewleya. Emil wygra\u0142 z ogromn\u0105 przewag\u0105.<\/p>\n<p>9. \u0141aguta, Lambert, Kawczy\u0144ski,\u00a0Janowski 3:3 (31:23)<\/p>\n<p>Rezerwa zwyk\u0142a: Kawczy\u0144ski za Heleniaka. \u0141aguta wyprzedzi\u0142 Kawczy\u0144skiego na drugim okr\u0105\u017ceniu. Potem o zwyci\u0119stwo walczy\u0142 Lamert, ale zabrak\u0142o mu jednego k\u00f3\u0142ka.<\/p>\n<p>10. Kurtz, Michelsen, Bloedorn, Kowolik 3:3 (34:26)<\/p>\n<p>Gospodarze wygrali start, ale najpierw Kurtz wyprzedzi\u0142 Bloedorna, a potem Michelsena.<\/p>\n<p>11. Kurtz, \u0141aguta, Michelsen, Duchi\u0144ski 1:5 (35:31)<\/p>\n<p>Rezerwa zwyk\u0142a: Duchi\u0144ski za Heleniaka. Rezerwa taktyczna: Kurtz za Kowalskiego. \u0141aguta na drugim okr\u0105\u017ceniu wyprzedzi\u0142 Michelsena.<\/p>\n<p>12. Janowski, Andersen, Bloedorn, Kawczy\u0144ski 1:5 (36:36)<\/p>\n<p>Janowski najlepiej ze startu. Nieoczekiwanie Andersen wyprzedzi\u0142 na dystansie duet gospodarzy. Mamy remis. Bonus jedzie do Wroc\u0142awia.<\/p>\n<p>Relacj\u0119 prowadzi Filip Sobczak<\/p>\n<p>Chcesz by\u0107 na bie\u017c\u0105co z informacjami z Torunia i okolic? Obserwuj nas na\u00a0<a href=\"https:\/\/www.facebook.com\/otoTorun\" target=\"_blank\" rel=\"nofollow noopener\">Facebooku<\/a>\u00a0oraz\u00a0<a href=\"https:\/\/www.instagram.com\/ototorun.pl\/\" target=\"_blank\" rel=\"nofollow noopener\">Instagramie<\/a>.<\/p>\n<p>                                                                                                                                                                                                        ]]><\/p>\n<p>                        <script async src=\"\/\/www.instagram.com\/embed.js\"><\/script><\/p>\n","protected":false},"excerpt":{"rendered":"Zapraszamy na relacj\u0119 LIVE z meczu 13. kolejki PGE Ekstraligi Pres Grupa Deweloperska Toru\u0144 &#8211; Betard Sparta Wroc\u0142aw.&hellip;\n","protected":false},"author":2,"featured_media":626340,"comment_status":"","ping_status":"","sticky":false,"template":"","format":"standard","meta":{"footnotes":"","_share_on_mastodon":"0"},"categories":[51607],"tags":[51944,42,38,40,39,41,3421,1853],"class_list":["post-626339","post","type-post","status-publish","format-standard","has-post-thumbnail","category-wroclaw","tag-filip-sobczak","tag-pl","tag-poland","tag-polish","tag-polska","tag-polski","tag-torun","tag-wroclaw"],"share_on_mastodon":{"url":"https:\/\/pubeurope.com\/@pl\/117106693183048064","error":""},"_links":{"self":[{"href":"https:\/\/www.europesays.com\/pl\/wp-json\/wp\/v2\/posts\/626339","targetHints":{"allow":["GET"]}}],"collection":[{"href":"https:\/\/www.europesays.com\/pl\/wp-json\/wp\/v2\/posts"}],"about":[{"href":"https:\/\/www.europesays.com\/pl\/wp-json\/wp\/v2\/types\/post"}],"author":[{"embeddable":true,"href":"https:\/\/www.europesays.com\/pl\/wp-json\/wp\/v2\/users\/2"}],"replies":[{"embeddable":true,"href":"https:\/\/www.europesays.com\/pl\/wp-json\/wp\/v2\/comments?post=626339"}],"version-history":[{"count":0,"href":"https:\/\/www.europesays.com\/pl\/wp-json\/wp\/v2\/posts\/626339\/revisions"}],"wp:featuredmedia":[{"embeddable":true,"href":"https:\/\/www.europesays.com\/pl\/wp-json\/wp\/v2\/media\/626340"}],"wp:attachment":[{"href":"https:\/\/www.europesays.com\/pl\/wp-json\/wp\/v2\/media?parent=626339"}],"wp:term":[{"taxonomy":"category","embeddable":true,"href":"https:\/\/www.europesays.com\/pl\/wp-json\/wp\/v2\/categories?post=626339"},{"taxonomy":"post_tag","embeddable":true,"href":"https:\/\/www.europesays.com\/pl\/wp-json\/wp\/v2\/tags?post=626339"}],"curies":[{"name":"wp","href":"https:\/\/api.w.org\/{rel}","templated":true}]}}