{"id":626423,"date":"2026-08-16T19:56:12","date_gmt":"2026-08-16T19:56:12","guid":{"rendered":"https:\/\/www.europesays.com\/pl\/626423\/"},"modified":"2026-08-16T19:56:12","modified_gmt":"2026-08-16T19:56:12","slug":"dlugotrwale-ulewy-i-burze-przejda-przez-polske-wiemy-gdzie-bedzie-najgorzej","status":"publish","type":"post","link":"https:\/\/www.europesays.com\/pl\/626423\/","title":{"rendered":"D\u0142ugotrwa\u0142e ulewy i burze przejd\u0105 przez Polsk\u0119. Wiemy, gdzie b\u0119dzie najgorzej"},"content":{"rendered":"<p>Od rana <a href=\"https:\/\/wiadomosci.onet.pl\/pogoda\" id=\"c0ad0752-6704-4431-a2da-aed6d99e0874\" rel=\"nofollow noopener\" target=\"_blank\">pogoda<\/a> b\u0119dzie inna ni\u017c w poprzednich dniach. Co prawda temperatury utrzymaj\u0105 si\u0119 na umiarkowanym poziomie (ok. 10-12 st. C na p\u00f3\u0142nocy i 17-19 st. C na po\u0142udniu), ale zbierze si\u0119 wi\u0119cej chmur, z kt\u00f3rych czasami popada przelotny deszcz, a nawet przejd\u0105 burze.Policzyli\u015bmy, kt\u00f3re miasta najgorzej znosz\u0105 upa\u0142y. Sprawd\u017a nasz ranking<img class=\"ods-a-photo ods-a-photo--background\" src=\"https:\/\/www.europesays.com\/pl\/wp-content\/uploads\/2026\/08\/1786910170_224_PMkk9lBaHR0cHM6Ly9vY2RuLmV1L3B1bHNjbXMvTURBXy9iYTBhZWM2NzBiOTI0NDA0N2U0NDJjMTg2MmUzMDQwYS5wbmeRlQLNA.jpeg\" height=\"199\" width=\"450\" alt=\"Indeks podatno\u015bci na upa\u0142y\" loading=\"lazy\" fetchpriority=\"low\" decoding=\"async\"\/>Do Polski nadci\u0105gaj\u0105 silne deszcze, burze i du\u017cy spadek temperatury. Mamy pogod\u0119 na poniedzia\u0142ekKolejne godziny przynios\u0105 umiarkowane i du\u017ce zachmurzenie, miejscami na \u015al\u0105sku przez ca\u0142y dzie\u0144 ca\u0142kowite. W ka\u017cdym regionie mo\u017ce pada\u0107 deszcz, przy czym na zachodzie i p\u00f3\u0142nocy zapowiadamy g\u0142\u00f3wnie opady s\u0142abe i przelotne, a w g\u0142\u0119bi kraju okresami silniejsze, poniewa\u017c mog\u0105 pojawi\u0107 si\u0119 <a href=\"https:\/\/wiadomosci.onet.pl\/burze\" id=\"00ecb6e3-7d1d-4db7-96f0-21b795a03542\" rel=\"nofollow noopener\" target=\"_blank\">burze<\/a>. Po po\u0142udniu i wieczorem na po\u0142udniowym zachodzie i w centrum mo\u017ce nawet uformowa\u0107 si\u0119 wi\u0119kszy uk\u0142ad z burzami, obfitym deszczem oraz porywistym wiatrem.<img class=\"ods-a-photo ods-a-photo--background\" src=\"https:\/\/www.europesays.com\/pl\/wp-content\/uploads\/2026\/08\/B0Zk9lBaHR0cHM6Ly9vY2RuLmV1L3B1bHNjbXMvTURBXy85ZWQ2YWIyYWZiMjZhMmQ2YzE0ZTE0ZTM1MzI3NzAzMy5wbmeRkwXNB.jpeg\" height=\"1155\" width=\"940\" alt=\"W ca\u0142ej Polsce mo\u017ce w poniedzia\u0142ek pada\u0107 i grzmie\u0107, a temperatura wyra\u017anie spadnie\" loading=\"lazy\" fetchpriority=\"auto\" decoding=\"auto\"\/><\/p>\n<p>Arkadiusz P\u0142achta \/ Onet<\/p>\n<p>W ca\u0142ej Polsce mo\u017ce w poniedzia\u0142ek pada\u0107 i grzmie\u0107, a temperatura wyra\u017anie spadnie<\/p>\n<p>W nocy z poniedzia\u0142ku na wtorek pogoda si\u0119 nie zmieni. Na wschodzie, po\u0142udniu i w centrum nadal b\u0119dzie pochmurno z intensywnymi <a href=\"https:\/\/wiadomosci.onet.pl\/deszcz\" id=\"b087178b-b05e-4e1e-aada-96a089d26857\" rel=\"nofollow noopener\" target=\"_blank\">opadami deszczu<\/a>, stopniowo od zachodu zanikaj\u0105cymi. Na po\u0142udniowym wschodzie dodatkowo niewykluczone s\u0105 burze. Prognozujemy, \u017ce na tym obszarze od poniedzia\u0142kowego do wtorkowego poranka spadnie 20-30 mm wody, punktowo nawet ok. 50 mm. Natomiast na zachodzie i p\u00f3\u0142nocy, je\u015bli popada, to s\u0142abo, przelotnie i coraz cz\u0119\u015bciej maj\u0105 si\u0119 tam pojawia\u0107 przeja\u015bnienia i rozpogodzenia.<img class=\"ods-a-photo ods-a-photo--background\" src=\"https:\/\/www.europesays.com\/pl\/wp-content\/uploads\/2026\/08\/JLuk9lBaHR0cHM6Ly9vY2RuLmV1L3B1bHNjbXMvTURBXy85Njc3NTRkMGZhMzU0MTcxNzE1MjI5Y2VmYTI0NjFhOC5wbmeRkwXNB.jpeg\" height=\"760\" width=\"760\" alt=\"W poniedzia\u0142ek i w nocy z poniedzia\u0142ku na wtorek najwi\u0119cej deszczu ma spa\u015b\u0107 na wschodzie, po\u0142udniu oraz w centrum\" loading=\"lazy\" fetchpriority=\"auto\" decoding=\"auto\"\/><\/p>\n<p>meteologix.com<\/p>\n<p>W poniedzia\u0142ek i w nocy z poniedzia\u0142ku na wtorek najwi\u0119cej deszczu ma spa\u015b\u0107 na wschodzie, po\u0142udniu oraz w centrum<\/p>\n<p>Temperatura w poniedzia\u0142ek wyra\u017anie si\u0119 obni\u017cy. Maksymalnie odnotujemy od 20 do 25 st. C, jedynie na Podkarpaciu jest szansa na 29 st. C. Natomiast w nocy s\u0142upki rt\u0119ci spadn\u0105 do 10 st. C na Mazurach i Suwalszczy\u017anie, 12-14 st. C w centrum oraz do 15 st. C na po\u0142udniowym wschodzie oraz miejscami nad morzem.<\/p>\n<p>Dalszy ci\u0105g artyku\u0142u pod materia\u0142em wideo<\/p>\n<p>Wiatr powieje s\u0142abo i umiarkowanie, na po\u0142udniu czasami mocniej, z kierunk\u00f3w zachodnich, czasami te\u017c z p\u00f3\u0142nocnych. Na po\u0142udniowym wschodzie odczujemy jeszcze gor\u0105c, ale w innych miejscach b\u0119dzie nam co najwy\u017cej komfortowo. Pogoda w ca\u0142ym kraju niekorzystnie wp\u0142ynie na nasze samopoczucie.<\/p>\n","protected":false},"excerpt":{"rendered":"Od rana pogoda b\u0119dzie inna ni\u017c w poprzednich dniach. Co prawda temperatury utrzymaj\u0105 si\u0119 na umiarkowanym poziomie (ok.&hellip;\n","protected":false},"author":2,"featured_media":626424,"comment_status":"","ping_status":"","sticky":false,"template":"","format":"standard","meta":{"footnotes":"","_share_on_mastodon":"0"},"categories":[12],"tags":[61195,14276,169,48,56992,3865,46,42,78,38,40,39,41,47,8011],"class_list":["post-626423","post","type-post","status-publish","format-standard","has-post-thumbnail","category-polska","tag-bottomfeed_styl","tag-burze","tag-deszcz","tag-nat_styl","tag-newbb_tst1","tag-ochlodzenie","tag-omp","tag-pl","tag-pogoda","tag-poland","tag-polish","tag-polska","tag-polski","tag-screening_general","tag-ulewy"],"share_on_mastodon":{"url":"https:\/\/pubeurope.com\/@pl\/117106952705627756","error":""},"_links":{"self":[{"href":"https:\/\/www.europesays.com\/pl\/wp-json\/wp\/v2\/posts\/626423","targetHints":{"allow":["GET"]}}],"collection":[{"href":"https:\/\/www.europesays.com\/pl\/wp-json\/wp\/v2\/posts"}],"about":[{"href":"https:\/\/www.europesays.com\/pl\/wp-json\/wp\/v2\/types\/post"}],"author":[{"embeddable":true,"href":"https:\/\/www.europesays.com\/pl\/wp-json\/wp\/v2\/users\/2"}],"replies":[{"embeddable":true,"href":"https:\/\/www.europesays.com\/pl\/wp-json\/wp\/v2\/comments?post=626423"}],"version-history":[{"count":0,"href":"https:\/\/www.europesays.com\/pl\/wp-json\/wp\/v2\/posts\/626423\/revisions"}],"wp:featuredmedia":[{"embeddable":true,"href":"https:\/\/www.europesays.com\/pl\/wp-json\/wp\/v2\/media\/626424"}],"wp:attachment":[{"href":"https:\/\/www.europesays.com\/pl\/wp-json\/wp\/v2\/media?parent=626423"}],"wp:term":[{"taxonomy":"category","embeddable":true,"href":"https:\/\/www.europesays.com\/pl\/wp-json\/wp\/v2\/categories?post=626423"},{"taxonomy":"post_tag","embeddable":true,"href":"https:\/\/www.europesays.com\/pl\/wp-json\/wp\/v2\/tags?post=626423"}],"curies":[{"name":"wp","href":"https:\/\/api.w.org\/{rel}","templated":true}]}}