{"id":626497,"date":"2026-08-16T20:54:20","date_gmt":"2026-08-16T20:54:20","guid":{"rendered":"https:\/\/www.europesays.com\/pl\/626497\/"},"modified":"2026-08-16T20:54:20","modified_gmt":"2026-08-16T20:54:20","slug":"zuzel-hit-pge-ekstraligi-nie-zawiodl-zadecydowal-ostatni-wyscig","status":"publish","type":"post","link":"https:\/\/www.europesays.com\/pl\/626497\/","title":{"rendered":"\u017bu\u017cel. Hit PGE Ekstraligi nie zawi\u00f3d\u0142. Zadecydowa\u0142 ostatni wy\u015bcig"},"content":{"rendered":"\n<p class=\"contentpart contentpart--default contentpart--text\" data-position=\"0\">Zar\u00f3wno <a href=\"https:\/\/sportowefakty.wp.pl\/zuzel\/pres-grupa-deweloperska-torun\" rel=\"nofollow noopener\" target=\"_blank\">PRES Grupa Deweloperska Toru\u0144<\/a>, jak i <a href=\"https:\/\/sportowefakty.wp.pl\/zuzel\/wts-wroclaw\" rel=\"nofollow noopener\" target=\"_blank\">Betard Sparta Wroc\u0142aw<\/a>\u00a0przyst\u0105pi\u0142y do niedzielnego hitu <a href=\"https:\/\/sportowefakty.wp.pl\/zuzel\/pge-ekstraliga\" rel=\"nofollow noopener\" target=\"_blank\">PGE Ekstraligi<\/a>\u00a0w os\u0142abieniu. Dla Wroc\u0142awian nie by\u0142a to nowa sytuacja, bo zesp\u00f3\u0142 musi sobie radzi\u0107\u00a0bez kontuzjowanego <a href=\"https:\/\/sportowefakty.wp.pl\/zuzel\/daniel-bewley\" rel=\"nofollow noopener\" target=\"_blank\">Daniela Bewleya<\/a>\u00a0od wielu tygodni, a sam Brytyjczyk my\u015blami bliski jest powrotu na tor. Natomiast uraz <a href=\"https:\/\/sportowefakty.wp.pl\/zuzel\/patryk-dudek\" rel=\"nofollow noopener\" target=\"_blank\">Patryka Dudka<\/a>\u00a0jest dla Torunian \u015bwie\u017c\u0105\u00a0spraw\u0105.<\/p>\n<p class=\"contentpart contentpart--default contentpart--text\" data-position=\"1\">Gospodarze nie mog\u0105 stosowa\u0107 zast\u0119pstwa zawodnika za krajowego lidera, wi\u0119c w tej sytuacji dodatkowe biegi otrzyma\u0142 <a href=\"https:\/\/sportowefakty.wp.pl\/zuzel\/antoni-kawczynski\" rel=\"nofollow noopener\" target=\"_blank\">Antoni Kawczy\u0144ski<\/a>. M\u0142odzie\u017cowiec &#8222;Anio\u0142\u00f3w&#8221; \u015bwietnie wszed\u0142 w mecz, wygrywaj\u0105c pierwszy bieg i pokonuj\u0105c samego <a href=\"https:\/\/sportowefakty.wp.pl\/zuzel\/artiom-laguta\" rel=\"nofollow noopener\" target=\"_blank\">Artioma \u0141agut\u0119<\/a>. Ju\u017c ta sytuacja by\u0142a dowodem na to, \u017ce PRES Grupa Deweloperska Toru\u0144 nie odda \u0142atwo wygranej w tych zawodach.<\/p>\n<p>  <img decoding=\"async\" src=\"https:\/\/v.wpimg.pl\/X3dwLnN2d1IFFTpdYUl6R0ZNbgcnEHQREVV2TGEGbUtRT2MdOlZ2RBQUKABgQjQcDRotCStBd1IAAWMeIlM7VgwYIAorQAdEFFk_GCkQJQ\" alt=\"\" width=\"45\" height=\"58\" loading=\"lazy\"\/>  <\/p>\n<p class=\"contentpart contentpart--default contentpart--text\" data-position=\"2\">ZOBACZ WIDEO: Dwa pa\u0142ace, stadnina i setki hektar\u00f3w. Tak wygl\u0105da maj\u0105tek legendy<\/p>\n<p class=\"contentpart contentpart--default contentpart--text\" data-position=\"4\">W kolejnych biegach nieomylni byli <a href=\"https:\/\/sportowefakty.wp.pl\/zuzel\/mikkel-michelsen\" rel=\"nofollow noopener\" target=\"_blank\">Mikkel Michelsen<\/a>, <a href=\"https:\/\/sportowefakty.wp.pl\/zuzel\/emil-sajfutdinow\" rel=\"nofollow noopener\" target=\"_blank\">Emil Sajfutdinow<\/a>\u00a0oraz <a href=\"https:\/\/sportowefakty.wp.pl\/zuzel\/robert-lambert\" rel=\"nofollow noopener\" target=\"_blank\">Robert Lambert<\/a>, co pozwala\u0142o gospodarzom na kontrolowanie sytuacji. Aktualni mistrzowie Polski wypracowali sobie osiem punkt\u00f3w przewagi, a go\u015bcie wydawali si\u0119 nie mie\u0107 argument\u00f3w.<\/p>\n<p class=\"contentpart contentpart--default contentpart--text\" data-position=\"5\">&#8211; Tor niczym si\u0119 nie r\u00f3\u017cni w por\u00f3wnaniu do mecz\u00f3w z Lublinem i Cz\u0119stochowa. Temperatura mo\u017ce jest troch\u0119 inna &#8211; m\u00f3wi\u0142 przed kamerami Canal+ Sport Sajfutdinow, odrzucaj\u0105c teori\u0119, \u017ce gospodarze zaskoczyli przyjezdnych warunkami torowymi.<\/p>\n<p class=\"contentpart contentpart--default contentpart--text\" data-position=\"6\">Betard Sparta Wroc\u0142aw do dziewi\u0105tego wy\u015bcigu musia\u0142a czeka\u0107 na pierwsze indywidualne zwyci\u0119stwo. W tym momencie ekipa <a href=\"https:\/\/sportowefakty.wp.pl\/zuzel\/piotr-protasiewicz\" rel=\"nofollow noopener\" target=\"_blank\">Piotra Protasiewicza<\/a>\u00a0z\u0142apa\u0142a wiatr w \u017cagle. Wroc\u0142awianie zgarn\u0119li cztery &#8222;tr\u00f3jki&#8221; z rz\u0119du, wygrywaj\u0105c przy tym dwie gonitwy podw\u00f3jnie. W ten spos\u00f3b odwr\u00f3cili losy meczu &#8211; 28:20 zrobi\u0142o si\u0119 36:36.<\/p>\n<p>  <img decoding=\"async\" src=\"https:\/\/v.wpimg.pl\/X3dwLnN2d1IFFTpdYUl6R0ZNbgcnEHQREVV2TGEGbUtRT2MdOlZ2RBQUKABgQjQcDRotCStBd1IAAWMeIlM7VgwYIAorQAdEFFk_GCkQJQ\" alt=\"\" width=\"45\" height=\"58\" loading=\"lazy\"\/>  <\/p>\n<p class=\"contentpart contentpart--default contentpart--text\" data-position=\"7\">W tym momencie sta\u0142o si\u0119 te\u017c\u00a0jasne, \u017ce punkt bonusowy za lepszy wynik w dwumeczu pojedzie do Wroc\u0142awia.<\/p>\n<p class=\"contentpart contentpart--default contentpart--text\" data-position=\"8\">Bardzo wa\u017cny dla los\u00f3w spotkania okaza\u0142 si\u0119 wy\u015bcig numer trzyna\u015bcie. W nim Sajfutdinow wyprzedzi\u0142 na trasie Kurtza i nie tylko zastopowa\u0142 zwyci\u0119ski poch\u00f3d Wroc\u0142awian, ale te\u017c przyczyni\u0142 si\u0119 parowej wygranej 4:2, bo Lambert pokona\u0142 \u0141agut\u0119. Dzi\u0119ki temu gospodarze przed biegami nominowanymi prowadzili 40:38.<\/p>\n<p class=\"contentpart contentpart--default contentpart--text\" data-position=\"9\">Kontrowersje pojawi\u0142y si\u0119 chwil\u0119 p\u00f3\u017aniej. Lambert przerwa\u0142 jazd\u0119 po bliskim kontakcie z Janowskim w pierwszym \u0142uku, po czym nie zjecha\u0142 z toru, gdy Wroc\u0142awianie prowadzili podw\u00f3jnie. S\u0119dzia przerwa\u0142 bieg, by po d\u0142ugich naradach zarz\u0105dzi\u0107 powt\u00f3rk\u0119 w pe\u0142nej obsadzie. W niej &#8222;Anio\u0142y&#8221; wygra\u0142y 4:2 i znalaz\u0142y si\u0119 o krok od ko\u0144cowego sukcesu (44:40).<\/p>\n<p class=\"contentpart contentpart--default contentpart--text\" data-position=\"10\">Na koniec PRES Grupa Deweloperska Toru\u0144 po raz kolejny do\u0142o\u017cy\u0142a go\u015bciom, finalnie zwyci\u0119\u017caj\u0105c 48:42. Tym samym oba zespo\u0142y zr\u00f3wna\u0142y si\u0119 dorobkiem punktowym w PGE Ekstralidze, ale to Betard Sparta Wroc\u0142aw ma na swoim koncie bonus. To on mo\u017ce zadecydowa\u0107 o tym, \u017ce Wroc\u0142awianie wygraj\u0105 faz\u0119 zasadnicz\u0105.<\/p>\n<p>  <img decoding=\"async\" src=\"https:\/\/v.wpimg.pl\/X3dwLnN2d1IFFTpdYUl6R0ZNbgcnEHQREVV2TGEGbUtRT2MdOlZ2RBQUKABgQjQcDRotCStBd1IAAWMeIlM7VgwYIAorQAdEFFk_GCkQJQ\" alt=\"\" width=\"45\" height=\"58\" loading=\"lazy\"\/>  <\/p>\n<p class=\"contentpart contentpart--default contentpart--text\" data-position=\"11\">Punktacja:<\/p>\n<p class=\"contentpart contentpart--default contentpart--text\" data-position=\"12\"><a href=\"https:\/\/sportowefakty.wp.pl\/zuzel\/pres-grupa-deweloperska-torun\" rel=\"nofollow noopener\" target=\"_blank\">PRES Grupa Deweloperska Toru\u0144<\/a> &#8211; 48 pkt.<br \/>9. Jan Heleniak &#8211; NS\u00a0(-,-,-,-)<br \/>10. Robert Lambert &#8211;  12 (3,3,2,1,3)<br \/>11. Norick Bloedorn &#8211;  4+1 (0,1,1*,1,1)<br \/>12. Mikkel Michelsen &#8211;  10 (3,3,2,1,1)<br \/>13. Emil Sajfutdinow &#8211;  14+1 (2*,3,3,3,3)<br \/>14. Miko\u0142aj Duchi\u0144ski &#8211;  1 (1,0,0,0,0)<br \/>15. Antoni Kawczy\u0144ski &#8211;  7+1 (3,3,0,1*,0)<br \/>16. Bartosz Derek &#8211;  NS<\/p>\n<p class=\"contentpart contentpart--default contentpart--text\" data-position=\"13\"><a href=\"https:\/\/sportowefakty.wp.pl\/zuzel\/wts-wroclaw\" rel=\"nofollow noopener\" target=\"_blank\">Betard Sparta Wroc\u0142aw<\/a> &#8211; 42 pkt.<br \/>1. Artiom \u0141aguta &#8211;  12 (2,2,3,3,0,2)<br \/>2. Maciej Janowski &#8211;  8+1 (0,1*,2,0,3,2)<br \/>3. Daniel Bewley &#8211; ZZ<br \/>4. Bart\u0142omiej Kowalski &#8211;  3+3 (1*,1*,0,1*,-,0)<br \/>5. Brady Kurtz &#8211;  12+1 (1,2,2,3,2*,2,0)<br \/>6. Marcel Kowolik &#8211;  2 (0,2,0)<br \/>7. Mikkel Andersen &#8211;  5+2 (2,1*,2*)<br \/>8. Nikodem Miko\u0142ajczyk &#8211;  NS<\/p>\n<p class=\"contentpart contentpart--default contentpart--text\" data-position=\"14\">Bieg po biegu:<br \/>1.\t(60,71) Kawczy\u0144ski, \u0141aguta, Kowalski, Bloedorn\t&#8211; 3:3\t&#8211; (3:3)<br \/>2.\t(60,41) Kawczy\u0144ski, Andersen, Duchi\u0144ski, Kowolik\t&#8211; 4:2\t&#8211; (7:5)<br \/>3.\t(59,72) Michelsen, Sajfutdinow, Kurtz, Janowski\t&#8211; 5:1\t&#8211; (12:6)<br \/>4.\t(59,43) Lambert, Kowolik, Kowalski, Duchi\u0144ski\t&#8211; 3:3\t&#8211; (15:9)<br \/>5.\t(60,13) Michelsen, Kurtz, Bloedorn, Kowalski\t&#8211; 4:2\t&#8211; (19:11)<br \/>6.\t(59,99) Sajfutdinow, \u0141aguta, Janowski, Kawczy\u0144ski\t&#8211; 3:3\t&#8211; (22:14)<br \/>7.\t(59,75) Lambert, Kurtz, Andersen, Duchi\u0144ski\t&#8211; 3:3\t&#8211; (25:17)<br \/>8.\t(60,70) Sajfutdinow, Janowski, Kowalski, Duchi\u0144ski\t&#8211; 3:3\t&#8211; (28:20)<br \/>9.\t(60,67) \u0141aguta, Lambert, Kawczy\u0144ski, Janowski\t&#8211; 3:3\t&#8211; (31:23)<br \/>10.\t(60,40) Kurtz, Michelsen, Bloedorn, Kowolik\t&#8211; 3:3\t&#8211; (34:26)<br \/>11.\t(60,91) \u0141aguta, Kurtz, Michelsen, Duchi\u0144ski\t&#8211; 1:5\t&#8211; (35:31)<br \/>12.\t(60,99) Janowski, Andersen, Bloedorn, Kawczy\u0144ski\t&#8211; 1:5\t&#8211; (36:36)<br \/>13.\t(60,04) Sajfutdinow, Kurtz, Lambert, \u0141aguta\t&#8211; 4:2\t&#8211; (40:38)<br \/>14.\t(61,19) Lambert, Janowski, Bloedorn, Kowalski\t&#8211; 4:2\t&#8211; (44:40)<br \/>15.\u00a0(60,57) Sajfutdinow, \u0141aguta, Michelsen, Kurtz\t&#8211; 4:2\t&#8211; (48:42)<\/p>\n<p>  <img decoding=\"async\" src=\"https:\/\/v.wpimg.pl\/X3dwLnN2d1IFFTpdYUl6R0ZNbgcnEHQREVV2TGEGbUtRT2MdOlZ2RBQUKABgQjQcDRotCStBd1IAAWMeIlM7VgwYIAorQAdEFFk_GCkQJQ\" alt=\"\" width=\"45\" height=\"58\" loading=\"lazy\"\/>  <\/p>\n<p class=\"contentpart contentpart--default contentpart--text\" data-position=\"15\">S\u0119dzia: <a href=\"https:\/\/sportowefakty.wp.pl\/zuzel\/pawel-slupski\" rel=\"nofollow noopener\" target=\"_blank\">Pawe\u0142 S\u0142upski<\/a><\/p>\n","protected":false},"excerpt":{"rendered":"Zar\u00f3wno PRES Grupa Deweloperska Toru\u0144, jak i Betard Sparta Wroc\u0142aw\u00a0przyst\u0105pi\u0142y do niedzielnego hitu PGE Ekstraligi\u00a0w os\u0142abieniu. Dla Wroc\u0142awian&hellip;\n","protected":false},"author":2,"featured_media":626498,"comment_status":"","ping_status":"","sticky":false,"template":"","format":"standard","meta":{"footnotes":"","_share_on_mastodon":"0"},"categories":[51607],"tags":[2850,3420,1334,42,38,40,39,41,2619,3421,1853,174],"class_list":["post-626497","post","type-post","status-publish","format-standard","has-post-thumbnail","category-wroclaw","tag-betard-sparta-wroclaw","tag-motoarena-torun-im-mariana-rosego","tag-pge-ekstraliga","tag-pl","tag-poland","tag-polish","tag-polska","tag-polski","tag-pres-grupa-deweloperska-torun","tag-torun","tag-wroclaw","tag-zuzel"],"share_on_mastodon":{"url":"https:\/\/pubeurope.com\/@pl\/117107181432182054","error":""},"_links":{"self":[{"href":"https:\/\/www.europesays.com\/pl\/wp-json\/wp\/v2\/posts\/626497","targetHints":{"allow":["GET"]}}],"collection":[{"href":"https:\/\/www.europesays.com\/pl\/wp-json\/wp\/v2\/posts"}],"about":[{"href":"https:\/\/www.europesays.com\/pl\/wp-json\/wp\/v2\/types\/post"}],"author":[{"embeddable":true,"href":"https:\/\/www.europesays.com\/pl\/wp-json\/wp\/v2\/users\/2"}],"replies":[{"embeddable":true,"href":"https:\/\/www.europesays.com\/pl\/wp-json\/wp\/v2\/comments?post=626497"}],"version-history":[{"count":0,"href":"https:\/\/www.europesays.com\/pl\/wp-json\/wp\/v2\/posts\/626497\/revisions"}],"wp:featuredmedia":[{"embeddable":true,"href":"https:\/\/www.europesays.com\/pl\/wp-json\/wp\/v2\/media\/626498"}],"wp:attachment":[{"href":"https:\/\/www.europesays.com\/pl\/wp-json\/wp\/v2\/media?parent=626497"}],"wp:term":[{"taxonomy":"category","embeddable":true,"href":"https:\/\/www.europesays.com\/pl\/wp-json\/wp\/v2\/categories?post=626497"},{"taxonomy":"post_tag","embeddable":true,"href":"https:\/\/www.europesays.com\/pl\/wp-json\/wp\/v2\/tags?post=626497"}],"curies":[{"name":"wp","href":"https:\/\/api.w.org\/{rel}","templated":true}]}}