{"id":626527,"date":"2026-08-16T21:16:17","date_gmt":"2026-08-16T21:16:17","guid":{"rendered":"https:\/\/www.europesays.com\/pl\/626527\/"},"modified":"2026-08-16T21:16:17","modified_gmt":"2026-08-16T21:16:17","slug":"motor-lublin-wymeczyl-zwyciestwo-z-unia-leszno-wciaz-jest-w-grze-o-play-offy","status":"publish","type":"post","link":"https:\/\/www.europesays.com\/pl\/626527\/","title":{"rendered":"Motor Lublin wym\u0119czy\u0142 zwyci\u0119stwo z Uni\u0105 Leszno. Wci\u0105\u017c jest w grze o play-offy"},"content":{"rendered":"<p>Pocz\u0105tek zawod\u00f3w nie zapowiada\u0142 tego, \u017ce gospodarze b\u0119d\u0105 musieli czeka\u0107 na przypiecz\u0119towanie wygranej za trzy punkty a\u017c do bieg\u00f3w nominowanych. Ju\u017c po pierwszej serii Motor prowadzi\u0142 16:8.<\/p>\n<p>Dalszy ci\u0105g artyku\u0142u pod materia\u0142em wideo<\/p>\n<p>Wydawa\u0142o si\u0119, \u017ce przebudzi\u0142 si\u0119 i zrehabilitowa\u0142 za wpadk\u0119 we Wroc\u0142awiu Martin Vaculik, kt\u00f3ry w dw\u00f3ch pierwszych seriach by\u0142 perfekcyjny.<\/p>\n<p>S\u0142owak przed tygodniem, podobnie jak wi\u0119kszo\u015b\u0107 ekipy z Lublina, wypad\u0142 na Stadionie Olimpijskim beznadziejnie. W trzech startach przywi\u00f3z\u0142 do mety tylko punkt, a wicemistrzowie Polski doznali druzgoc\u0105cej kl\u0119ski z Betard Spart\u0105 Wroc\u0142aw 31:59.<\/p>\n<p>Motor jecha\u0142 do stolicy Dolnego \u015al\u0105ska po bonus (mia\u0142 20 punkt\u00f3w zaliczki z pierwszego meczu) i gdyby go wywalczy\u0142, to pokonuj\u0105c na w\u0142asnym torze za trzy punkty Fogo Uni\u0119 Leszno, zapewni\u0142by ju\u017c sobie awans do fazy play-off. Po katastrofie we Wroc\u0142awiu sytuacja w tabeli si\u0119 jednak zmieni\u0142a i mecz z beniaminkiem by\u0142 pojedynkiem jedynie o przed\u0142u\u017cenie nadziei na awans.<\/p>\n<p>Lublinianie ju\u017c przed meczem byli zdecydowanymi faworytami, zw\u0142aszcza gdy okaza\u0142o si\u0119, \u017ce w sk\u0142adzie go\u015bci nie wyst\u0105pi zmagaj\u0105cy si\u0119 z problemami zdrowotnymi Janusz Ko\u0142odziej.<\/p>\n<p>Potwierdzi\u0142a to ju\u017c pierwsza seria. Gospodarze rozpocz\u0119li od mocnego uderzenia i podw\u00f3jnego zwyci\u0119stwa pary Martin Vaculik \u2014 Kacper Woryna. Potem klas\u0119 pokazali Bartosz Zmarzlik oraz Fredrik Lindgren i ju\u017c po pierwszej serii przewaga miejscowych wynosi\u0142a 8 punkt\u00f3w.<\/p>\n<p>Po kolejnej serii wzros\u0142a do 12, bo Vaculik razem z Lindgrenem na 5:1 przywie\u017ali lidera Unii \u2014 Piotra Pawlickiego.<\/p>\n<p>Przebudzi\u0142 si\u0119 Nazar Parnicki i Unia ruszy\u0142a w po\u015bcig<\/p>\n<p>Jednostronny przebieg meczu, nagle jednak odmieni\u0142 si\u0119 w trzeciej serii. Bezbarwny w pierwszych startach Nazar Parnicki w ko\u0144cu odpowiednio si\u0119 prze\u0142o\u017cy\u0142 i da\u0142 sygna\u0142 do odrabiania strat. Go\u015bcie zacz\u0119li seryjnie lepiej wyje\u017cd\u017ca\u0107 spod ta\u015bmy i Motor nie potrafi\u0142 ju\u017c wygrywa\u0107 bieg\u00f3w. Za to a\u017c trzy wygrali Leszczynianie i nagle, po 12. wy\u015bcigu, przewaga gospodarzy spad\u0142a do zaledwie sze\u015bciu punkt\u00f3w.<\/p>\n<p>Zapachnia\u0142o sensacj\u0105, ale wtedy sprawy w swoje r\u0119ce wzi\u0105\u0142 Bartosz Zmarzlik. Do\u0142o\u017cy\u0142 czwarte indywidualne zwyci\u0119stwo, a waleczny Lindgren na dystansie poradzi\u0142 sobie w walce o jeden punkt z Benjaminem Cookiem. Tym samym przed biegami nominowanymi Motor prowadzi\u0142 43:35.<\/p>\n<p>Zwyci\u0119stwo miejscowi ostatecznie zapewnili sobie w 14. biegu. Ze startu uciek\u0142 Parnicki, ale Woryna z Cierniakiem poradzili sobie z Benjaminem Cookiem.<\/p>\n<p>Na koniec punkt straci\u0142 perfekcyjny tego dnia Zmarzlik. Pokona\u0142 go na ostatniej prostej Pawlicki, ale tylko dlatego, \u017ce sze\u015bciokrotnemu indywidualnemu mistrzowi \u015bwiata zdefektowa\u0142 motocykl.<\/p>\n<p>Generalnie mecz nie by\u0142 dobrym prognostykiem dla Motoru przed pi\u0105tkowym wyjazdem do Grudzi\u0105dza. Dru\u017cyna, poza Zmarzlikiem i Lindgrenem, jest bez formy. Vaculik b\u0142ysn\u0105\u0142 na pocz\u0105tku, by nagle zupe\u0142nie zgasn\u0105\u0107, formacja juniorska wypad\u0142a zadziwiaj\u0105co s\u0142abo, a Kacper Woryna i Mateusz Cierniak nie potrafili indywidualnie wygra\u0107 nawet pojedynczego biegu!<\/p>\n<p>W pi\u0105tek, 21 sierpnia (o godz. 20:30) na w\u0142asnym torze, to GKM b\u0119dzie faworytem, a Motor potrzebuje wyszarpa\u0107 tam przynajmniej remis, \u017ceby zapewni\u0107 sobie awans do play-off\u00f3w. Je\u015bli przegra, to czeka go sensacyjny scenariusz \u2014 walka o utrzymanie w PGE Ekstralidze.<\/p>\n<p>PGE EKSTRALIGA \u2014 13. kolejka<\/p>\n<p>ORLEN OIL MOTOR LUBLIN \u2014 FOGO UNIA LESZNO 48:42<\/p>\n<p>MOTOR: Martin Vaculik 6 (3, 3, 0, 0); Fredrik Lindgren 8+1 (3, 2*, 2, 1, 0); Kacper Woryna 9+2 (2*, 2, 1*, 2, 2); Mateusz Cierniak 7+2 (1, 1*, 2, 2, 1*); Bartosz Zmarzlik 14 (3, 3, 3, 3, 2); Bartosz Ba\u0144bor 3 (2, 1, 0); Bartosz Jaworski 1+1 (1*, 0, 0); Dawid Cepielik. Trener: Maciej Kuciapa.<\/p>\n<p>UNIA: Grzegorz Zengota 8 (1, 2, 1, 3, 1); Nazar Parnicki 10+1 (0, 1*, 3, 3, 3); Ben Cook 5 (t, 3, 2, 0, 0); Keynan Rew 4+1 (2, 0, 1*, 1); Piotr Pawlicki 11 (2, 1, 3, 2, 3); Kacper Mania 3 (0, 3, 0, 0); Emil Konieczny 1 (0, 0, 1). Trener: Rafa\u0142 Okoniewski.<\/p>\n<p>S\u0119dziowa\u0142: Arkadiusz Kalwasi\u0144ski.<\/p>\n<p>Widz\u00f3w: 9000.<\/p>\n<p>Pierwszy mecz: 46:44 dla Unii. Bonus: Leszno.<\/p>\n<p>Najlepszy czas dnia: 66,934 s &#8211; Bartosz Zmarzlik (3. bieg).<\/p>\n<p>Bieg po biegu:<\/p>\n<p>1<\/p>\n<p>Vaculik, Woryna, Zengota, Mania, Cook (t) 5:1<\/p>\n<p>2<\/p>\n<p>Mania, Ba\u0144bor, Jaworski, Konieczny 3:3 (8:4)<\/p>\n<p>3<\/p>\n<p>Zmarzlik, Pawlicki, Cierniak, Parnicki 4:2 (12:6)<\/p>\n<p>4<\/p>\n<p>Lindgren, Rew, Ba\u0144bor, Mania 4:2 (16:8)<\/p>\n<p>5<\/p>\n<p>Cook, Woryna, Cierniak, Rew 3:3 (19:11)<\/p>\n<p>6<\/p>\n<p>Zmarzlik, Zengota, Parnicki, Jaworski 3:3 (22:14)<\/p>\n<p>7<\/p>\n<p>Vaculik, Lindgren, Pawlicki, Konieczny 5:1 (27:15)<\/p>\n<p>8<\/p>\n<p>Zmarzlik, Cook, Rew, Ba\u0144bor 3:3 (30:18)<\/p>\n<p>9<\/p>\n<p>Parnicki, Lindgren, Zengota, Vaculik 2:4 (32:22)<\/p>\n<p>10<\/p>\n<p>Pawlicki, Cierniak, Woryna, Mania 3:3 (35:25)<\/p>\n<p>11<\/p>\n<p>Zengota, Cierniak, Rew, Vaculik 2:4 (37:29)<\/p>\n<p>12<\/p>\n<p>Parnicki, Woryna, Konieczny, Jaworski 2:4 (39:33)<\/p>\n<p>13<\/p>\n<p>Zmarzlik, Pawlicki, Lindgren, Cook 4:2 (43:35)<\/p>\n<p>14<\/p>\n<p>Parnicki, Woryna, Cierniak, Cook 3:3 (46:38)<\/p>\n<p>15<\/p>\n<p>Pawlicki, Zmarzlik, Zengota, Lindgren 3:3 (48:42)<\/p>\n","protected":false},"excerpt":{"rendered":"Pocz\u0105tek zawod\u00f3w nie zapowiada\u0142 tego, \u017ce gospodarze b\u0119d\u0105 musieli czeka\u0107 na przypiecz\u0119towanie wygranej za trzy punkty a\u017c do&hellip;\n","protected":false},"author":2,"featured_media":626528,"comment_status":"","ping_status":"","sticky":false,"template":"","format":"standard","meta":{"footnotes":"","_share_on_mastodon":"0"},"categories":[51612],"tags":[61195,173,1081,3625,48,46,175,42,38,40,39,41,3150,47,176,174],"class_list":["post-626527","post","type-post","status-publish","format-standard","has-post-thumbnail","category-lublin","tag-bottomfeed_styl","tag-ekstraliga","tag-lublin","tag-motor_lublin","tag-nat_styl","tag-omp","tag-pge_ekstraliga","tag-pl","tag-poland","tag-polish","tag-polska","tag-polski","tag-relacja","tag-screening_general","tag-unia_leszno","tag-zuzel"],"share_on_mastodon":{"url":"https:\/\/pubeurope.com\/@pl\/117107267264871672","error":""},"_links":{"self":[{"href":"https:\/\/www.europesays.com\/pl\/wp-json\/wp\/v2\/posts\/626527","targetHints":{"allow":["GET"]}}],"collection":[{"href":"https:\/\/www.europesays.com\/pl\/wp-json\/wp\/v2\/posts"}],"about":[{"href":"https:\/\/www.europesays.com\/pl\/wp-json\/wp\/v2\/types\/post"}],"author":[{"embeddable":true,"href":"https:\/\/www.europesays.com\/pl\/wp-json\/wp\/v2\/users\/2"}],"replies":[{"embeddable":true,"href":"https:\/\/www.europesays.com\/pl\/wp-json\/wp\/v2\/comments?post=626527"}],"version-history":[{"count":0,"href":"https:\/\/www.europesays.com\/pl\/wp-json\/wp\/v2\/posts\/626527\/revisions"}],"wp:featuredmedia":[{"embeddable":true,"href":"https:\/\/www.europesays.com\/pl\/wp-json\/wp\/v2\/media\/626528"}],"wp:attachment":[{"href":"https:\/\/www.europesays.com\/pl\/wp-json\/wp\/v2\/media?parent=626527"}],"wp:term":[{"taxonomy":"category","embeddable":true,"href":"https:\/\/www.europesays.com\/pl\/wp-json\/wp\/v2\/categories?post=626527"},{"taxonomy":"post_tag","embeddable":true,"href":"https:\/\/www.europesays.com\/pl\/wp-json\/wp\/v2\/tags?post=626527"}],"curies":[{"name":"wp","href":"https:\/\/api.w.org\/{rel}","templated":true}]}}