{"id":626541,"date":"2026-08-16T21:28:11","date_gmt":"2026-08-16T21:28:11","guid":{"rendered":"https:\/\/www.europesays.com\/pl\/626541\/"},"modified":"2026-08-16T21:28:11","modified_gmt":"2026-08-16T21:28:11","slug":"love-is-blind-polska-marta-nadawala-z-randki-wszystko-zrelacjonowala","status":"publish","type":"post","link":"https:\/\/www.europesays.com\/pl\/626541\/","title":{"rendered":"&#8222;Love is Blind: Polska&#8221;. Marta nadawa\u0142a z randki. Wszystko zrelacjonowa\u0142a"},"content":{"rendered":"<p itemprop=\"description\">Marta ma za sob\u0105 trudny czas i sporo \u017cyciowych zmian, dlatego jej najnowsza &#8222;randka&#8221; wzbudzi\u0142a zainteresowanie. Gwiazda &#8222;Love Is Blind: Polska&#8221; postanowi\u0142a jednak sp\u0119dzi\u0107 ten czas w zupe\u0142nie innym towarzystwie, ni\u017c mo\u017cna by\u0142o przypuszcza\u0107.<\/p>\n<p>Marta i Damian poznali si\u0119 w &#8222;Love Is Blind: Polska&#8221;, gdzie ich relacja od pocz\u0105tku rozwija\u0142a si\u0119 bardzo intensywnie. Zdecydowali si\u0119 na zar\u0119czyny, a kolejne etapy eksperymentu mia\u0142y sprawdzi\u0107, czy uczucie zbudowane bez kontaktu wzrokowego przetrwa w codziennym \u017cyciu. Ostatecznie para stan\u0119\u0142a na \u015blubnym kobiercu i powiedzia\u0142a sobie &#8222;tak&#8221;. Po programie ich zwi\u0105zek nie potoczy\u0142 si\u0119 jednak tak, jak pocz\u0105tkowo zapowiadali. Z czasem mi\u0119dzy Mart\u0105 i Damianem pojawi\u0142y si\u0119 problemy, kt\u00f3rych nie uda\u0142o si\u0119 przezwyci\u0119\u017cy\u0107, a para zdecydowa\u0142a si\u0119 rozsta\u0107. Dzi\u015b oboje uk\u0142adaj\u0105 sobie \u017cycie osobno, a Marta coraz ch\u0119tniej dzieli si\u0119 z obserwatorami tym, co wydarzy\u0142o si\u0119 po zako\u0144czeniu ma\u0142\u017ce\u0144stwa. Jednym z takich moment\u00f3w by\u0142a ostatnio jej nietypowa \u201erandka\u201d, o kt\u00f3rej opowiedzia\u0142a w mediach spo\u0142eczno\u015bciowych.<\/p>\n<p>            <img decoding=\"async\" alt=\"player placeholder\" class=\"player-graybox\" src=\"data:image\/png;base64,iVBORw0KGgoAAAANSUhEUgAAAoAAAAFoCAIAAABIUN0GAAAACXBIWXMAAA7EAAAOxAGVKw4bAAAEf0lEQVR42u3VMQEAIADDsIJ\/jdOCC65EQp+ebQEAf10JAMCAAcCAAQADBgADBgAMGAAMGAAwYAAwYADAgAHAgAHAgAEAAwYAAwYADBgADBgAMGAAMGAAwIABwIABwIABAAMGAAMGAAwYAAwYADBgADBgAMCAAcCAAcCAAQADBgADBgAMGAAMGAAwYAAwYADAgAHAgAHAgAEAAwYAAwYADBgADBgAMGAAMGAAwIABwIABwIABAAMGAAMGAAwYAAwYADBgADBgAMCAAcCAAcCAAQADBgADBgAMGAAMGAAwYAAwYADAgAHAgAHAgAEAAwYAAwYADBgADBgAMGAAMGAAwIABwIABwIABAAMGAAMGAAwYAAwYADBgADBgAMCAAcCAAcCAAQADBgADBgAMGAAMGAAwYAAwYADAgAHAgAEAAwYAAwYAAwYADBgADBgAMGAAMGAAwIABwIABAAMGAAMGAAMGAAwYAAwYADBgADBgAMCAAcCAAQADBgADBgADBgAMGAAMGAAwYAAwYADAgAHAgAEAAwYAAwYAAwYADBgADBgAMGAAMGAAwIABwIABAAMGAAMGAAMGAAwYAAwYADBgADBgAMCAAcCAAQADBgADBgADBgAMGAAMGAAwYAAwYADAgAHAgAEAAwYAAwYAAwYADBgADBgAMGAAMGAAwIABwIABAAMGAAMGAAMGAAwYAAwYADBgADBgAMCAAcCAAQADBgADBgADBgAMGAAMGAAwYAAwYADAgAHAgAEAAwYAAwYADBgADBgADBgAMGAAMGAAwIABwIABAAMGAAMGAAwYAAwYAAwYADBgADBgAMCAAcCAAQADBgADBgAMGAAMGAAMGAAwYAAwYADAgAHAgAEAAwYAAwYADBgADBgADBgAMGAAMGAAwIABwIABAAMGAAMGAAwYAAwYAAwYADBgADBgAMCAAcCAAQADBgADBgAMGAAMGAAMGAAwYAAwYADAgAHAgAEAAwYAAwYADBgADBgADBgAMGAAMGAAwIABwIABAAMGAAMGAAwYAAwYAAwYADBgADBgAMCAAcCAAQADBgADBgAMGAAMGAAMGAAwYAAwYADAgAHAgAEAAwYAAwYADBgADBgADFgCADBgADBgAMCAAcCAAQADBgADBgAMGAAMGAAwYAAwYAAwYADAgAHAgAEAAwYAAwYADBgADBgAMGAAMGAAMGAAwIABwIABAAMGAAMGAAwYAAwYADBgADBgADBgAMCAAcCAAQADBgADBgAMGAAMGAAwYAAwYAAwYADAgAHAgAEAAwYAAwYADBgADBgAMGAAMGAAMGAAwIABwIABAAMGAAMGAAwYAAwYADBgADBgADBgAMCAAcCAAQADBgADBgAMGAAMGAAwYAAwYAAwYADAgAHAgAEAAwYAAwYADBgADBgAMGAAMGAAMGAAwIABwIABAAMGAAMGAAwYAAwYADBgADBgADBgAMCAAcCAAQADBgADBgAMGAAMGAAwYAAwYADAgAHAgAHAgAEAAwYAAwYADBgADBgAMGAAMGAAoOoBvh0FaqwwF9kAAAAASUVORK5CYII=\"\/><\/p>\n<p>Marta z &#8222;Love is Blind: Polska&#8221; wspomnia\u0142a o randce. Nie jest tak, jak wszyscy my\u015bleli<\/p>\n<p>Marta pokaza\u0142a w mediach spo\u0142eczno\u015bciowych, jak sp\u0119dzi\u0142a ostatnio czas, a swoj\u0105 relacj\u0119 z tego dnia okre\u015bli\u0142a \u017cartobliwie mianem &#8222;randki&#8221;. Wbrew pierwszym skojarzeniom nie by\u0142 to jednak romantyczny wiecz\u00f3r, lecz spotkanie z blisk\u0105 przyjaci\u00f3\u0142k\u0105, dla kt\u00f3rej Marta mia\u0142a przygotowa\u0107 niespodziank\u0119.<\/p>\n<p>Zabieram (&#8230;) na przedurodzinow\u0105 randk\u0119 &#8211; napisa\u0142a Marta na InstaStories.<\/p>\n<p>Wsp\u00f3lnie wybra\u0142y si\u0119 na \u015bwie\u017ce powietrze, gdzie sp\u0119dzi\u0142y czas w swobodnej atmosferze. Nie zabrak\u0142o r\u00f3wnie\u017c pizzy, a p\u00f3\u017aniej tak\u017ce ta\u0144ca i dobrej zabawy. Na opublikowanych materia\u0142ach wida\u0107, \u017ce obie \u015bwietnie si\u0119 bawi\u0142y i ch\u0119tnie korzysta\u0142y z okazji do wsp\u00f3lnego sp\u0119dzenia czasu. Marta nie kry\u0142a przy tym dobrego nastroju.<\/p>\n<p>Marta z &#8222;Love is Blind: Polska&#8221; szczerze o rozstaniu. Poda\u0142a pow\u00f3d<\/p>\n<p>Na pocz\u0105tku lipca pisali\u015bmy o tym, \u017ce\u00a0<a href=\"https:\/\/party.pl\/tv-show\/marta-z-love-is-blind-przerywa-milczenie-i-uderza-w-damiana-wyjawila-dlaczego-od-niego-odeszla\/\" rel=\"nofollow noopener\" target=\"_blank\">Marta z &#8222;Love is Blind&#8221; przerywa milczenie i uderza w Damiana<\/a>. Uczestniczka opublikowa\u0142a obszerne o\u015bwiadczenie, w kt\u00f3rym ujawni\u0142a kulisy rozstania z m\u0119\u017cem.<\/p>\n<p>Powodem mojego odej\u015bcia, odej\u015bcia, po kt\u00f3rym zreszt\u0105 jeszcze pr\u00f3bowali\u015bmy wszystko uratowa\u0107 i posk\u0142ada\u0107, nie by\u0142 jednorazowy impuls. To by\u0142o chroniczne, zbieraj\u0105ce si\u0119 poczucie braku bezpiecze\u0144stwa w tym zwi\u0105zku, spowodowane niestabilno\u015bci\u0105 finansow\u0105 i emocjonaln\u0105. Przyznaj\u0119, nie jestem osob\u0105 l\u0119kow\u0105, co nie oznacza, \u017ce boj\u0119 si\u0119 problem\u00f3w. To oznacza, \u017ce panicznie boj\u0119 si\u0119 opuszczenia. A przy stylu przywi\u0105zania, jakim jest unikowy, jest to bardzo trudna sytuacja, poniewa\u017c druga strona reguluje si\u0119 poprzez odcinanie si\u0119 ode mnie. I to nie jest niczyja wina, tak po prostu jest &#8211; s\u0142yszeli\u015bmy.<\/p>\n<p><img loading=\"lazy\" decoding=\"async\" src=\"https:\/\/www.europesays.com\/pl\/wp-content\/uploads\/2026\/08\/a461cc157dcfd3ad9fc162f6a035b7d2c0c1ee4d.jpg\" data-action=\"load-&gt;publisher-image-placeholder#load error-&gt;publisher-image-placeholder#error\" data-publisher-image-placeholder-target=\"image\" width=\"620\" height=\"1033\" alt=\"Publikacja Marty\" class=\"publisher-image__img\"\/><\/p>\n<p>Fot. Instagram \/ martafrymer<\/p>\n<p><img loading=\"lazy\" decoding=\"async\" src=\"https:\/\/www.europesays.com\/pl\/wp-content\/uploads\/2026\/08\/62c32f37705a827e7ed902828c2c2694597b7227.jpg\" data-action=\"load-&gt;publisher-image-placeholder#load error-&gt;publisher-image-placeholder#error\" data-publisher-image-placeholder-target=\"image\" width=\"620\" height=\"1033\" alt=\"Publikacja Marty\" class=\"publisher-image__img\"\/><\/p>\n<p>Fot. Instagram \/ martafrymer<\/p>\n<\/p>\n<p>Zobacz tak\u017ce:<\/p>\n","protected":false},"excerpt":{"rendered":"Marta ma za sob\u0105 trudny czas i sporo \u017cyciowych zmian, dlatego jej najnowsza &#8222;randka&#8221; wzbudzi\u0142a zainteresowanie. Gwiazda &#8222;Love&hellip;\n","protected":false},"author":2,"featured_media":626542,"comment_status":"","ping_status":"","sticky":false,"template":"","format":"standard","meta":{"footnotes":"","_share_on_mastodon":"0"},"categories":[12],"tags":[65004,216,42,38,40,39,41,123448],"class_list":["post-626541","post","type-post","status-publish","format-standard","has-post-thumbnail","category-polska","tag-love-is-blind","tag-netflix","tag-pl","tag-poland","tag-polish","tag-polska","tag-polski","tag-randki"],"share_on_mastodon":{"url":"","error":""},"_links":{"self":[{"href":"https:\/\/www.europesays.com\/pl\/wp-json\/wp\/v2\/posts\/626541","targetHints":{"allow":["GET"]}}],"collection":[{"href":"https:\/\/www.europesays.com\/pl\/wp-json\/wp\/v2\/posts"}],"about":[{"href":"https:\/\/www.europesays.com\/pl\/wp-json\/wp\/v2\/types\/post"}],"author":[{"embeddable":true,"href":"https:\/\/www.europesays.com\/pl\/wp-json\/wp\/v2\/users\/2"}],"replies":[{"embeddable":true,"href":"https:\/\/www.europesays.com\/pl\/wp-json\/wp\/v2\/comments?post=626541"}],"version-history":[{"count":0,"href":"https:\/\/www.europesays.com\/pl\/wp-json\/wp\/v2\/posts\/626541\/revisions"}],"wp:featuredmedia":[{"embeddable":true,"href":"https:\/\/www.europesays.com\/pl\/wp-json\/wp\/v2\/media\/626542"}],"wp:attachment":[{"href":"https:\/\/www.europesays.com\/pl\/wp-json\/wp\/v2\/media?parent=626541"}],"wp:term":[{"taxonomy":"category","embeddable":true,"href":"https:\/\/www.europesays.com\/pl\/wp-json\/wp\/v2\/categories?post=626541"},{"taxonomy":"post_tag","embeddable":true,"href":"https:\/\/www.europesays.com\/pl\/wp-json\/wp\/v2\/tags?post=626541"}],"curies":[{"name":"wp","href":"https:\/\/api.w.org\/{rel}","templated":true}]}}