{"id":626593,"date":"2026-08-16T22:03:11","date_gmt":"2026-08-16T22:03:11","guid":{"rendered":"https:\/\/www.europesays.com\/pl\/626593\/"},"modified":"2026-08-16T22:03:11","modified_gmt":"2026-08-16T22:03:11","slug":"obnizyl-pobor-mocy-gpu-macbooka-o-80-wystarczyla-jedna-rzecz","status":"publish","type":"post","link":"https:\/\/www.europesays.com\/pl\/626593\/","title":{"rendered":"Obni\u017cy\u0142 pob\u00f3r mocy GPU MacBooka o 80%. Wystarczy\u0142a jedna rzecz"},"content":{"rendered":"<p style=\"text-align:justify\">Cho\u0107 MacBooki Pro z procesorami Intela nie s\u0105 ju\u017c popularne, to jak si\u0119 okazuje nadal korzystaj\u0105 z nich niekt\u00f3rzy u\u017cytkownicy, mimo i\u017c od premiery pierwszej generacji autorskiego procesora Apple min\u0119\u0142o ju\u017c kilka lat.<\/p>\n<p style=\"text-align:justify\">Jednym z najwi\u0119kszych problem\u00f3w modeli z chipami Intela pozostaj\u0105 jednak wysokie temperatury i zwi\u0105zana z nimi praca wentylator\u00f3w. W\u0142a\u015bciciel MacBooka Pro z 2019 roku znalaz\u0142 nietypowy spos\u00f3b na popraw\u0119 sytuacji podczas korzystania z Windows przez Boot Camp.<\/p>\n<p>Wysokie temperatury i du\u017cy pob\u00f3r energii<\/p>\n<p style=\"text-align:justify\">Ten konkretny\u00a0MacBook\u00a0Pro zosta\u0142 wyposa\u017cony w procesor Intel Core i9 oraz dedykowan\u0105 kart\u0119 graficzn\u0105 AMD Radeon Pro 5300M. Ze wzgl\u0119du na charakter swojej pracy w\u0142a\u015bciciel korzysta\u00a0g\u0142\u00f3wnie z Windowsa uruchamianego przez Boot Camp, zamiast z macOS. Szybko zauwa\u017cy\u0142 jednak, \u017ce w takim \u015brodowisku laptop zu\u017cywa wi\u0119cej energii, mocniej si\u0119 nagrzewa i cz\u0119\u015bciej uruchamia wentylatory.<\/p>\n<blockquote><p>&#13;<\/p>\n<p style=\"text-align:justify\">Problem z MacBookiem Pro wyposa\u017conym w uk\u0142ad Intela nie wynika\u0142 wy\u0142\u0105cznie z energoch\u0142onnego procesora Intela, lecz tak\u017ce ze sposobu pracy dedykowanego GPU przy konkretnym od\u015bwie\u017caniu ekranu.<\/p>\n<p>&#13;\n<\/p><\/blockquote>\n<p>&#13;<\/p>\n<blockquote class=\"reddit-embed-bq\" data-embed-height=\"316\" style=\"height:316px\"><p><a href=\"https:\/\/www.reddit.com\/r\/bootcamp\/comments\/1vlnf3y\/48_hz_fixed_my_macbooks_boot_camp_heat\/\" rel=\"nofollow noopener\" target=\"_blank\">48 Hz fixed my MacBook\u2019s Boot Camp heat<\/a><br \/>&#13;<br \/>\nby <a href=\"https:\/\/www.reddit.com\/user\/stlk0\/\" rel=\"nofollow noopener\" target=\"_blank\">u\/stlk0<\/a> in <a href=\"https:\/\/www.reddit.com\/r\/bootcamp\/\" rel=\"nofollow noopener\" target=\"_blank\">bootcamp<\/a><\/p><\/blockquote>\n<p>&#13;<\/p>\n<p style=\"text-align:justify\">Pocz\u0105tkowo pr\u00f3bowa\u0142 ograniczy\u0107 pob\u00f3r mocy procesora, zmniejszy\u0107 dzia\u0142anie Turbo Boost oraz zmodyfikowa\u0107 ustawienia energetyczne Windows. Efekty nie by\u0142y jednak wystarczaj\u0105ce. \u0179r\u00f3d\u0142em problemu okaza\u0142 si\u0119 Radeon Pro 5300M, kt\u00f3ry pozostawa\u0142 aktywny r\u00f3wnie\u017c podczas niewielkiego obci\u0105\u017cenia, a przy ekranie pracuj\u0105cym w 60 Hz pami\u0119\u0107 GPU utrzymywa\u0142a wysokie taktowanie.<\/p>\n<p>Rozwi\u0105zanie problemu<\/p>\n<p style=\"text-align:justify\">Rozwi\u0105zaniem okaza\u0142o si\u0119 zmniejszenie cz\u0119stotliwo\u015bci od\u015bwie\u017cania ekranu z 60 do 48 Hz. Windows dzia\u0142aj\u0105cy przez Boot Camp nie oferowa\u0142 jednak takiego ustawienia standardowo, dlatego u\u017cytkownik przygotowa\u0142 w\u0142asne narz\u0119dzie open source o nazwie MacBookEco, kt\u00f3re automatyzuje dodanie niestandardowego trybu 48 Hz.<\/p>\n<p>Efekty<\/p>\n<p style=\"text-align:justify\">Efekty by\u0142y bardzo wyra\u017ane. Pob\u00f3r mocy Radeona Pro 5300M w spoczynku zmniejszy\u0142 si\u0119 z oko\u0142o 14 W do zaledwie 3 W, czyli o blisko 80%. Temperatura GPU spad\u0142a jednocze\u015bnie z 66 do 51 stopni Celsjusza. Ni\u017csze zu\u017cycie energii prze\u0142o\u017cy\u0142o si\u0119 r\u00f3wnie\u017c na d\u0142u\u017csz\u0105 prac\u0119 na baterii oraz ograniczenie ha\u0142asu generowanego przez wentylatory.<\/p>\n<p>\u0179r\u00f3d\u0142o problemu<\/p>\n<p style=\"text-align:justify\">Jak wida\u0107 problem z MacBookiem Pro wyposa\u017conym w uk\u0142ad Intela nie wynika\u0142 wy\u0142\u0105cznie z energoch\u0142onnego procesora Intela, lecz tak\u017ce ze sposobu pracy dedykowanego GPU przy konkretnym od\u015bwie\u017caniu ekranu. W por\u00f3wnaniu z ograniczaniem Turbo Boost czy limit\u00f3w energetycznych procesora zmiana cz\u0119stotliwo\u015bci od\u015bwie\u017cania okaza\u0142a si\u0119 znacznie skuteczniejsza w przypadku tego konkretnego komputera. Cen\u0105 jest oczywi\u015bcie mniej p\u0142ynny obraz przy 48 Hz.<\/p>\n<p class=\"m-0\">Spodoba\u0142o Ci si\u0119? Podziel si\u0119 ze znajomymi!<\/p>\n","protected":false},"excerpt":{"rendered":"Cho\u0107 MacBooki Pro z procesorami Intela nie s\u0105 ju\u017c popularne, to jak si\u0119 okazuje nadal korzystaj\u0105 z nich&hellip;\n","protected":false},"author":2,"featured_media":626594,"comment_status":"","ping_status":"","sticky":false,"template":"","format":"standard","meta":{"footnotes":"","_share_on_mastodon":"0"},"categories":[20],"tags":[489,20372,120,118,119,42,38,40,39,41,116,114,115,121,117],"class_list":["post-626593","post","type-post","status-publish","format-standard","has-post-thumbnail","category-nauka-i-technika","tag-apple","tag-macbook","tag-nauka","tag-nauka-i-technika","tag-naukatechnika","tag-pl","tag-poland","tag-polish","tag-polska","tag-polski","tag-science","tag-science-and-technology","tag-sciencetechnology","tag-technika","tag-technology"],"share_on_mastodon":{"url":"https:\/\/pubeurope.com\/@pl\/117107451686726094","error":""},"_links":{"self":[{"href":"https:\/\/www.europesays.com\/pl\/wp-json\/wp\/v2\/posts\/626593","targetHints":{"allow":["GET"]}}],"collection":[{"href":"https:\/\/www.europesays.com\/pl\/wp-json\/wp\/v2\/posts"}],"about":[{"href":"https:\/\/www.europesays.com\/pl\/wp-json\/wp\/v2\/types\/post"}],"author":[{"embeddable":true,"href":"https:\/\/www.europesays.com\/pl\/wp-json\/wp\/v2\/users\/2"}],"replies":[{"embeddable":true,"href":"https:\/\/www.europesays.com\/pl\/wp-json\/wp\/v2\/comments?post=626593"}],"version-history":[{"count":0,"href":"https:\/\/www.europesays.com\/pl\/wp-json\/wp\/v2\/posts\/626593\/revisions"}],"wp:featuredmedia":[{"embeddable":true,"href":"https:\/\/www.europesays.com\/pl\/wp-json\/wp\/v2\/media\/626594"}],"wp:attachment":[{"href":"https:\/\/www.europesays.com\/pl\/wp-json\/wp\/v2\/media?parent=626593"}],"wp:term":[{"taxonomy":"category","embeddable":true,"href":"https:\/\/www.europesays.com\/pl\/wp-json\/wp\/v2\/categories?post=626593"},{"taxonomy":"post_tag","embeddable":true,"href":"https:\/\/www.europesays.com\/pl\/wp-json\/wp\/v2\/tags?post=626593"}],"curies":[{"name":"wp","href":"https:\/\/api.w.org\/{rel}","templated":true}]}}