{"id":626773,"date":"2026-08-17T00:25:15","date_gmt":"2026-08-17T00:25:15","guid":{"rendered":"https:\/\/www.europesays.com\/pl\/626773\/"},"modified":"2026-08-17T00:25:15","modified_gmt":"2026-08-17T00:25:15","slug":"gdansk-zakonczyl-sie-766-jarmark-sw-dominika-2","status":"publish","type":"post","link":"https:\/\/www.europesays.com\/pl\/626773\/","title":{"rendered":"Gda\u0144sk: zako\u0144czy\u0142 si\u0119 766. Jarmark \u015bw. Dominika"},"content":{"rendered":"<p>                Wiadomo\u015bci<br \/>\n                <img data-lazyloaded=\"1\" data-placeholder-resp=\"900x380\" width=\"900\" height=\"380\" src=\"https:\/\/www.europesays.com\/pl\/wp-content\/uploads\/2026\/08\/20921318-900x380.jpg\" class=\"attachment-large size-large wp-post-image\" alt=\"\" decoding=\"async\" fetchpriority=\"high\"\/>                <\/p>\n<p class=\"story__image-caption\">Stare miasto i Bazylik\u0119 Mariack\u0105 Wniebowzi\u0119cia Naj\u015bwi\u0119tszej Maryi Panny w Gda\u0144sku, fot. PAP \/ Adam War\u017cawa<\/p>\n<p class=\"wp-block-paragraph\">Kr\u00f3tkim wyst\u0105pieniem bez cz\u0119\u015bci artystycznej zako\u0144czy\u0142 si\u0119 w niedziel\u0119 w Gda\u0144sku 766. Jarmark \u015bw. Dominika. Rezygnacja z widowiska fina\u0142owego oraz z wyst\u0119p\u00f3w na przystankach jarmarkowych by\u0142a wyrazem solidarno\u015bci z rodzinami ofiar wypadku polskiego autokaru na W\u0119grzech.<\/p>\n<p class=\"wp-block-paragraph\">Podczas 23 dni imprezy na ulicach \u015ar\u00f3dmie\u015bcia dzia\u0142a\u0142o 715 stoisk, a organizatorzy zaplanowali \u0142\u0105cznie niemal 300 wydarze\u0144 kulturalnych, kulinarnych i sportowych.<\/p>\n<p class=\"wp-block-paragraph\">Zast\u0119pca prezydenta Gda\u0144ska Monika Chabior oraz przedstawiciele Mi\u0119dzynarodowych Targ\u00f3w Gda\u0144skich podzi\u0119kowali w niedziel\u0119 mieszka\u0144com, turystom i wystawcom.<\/p>\n<p class=\"wp-block-paragraph\">\u2013 Gda\u0144sk to miasto ogromnej historii, Gda\u0144sk to miasto wspania\u0142ej przedsi\u0119biorczo\u015bci i mam nadziej\u0119, \u017ce wszyscy, kt\u00f3rzy sp\u0119dzili\u015bcie te ostatnie trzy tygodnie w Gda\u0144sku, wracacie z bij\u0105cym sercem dla naszego wyj\u0105tkowego miasta, w kt\u00f3rym ka\u017cdy ma swoj\u0105 histori\u0119 \u2013 zaznaczy\u0142a.<\/p>\n<p class=\"wp-block-paragraph\">Prezes MTG Andrzej Bojanowski podkre\u015bli\u0142, \u017ce rezygnacja z widowiska by\u0142a konieczna.<\/p>\n<p class=\"wp-block-paragraph\"><a href=\"https:\/\/misyjne.pl\/leba-i-gdansk-wypoczywaj-nad-morzem-u-oblatow\/\" rel=\"nofollow noopener\" target=\"_blank\">&gt;&gt;&gt; \u0141eba i Gda\u0144sk. Wypoczywaj nad morzem u oblat\u00f3w<\/a><\/p>\n<p class=\"wp-block-paragraph\">\u2013 Wsp\u00f3lnota i my\u015blenie o drugim cz\u0142owieku s\u0105 najwa\u017cniejsze, bo taka jest te\u017c idea jarmarku. Jarmark to nie jest handel, to sp\u0119dzanie wsp\u00f3lnie czasu i budowanie relacji \u2013 powiedzia\u0142. Zapowiedzia\u0142 te\u017c, \u017ce motywem przewodnim kolejnej edycji b\u0119d\u0105 mieszka\u0144cy miasta.<\/p>\n<p class=\"wp-block-paragraph\">Stoiska jarmarkowe pozostaj\u0105 otwarte w niedziel\u0119 do godz. 20.00. Kolejn\u0105 edycj\u0119 imprezy zaplanowano w dniach od 24 lipca do 15 sierpnia 2027 r.<\/p>\n<p class=\"wp-block-paragraph\">Tradycja Jarmarku \u015bw. Dominika si\u0119ga 1260 r., kiedy papie\u017c Aleksander IV zezwoli\u0142 gda\u0144skim dominikanom na udzielanie studniowych odpust\u00f3w w dniu \u015bwi\u0119ta za\u0142o\u017cyciela zakonu. Religijnym uroczysto\u015bciom towarzyszy\u0142 jarmark, na kt\u00f3ry przybywali kupcy, rzemie\u015blnicy i arty\u015bci z r\u00f3\u017cnych cz\u0119\u015bci Europy.<\/p>\n<p class=\"wp-block-paragraph\"><a href=\"https:\/\/misyjne.pl\/gdansk-kard-timothy-radcliffe-poprowadzi-rekolekcje-podczas-odpustu-sw-dominika\/\" rel=\"nofollow noopener\" target=\"_blank\">&gt;&gt;&gt; Gda\u0144sk: kard. Timothy Radcliffe poprowadzi rekolekcje podczas odpustu \u015bw. Dominika<\/a><\/p>\n<p class=\"wp-block-paragraph\">Po II wojnie \u015bwiatowej wydarzenie nie by\u0142o organizowane. Jarmark reaktywowano w 1972 r.; w\u00f3wczas jego symbolem sta\u0142 si\u0119 kogut.<\/p>\n<p>                <img decoding=\"async\" data-lazyloaded=\"1\" src=\"https:\/\/misyjne.pl\/wp-content\/themes\/misyjne\/img\/Google_News_icon.svg\" alt=\"Google News\" style=\"width: 45px; height: 45px;\"\/><\/p>\n<p>                    B\u0105d\u017a na bie\u017c\u0105co z Misyjne.pl!<\/p>\n<p class=\"mb-0 text-muted small\" style=\"line-height: 1.4;\">\n                    Obserwuj <a target=\"_blank\" href=\"https:\/\/news.google.com\/publications\/CAAqJAgKIh5DQklTRUFnTWFnd0tDbTFwYzNscWJtVXVjR3dvQUFQAQ?hl=pl&amp;gl=PL&amp;ceid=PL:pl\" rel=\"nofollow noopener\">misyjne.pl<\/a> w Google News. Dodaj nas do ulubionych, aby nie przegapi\u0107 najwa\u017cniejszych tre\u015bci z kraju i ze \u015bwiata.\n                <\/p>\n<p>                <a href=\"https:\/\/news.google.com\/publications\/CAAqJAgKIh5DQklTRUFnTWFnd0tDbTFwYzNscWJtVXVjR3dvQUFQAQ?hl=pl&amp;gl=PL&amp;ceid=PL:pl\" target=\"_blank\" rel=\"noopener nofollow\" class=\"btn px-4\" style=\"background-color: #e30613; color: white; border-radius: 50px; font-weight: 600; font-size: 13px; text-transform: uppercase; letter-spacing: 0.5px; transition: 0.3s opacity;\"><br \/>\n                   Obserwuj nas w Google News<br \/>\n                <\/a><\/p>\n<p>      Czyta\u0142e\u015b? Wesprzyj nas!<\/p>\n<p>Dzia\u0142amy tak\u017ce dzi\u0119ki Waszej pomocy. Wesprzyj dzia\u0142alno\u015b\u0107 ewangelizacyjn\u0105 naszej redakcji!<\/p>\n","protected":false},"excerpt":{"rendered":"Wiadomo\u015bci Stare miasto i Bazylik\u0119 Mariack\u0105 Wniebowzi\u0119cia Naj\u015bwi\u0119tszej Maryi Panny w Gda\u0144sku, fot. PAP \/ Adam War\u017cawa Kr\u00f3tkim&hellip;\n","protected":false},"author":2,"featured_media":626774,"comment_status":"","ping_status":"","sticky":false,"template":"","format":"standard","meta":{"footnotes":"","_share_on_mastodon":"0"},"categories":[51610],"tags":[1048,20186,42,38,40,39,41],"class_list":["post-626773","post","type-post","status-publish","format-standard","has-post-thumbnail","category-gdansk","tag-gdansk","tag-jarmark","tag-pl","tag-poland","tag-polish","tag-polska","tag-polski"],"share_on_mastodon":{"url":"","error":""},"_links":{"self":[{"href":"https:\/\/www.europesays.com\/pl\/wp-json\/wp\/v2\/posts\/626773","targetHints":{"allow":["GET"]}}],"collection":[{"href":"https:\/\/www.europesays.com\/pl\/wp-json\/wp\/v2\/posts"}],"about":[{"href":"https:\/\/www.europesays.com\/pl\/wp-json\/wp\/v2\/types\/post"}],"author":[{"embeddable":true,"href":"https:\/\/www.europesays.com\/pl\/wp-json\/wp\/v2\/users\/2"}],"replies":[{"embeddable":true,"href":"https:\/\/www.europesays.com\/pl\/wp-json\/wp\/v2\/comments?post=626773"}],"version-history":[{"count":0,"href":"https:\/\/www.europesays.com\/pl\/wp-json\/wp\/v2\/posts\/626773\/revisions"}],"wp:featuredmedia":[{"embeddable":true,"href":"https:\/\/www.europesays.com\/pl\/wp-json\/wp\/v2\/media\/626774"}],"wp:attachment":[{"href":"https:\/\/www.europesays.com\/pl\/wp-json\/wp\/v2\/media?parent=626773"}],"wp:term":[{"taxonomy":"category","embeddable":true,"href":"https:\/\/www.europesays.com\/pl\/wp-json\/wp\/v2\/categories?post=626773"},{"taxonomy":"post_tag","embeddable":true,"href":"https:\/\/www.europesays.com\/pl\/wp-json\/wp\/v2\/tags?post=626773"}],"curies":[{"name":"wp","href":"https:\/\/api.w.org\/{rel}","templated":true}]}}