{"id":626781,"date":"2026-08-17T00:32:41","date_gmt":"2026-08-17T00:32:41","guid":{"rendered":"https:\/\/www.europesays.com\/pl\/626781\/"},"modified":"2026-08-17T00:32:41","modified_gmt":"2026-08-17T00:32:41","slug":"specjalny-rzadowy-samolot-leci-na-wegry-polska-wysyla-medykow","status":"publish","type":"post","link":"https:\/\/www.europesays.com\/pl\/626781\/","title":{"rendered":"Specjalny rz\u0105dowy samolot leci na W\u0119gry. Polska wysy\u0142a medyk\u00f3w"},"content":{"rendered":"<p>\u2014 Celem naszego wyjazdu jest dokonanie oceny sytuacji, przede wszystkim stanu zdrowia pacjent\u00f3w, szczeg\u00f3lnie pod k\u0105tem mo\u017cliwo\u015bci przetransportowania tych os\u00f3b do kraju \u2014 powiedzia\u0142a Katarzyna Kacperczyk.<\/p>\n<p>Wiceminister zdrowia poinformowa\u0142a, \u017ce w specjalnej rz\u0105dowej delegacji znalaz\u0142o si\u0119 miejsce dla sze\u015bciorga medyk\u00f3w. To anestezjolog, chirurg, ortopeda oraz trzech ratownik\u00f3w. \u2014 Dokonaj\u0105 w porozumieniu z lekarzami w\u0119gierskimi tria\u017cu, czyli oceny stanu zdrowia poszkodowanych \u2014 zaznaczy\u0142a.<\/p>\n<p>\u2014 Jeste\u015bmy dzisiaj ca\u0142y dzie\u0144 w kontakcie z Kancelari\u0105 Premiera, MSZ, MSW, MON oraz wojewod\u0105 podkarpack\u0105. Wszyscy obywatele, kt\u00f3rzy ucierpieli w tym wypadku, otrzymaj\u0105 pomoc pa\u0144stwa \u2014 doda\u0142a.<\/p>\n<p>Dalszy ci\u0105g artyku\u0142u pod materia\u0142em wideoStart polskiego samolotu specjalnego na W\u0119gry. &#8222;Wicepremier da\u0142 CAS\u0118&#8221;<\/p>\n<p>Katarzyna Kacperczyk poinformowa\u0142a, \u017ce zabezpieczony jest ca\u0142y system ewentualnego transportu poszkodowanych do Polski. \u2014 R\u00f3wnie\u017c wicepremier W\u0142adys\u0142aw Kosiniak-Kamysz da\u0142 CAS\u0118 [samolot CASA C-295] i wojskowy zesp\u00f3\u0142 ewakuacji pacjent\u00f3w, tak\u017ce b\u0119d\u0105 one do dyspozycji \u2014 podkre\u015bli\u0142a.<\/p>\n<p>\u2014 Jako Ministerstwo Zdrowia mamy r\u00f3wnie\u017c do dyspozycji specjalne dwa samoloty przystosowane do transportu ofiar wypadku. [&#8230;] Postawili\u015bmy te\u017c w stan gotowo\u015bci karetki, je\u017celi b\u0119dzie mo\u017cliwo\u015b\u0107 transportu poszkodowanych nimi, to jeste\u015bmy na to przygotowani \u2014 opisa\u0142a. \u2014 Decyzje co do transportu b\u0119d\u0105 zapada\u0107 jutro \u2014 doda\u0142a.<\/p>\n<p>Wypadek polskiego autokaru na W\u0119grzech. Najwa\u017cniejsze fakty<img class=\"ods-a-photo ods-a-photo--background\" src=\"https:\/\/www.europesays.com\/pl\/wp-content\/uploads\/2026\/08\/1786926761_688_33wk9lBaHR0cHM6Ly9vY2RuLmV1L3B1bHNjbXMvTURBXy85YTdkYWRlZDE3NjlkZmU0OTAwN2YyNzJjNjBlZTU1Zi5wbmeRlQLNA.jpeg\" height=\"253\" width=\"450\" alt=\"Wypadek polskiego autokaru na W\u0119grzech\" loading=\"lazy\" fetchpriority=\"low\" decoding=\"async\"\/>Polskie MSZ wysy\u0142a konsul\u00f3w na W\u0119gry. &#8222;Maj\u0105 wesprze\u0107 ambasad\u0119&#8221;<\/p>\n<p>Wiceminister spraw zagranicznych Wojciech Zaj\u0105czkowski przekaza\u0142 z kolei, \u017ce w rz\u0105dowej delegacji wezm\u0105 udzia\u0142 tak\u017ce trzej konsulowie. \u2014 Maj\u0105 wesprze\u0107 na miejscu ambasad\u0119 w organizowaniu transportu poszkodowanych z czterech miast, w kt\u00f3rych si\u0119 znajduj\u0105, do Budapesztu, a nast\u0119pnie do Warszawy \u2014 przekaza\u0142.<\/p>\n<p>\u2014 Plac\u00f3wka w Budapeszcie pracuje od rana w systemie kryzysowym. Rodziny mog\u0105 uzyska\u0107 informacje na infolinii zapewnionej przez ambasad\u0119 \u2014 doda\u0142.<\/p>\n<p>Wiceminister przekaza\u0142 tak\u017ce, \u017ce jeden z kierowc\u00f3w autobusu zosta\u0142 zwolniony, a drugi zatrzymany przez w\u0119giersk\u0105 policj\u0119.<\/p>\n<p>Wypadek polskiego autokaru na W\u0119grzech. Nie \u017cyje 12 os\u00f3bW niedziel\u0119 ok. godz. 1 na w\u0119gierskiej autostradzie M3 <a href=\"https:\/\/wiadomosci.onet.pl\/swiat\/wypadek-polskiego-autokaru-na-wegrzech-nie-zyje-12-osob\/xqw0b4n\" id=\"bb91d928-e5ea-4f43-8b6c-b7ac0dc6bcc9\" rel=\"nofollow noopener\" target=\"_blank\">dosz\u0142o do wypadku autokaru z polskimi turystami<\/a>. Wed\u0142ug o\u015bwiadczenia w\u0119gierskiej policji autokar zmierza\u0142 w kierunku miasta Nyiregyhaza na wschodzie W\u0119gier, a do wypadku dosz\u0142o w okolicy miejscowo\u015bci Mezokeresztes.<\/p>\n<p>W wypadku polskiego autokaru zgin\u0119\u0142o 12 os\u00f3b. 10 pasa\u017cer\u00f3w jest w ci\u0119\u017ckim stanie, a 37 odnios\u0142o obra\u017cenia. Pasa\u017cerowie byli g\u0142\u00f3wnie z Podkarpacia. Wracali do kraju z pielgrzymki do Medziugorie w Bo\u015bni i Hercegowinie.<\/p>\n","protected":false},"excerpt":{"rendered":"\u2014 Celem naszego wyjazdu jest dokonanie oceny sytuacji, przede wszystkim stanu zdrowia pacjent\u00f3w, szczeg\u00f3lnie pod k\u0105tem mo\u017cliwo\u015bci przetransportowania&hellip;\n","protected":false},"author":2,"featured_media":626782,"comment_status":"","ping_status":"","sticky":false,"template":"","format":"standard","meta":{"footnotes":"","_share_on_mastodon":"0"},"categories":[12],"tags":[61195,49,534,1162,48,46,42,38,40,39,41,47,2670,2588],"class_list":["post-626781","post","type-post","status-publish","format-standard","has-post-thumbnail","category-polska","tag-bottomfeed_styl","tag-kraj","tag-ministerstwo_zdrowia","tag-msz","tag-nat_styl","tag-omp","tag-pl","tag-poland","tag-polish","tag-polska","tag-polski","tag-screening_general","tag-wegry","tag-wypadek"],"share_on_mastodon":{"url":"https:\/\/pubeurope.com\/@pl\/117108038639345097","error":""},"_links":{"self":[{"href":"https:\/\/www.europesays.com\/pl\/wp-json\/wp\/v2\/posts\/626781","targetHints":{"allow":["GET"]}}],"collection":[{"href":"https:\/\/www.europesays.com\/pl\/wp-json\/wp\/v2\/posts"}],"about":[{"href":"https:\/\/www.europesays.com\/pl\/wp-json\/wp\/v2\/types\/post"}],"author":[{"embeddable":true,"href":"https:\/\/www.europesays.com\/pl\/wp-json\/wp\/v2\/users\/2"}],"replies":[{"embeddable":true,"href":"https:\/\/www.europesays.com\/pl\/wp-json\/wp\/v2\/comments?post=626781"}],"version-history":[{"count":0,"href":"https:\/\/www.europesays.com\/pl\/wp-json\/wp\/v2\/posts\/626781\/revisions"}],"wp:featuredmedia":[{"embeddable":true,"href":"https:\/\/www.europesays.com\/pl\/wp-json\/wp\/v2\/media\/626782"}],"wp:attachment":[{"href":"https:\/\/www.europesays.com\/pl\/wp-json\/wp\/v2\/media?parent=626781"}],"wp:term":[{"taxonomy":"category","embeddable":true,"href":"https:\/\/www.europesays.com\/pl\/wp-json\/wp\/v2\/categories?post=626781"},{"taxonomy":"post_tag","embeddable":true,"href":"https:\/\/www.europesays.com\/pl\/wp-json\/wp\/v2\/tags?post=626781"}],"curies":[{"name":"wp","href":"https:\/\/api.w.org\/{rel}","templated":true}]}}