{"id":626978,"date":"2026-08-17T03:45:18","date_gmt":"2026-08-17T03:45:18","guid":{"rendered":"https:\/\/www.europesays.com\/pl\/626978\/"},"modified":"2026-08-17T03:45:18","modified_gmt":"2026-08-17T03:45:18","slug":"totalne-zalamanie-pogody-nad-polska-wiemy-gdzie-przejda-nawalnice-i-silne-ulewy","status":"publish","type":"post","link":"https:\/\/www.europesays.com\/pl\/626978\/","title":{"rendered":"Totalne za\u0142amanie pogody nad Polsk\u0105. Wiemy, gdzie przejd\u0105 nawa\u0142nice i silne ulewy"},"content":{"rendered":"<p>Poranek nie jest ju\u017c tak pogodny, jak ostatnie. Nad wi\u0119kszo\u015bci\u0105 kraju zebra\u0142o si\u0119 wi\u0119cej chmur. Czasami pojawiaj\u0105 si\u0119 te\u017c przelotne opady deszczu. Temperatura jest zr\u00f3\u017cnicowana, a najwy\u017csze warto\u015bci mamy na po\u0142udniu i po\u0142udniowym wschodzie.<\/p>\n<p>Policzyli\u015bmy, kt\u00f3re miasta najgorzej znosz\u0105 upa\u0142y. Sprawd\u017a nasz ranking<img class=\"ods-a-photo ods-a-photo--background\" src=\"https:\/\/www.europesays.com\/pl\/wp-content\/uploads\/2026\/08\/1786938315_601_PMkk9lBaHR0cHM6Ly9vY2RuLmV1L3B1bHNjbXMvTURBXy9iYTBhZWM2NzBiOTI0NDA0N2U0NDJjMTg2MmUzMDQwYS5wbmeRlQLNA.jpeg\" height=\"199\" width=\"450\" alt=\"Indeks podatno\u015bci na upa\u0142y\" loading=\"lazy\" fetchpriority=\"low\" decoding=\"async\"\/>Ulewy i burze przejd\u0105 dzi\u015b nad cz\u0119\u015bci\u0105 Polski. Wiemy, kt\u00f3re regiony s\u0105 zagro\u017coneKolejne godziny w wi\u0119kszo\u015bci kraju przynios\u0105 spore zachmurzenie, ale czasami powinno te\u017c pokazywa\u0107 si\u0119 s\u0142o\u0144ce. Wsz\u0119dzie pojawi\u0105 si\u0119 przelotne <a href=\"https:\/\/wiadomosci.onet.pl\/deszcz\" id=\"59c170ba-e687-4e59-abc7-8e4dfa5d02c3\" rel=\"nofollow noopener\" target=\"_blank\">opady deszczu<\/a>, a lokalnie te\u017c burze, na kt\u00f3re najwi\u0119ksz\u0105 szans\u0119 b\u0119dziemy mieli na po\u0142udniu i cz\u0119\u015bciowo w centrum. Niebezpiecznie mo\u017ce zrobi\u0107 si\u0119 szczeg\u00f3lnie w drugiej cz\u0119\u015bci dnia na po\u0142udniowym zachodzie oraz w centrum, gdzie powstanie wi\u0119kszy uk\u0142ad burzowy, nios\u0105cy przede wszystkim wiatr i obfite deszcze. Suma opad\u00f3w w jego obr\u0119bie wyniesie do 25 mm, a punktowo nawet 30-40 mm.<img class=\"ods-a-photo ods-a-photo--background\" src=\"https:\/\/www.europesays.com\/pl\/wp-content\/uploads\/2026\/08\/1786938317_749_B0Zk9lBaHR0cHM6Ly9vY2RuLmV1L3B1bHNjbXMvTURBXy85ZWQ2YWIyYWZiMjZhMmQ2YzE0ZTE0ZTM1MzI3NzAzMy5wbmeRkwXNB.jpeg\" height=\"1155\" width=\"940\" alt=\"W ca\u0142ej Polsce mo\u017ce w poniedzia\u0142ek pada\u0107 i grzmie\u0107, a temperatura wyra\u017anie spadnie\" loading=\"lazy\" fetchpriority=\"auto\" decoding=\"auto\"\/><\/p>\n<p>Arkadiusz P\u0142achta \/ Onet<\/p>\n<p>W ca\u0142ej Polsce mo\u017ce w poniedzia\u0142ek pada\u0107 i grzmie\u0107, a temperatura wyra\u017anie spadnie<\/p>\n<p><a href=\"https:\/\/wiadomosci.onet.pl\/temperatura\" id=\"0461b248-3390-4b0c-b320-441cb0fa5f0d\" rel=\"nofollow noopener\" target=\"_blank\">Temperatura<\/a> dzi\u015b spadnie i na przewa\u017caj\u0105cym obszarze kraju maksymalnie odnotujemy od 20 do 25 st. C. Resztki gor\u0105ca utrzymaj\u0105 si\u0119 jeszcze na kra\u0144cach po\u0142udniowo-wschodnich, gdzie jest szansa na ok. 29 st. C.Dalszy ci\u0105g artyku\u0142u pod materia\u0142em wideo<\/p>\n<p>Wiatr s\u0142aby i umiarkowany, przewa\u017cnie z kierunk\u00f3w zachodnich. Ni\u017csze temperatury i cz\u0119ste opady sprawi\u0105, \u017ce biomet b\u0119dzie dzi\u015b niekorzystny i poza po\u0142udniowym wschodem odczujemy co najwy\u017cej komfort termiczny.<\/p>\n<p>Noc nie przyniesie uspokojenia pogody. Nad cz\u0119\u015bci\u0105 Polski przejdzie nowa fala obfitego deszczuW nocy na wschodzie i po\u0142udniu Polski b\u0119dzie sporo chmur z opadami deszczu, okresami intensywnymi, ale od zachodu stopniowo zanikaj\u0105cymi. W Karpatach i na Roztoczu niewykluczone s\u0105 te\u017c <a href=\"https:\/\/wiadomosci.onet.pl\/burze\" id=\"569b7c4b-b95a-43a1-a80e-c005a8c4162f\" rel=\"nofollow noopener\" target=\"_blank\">burze<\/a>. Suma opad\u00f3w wyniesie tam od 15 do 30 mm, punktowo nawet do 45 mm. W innych regionach cz\u0119\u015bciej powinno si\u0119 rozpogadza\u0107, ale czasami i tak mo\u017ce przelotnie popada\u0107.<img class=\"ods-a-photo ods-a-photo--background\" src=\"https:\/\/www.europesays.com\/pl\/wp-content\/uploads\/2026\/08\/s4Yk9lBaHR0cHM6Ly9vY2RuLmV1L3B1bHNjbXMvTURBXy9kMTMyMzEzNDc4YzM0MTdlNjQ4Y2NiYTQ4NmViNmJiMy5wbmeRkwXNB.jpeg\" height=\"1155\" width=\"940\" alt=\"W nocy sporo deszczu mo\u017ce spa\u015b\u0107 w cz\u0119\u015bci wschodniej i po\u0142udniowej Polski\" loading=\"lazy\" fetchpriority=\"auto\" decoding=\"auto\"\/><\/p>\n<p>Arkadiusz P\u0142achta \/ Onet<\/p>\n<p>W nocy sporo deszczu mo\u017ce spa\u015b\u0107 w cz\u0119\u015bci wschodniej i po\u0142udniowej Polski<\/p>\n<p>O wschodzie s\u0142o\u0144ca termometry wska\u017c\u0105 od 10 st. C na Suwalszczy\u017anie, 11-14 st. C w wi\u0119kszo\u015bci kraju do 15 st. C na Podkarpaciu. Wiatr powieje s\u0142abo b\u0105d\u017a umiarkowanie, na po\u0142udniu czasami mocniej, z kierunk\u00f3w zachodnich oraz p\u00f3\u0142nocnych.<\/p>\n","protected":false},"excerpt":{"rendered":"Poranek nie jest ju\u017c tak pogodny, jak ostatnie. Nad wi\u0119kszo\u015bci\u0105 kraju zebra\u0142o si\u0119 wi\u0119cej chmur. Czasami pojawiaj\u0105 si\u0119&hellip;\n","protected":false},"author":2,"featured_media":626979,"comment_status":"","ping_status":"","sticky":false,"template":"","format":"standard","meta":{"footnotes":"","_share_on_mastodon":"0"},"categories":[12],"tags":[61195,14276,169,48,3865,46,42,78,38,40,39,41,19576,47,8011],"class_list":["post-626978","post","type-post","status-publish","format-standard","has-post-thumbnail","category-polska","tag-bottomfeed_styl","tag-burze","tag-deszcz","tag-nat_styl","tag-ochlodzenie","tag-omp","tag-pl","tag-pogoda","tag-poland","tag-polish","tag-polska","tag-polski","tag-prognoza_pogody","tag-screening_general","tag-ulewy"],"share_on_mastodon":{"url":"https:\/\/pubeurope.com\/@pl\/117108797442192288","error":""},"_links":{"self":[{"href":"https:\/\/www.europesays.com\/pl\/wp-json\/wp\/v2\/posts\/626978","targetHints":{"allow":["GET"]}}],"collection":[{"href":"https:\/\/www.europesays.com\/pl\/wp-json\/wp\/v2\/posts"}],"about":[{"href":"https:\/\/www.europesays.com\/pl\/wp-json\/wp\/v2\/types\/post"}],"author":[{"embeddable":true,"href":"https:\/\/www.europesays.com\/pl\/wp-json\/wp\/v2\/users\/2"}],"replies":[{"embeddable":true,"href":"https:\/\/www.europesays.com\/pl\/wp-json\/wp\/v2\/comments?post=626978"}],"version-history":[{"count":0,"href":"https:\/\/www.europesays.com\/pl\/wp-json\/wp\/v2\/posts\/626978\/revisions"}],"wp:featuredmedia":[{"embeddable":true,"href":"https:\/\/www.europesays.com\/pl\/wp-json\/wp\/v2\/media\/626979"}],"wp:attachment":[{"href":"https:\/\/www.europesays.com\/pl\/wp-json\/wp\/v2\/media?parent=626978"}],"wp:term":[{"taxonomy":"category","embeddable":true,"href":"https:\/\/www.europesays.com\/pl\/wp-json\/wp\/v2\/categories?post=626978"},{"taxonomy":"post_tag","embeddable":true,"href":"https:\/\/www.europesays.com\/pl\/wp-json\/wp\/v2\/tags?post=626978"}],"curies":[{"name":"wp","href":"https:\/\/api.w.org\/{rel}","templated":true}]}}