{"id":627206,"date":"2026-08-17T06:20:14","date_gmt":"2026-08-17T06:20:14","guid":{"rendered":"https:\/\/www.europesays.com\/pl\/627206\/"},"modified":"2026-08-17T06:20:14","modified_gmt":"2026-08-17T06:20:14","slug":"co-sie-dzieje-w-pkp-lhs-pracownicy-alarmuja-o-czystkach","status":"publish","type":"post","link":"https:\/\/www.europesays.com\/pl\/627206\/","title":{"rendered":"Co si\u0119 dzieje w PKP LHS? Pracownicy alarmuj\u0105 o czystkach"},"content":{"rendered":"<p>PKP LHS to najwi\u0119kszy pracodawca na Zamojszczy\u017anie. Zatrudnia ponad 1,3 tys. os\u00f3b. Zajmuje si\u0119 m.in. przewozem rudy \u017celaza z Ukrainy. Przez lata sp\u00f3\u0142ka notowa\u0142a dobre wyniki finansowe. By\u0142a bezkonkurencyjna i generowa\u0142a milionowe zyski. Jednak ostatni czas nie nale\u017cy do udanych. W pierwszym p\u00f3\u0142roczu 2026 r. PKP LHS zanotowa\u0142o prawie 20 mln straty \u2014 relacjonuje &#8222;Wyborcza&#8221;.<\/p>\n<p>Ostatnie lata to tak\u017ce ci\u0105g\u0142e zmiany na stanowisku prezesa. Po Zbigniewie Tracichlebie, kt\u00f3rego rz\u0105dy bada prokuratura, od 2024 r. sp\u00f3\u0142k\u0105 kieruje ju\u017c trzeci prezes. W maju br. zosta\u0142 nim Leszek Borowiec. &#8222;GW&#8221; podaje m.in., \u017ce w zarz\u0105dzie PKP Cargo pracowa\u0142 od 2018 r. do 2021 r., czyli w \u015brodku o\u015bmioletnich rz\u0105d\u00f3w PiS.<\/p>\n<p>&#8222;Stan Wyj\u0105tkowy&#8221;: Starcie totalne Tuska i Nawrockiego. &#8222;Nadpremier&#8221; odchodzi. PiS w potrzasku <img class=\"ods-a-photo ods-a-photo--background\" src=\"https:\/\/www.europesays.com\/pl\/wp-content\/uploads\/2026\/08\/1786947614_604_djHk9lBaHR0cHM6Ly9vY2RuLmV1L3B1bHNjbXMvTURBXy82MWM2YWZhNTFiYzc1ODg1YmE4MTlhYmNkMGJkYzBmOS5wbmeRlQLNA.jpeg\" height=\"286\" width=\"450\" alt=\"Donald Tusk i Mateusz Morawiecki\" loading=\"lazy\" fetchpriority=\"low\" decoding=\"async\"\/>Jak PiS odzyskuje kolejow\u0105 sp\u00f3\u0142k\u0119 na Lubelszczy\u017anie<\/p>\n<p>Pracownicy sp\u00f3\u0142ki, z kt\u00f3rymi rozmawia\u0142a &#8222;Wyborcza&#8221;, twierdz\u0105, \u017ce w sp\u00f3\u0142ce zacz\u0119\u0142y si\u0119 czystki. Prace trac\u0105 ludzie, kt\u00f3rzy trafili tam po ostatnich wyborach wygranych przez koalicj\u0119. Przyk\u0142ad\u00f3w odzyskiwania sp\u00f3\u0142ki jest wi\u0119cej. To m.in. posady menad\u017cerskie dla ludzi kojarzonych z PiS czy powr\u00f3t dw\u00f3ch sekretarek, kt\u00f3re prac\u0119 dosta\u0142y jeszcze za prezesury Tracichleba.<\/p>\n<p>Jak pisze dziennik, pracownicy pr\u00f3buj\u0105 zainteresowa\u0107 w\u0142adze centralne i polityk\u00f3w KO sytuacj\u0105 w PKP LHS. Bezskutecznie. Ostatnim, desperackim krokiem mo\u017ce by\u0107 list otwarty do premiera Donalda Tuska.<\/p>\n","protected":false},"excerpt":{"rendered":"PKP LHS to najwi\u0119kszy pracodawca na Zamojszczy\u017anie. Zatrudnia ponad 1,3 tys. os\u00f3b. Zajmuje si\u0119 m.in. przewozem rudy \u017celaza&hellip;\n","protected":false},"author":2,"featured_media":627207,"comment_status":"","ping_status":"","sticky":false,"template":"","format":"standard","meta":{"footnotes":"","_share_on_mastodon":"0"},"categories":[62713],"tags":[61195,1345,16367,1081,48,56992,46,1200,47,7752],"class_list":["post-627206","post","type-post","status-publish","format-standard","has-post-thumbnail","category-donald-tusk","tag-bottomfeed_styl","tag-donald-tusk","tag-lubelskie_wojewodztwo","tag-lublin","tag-nat_styl","tag-newbb_tst1","tag-omp","tag-pkp","tag-screening_general","tag-zamosc"],"share_on_mastodon":{"url":"https:\/\/pubeurope.com\/@pl\/117109406908300298","error":""},"_links":{"self":[{"href":"https:\/\/www.europesays.com\/pl\/wp-json\/wp\/v2\/posts\/627206","targetHints":{"allow":["GET"]}}],"collection":[{"href":"https:\/\/www.europesays.com\/pl\/wp-json\/wp\/v2\/posts"}],"about":[{"href":"https:\/\/www.europesays.com\/pl\/wp-json\/wp\/v2\/types\/post"}],"author":[{"embeddable":true,"href":"https:\/\/www.europesays.com\/pl\/wp-json\/wp\/v2\/users\/2"}],"replies":[{"embeddable":true,"href":"https:\/\/www.europesays.com\/pl\/wp-json\/wp\/v2\/comments?post=627206"}],"version-history":[{"count":0,"href":"https:\/\/www.europesays.com\/pl\/wp-json\/wp\/v2\/posts\/627206\/revisions"}],"wp:featuredmedia":[{"embeddable":true,"href":"https:\/\/www.europesays.com\/pl\/wp-json\/wp\/v2\/media\/627207"}],"wp:attachment":[{"href":"https:\/\/www.europesays.com\/pl\/wp-json\/wp\/v2\/media?parent=627206"}],"wp:term":[{"taxonomy":"category","embeddable":true,"href":"https:\/\/www.europesays.com\/pl\/wp-json\/wp\/v2\/categories?post=627206"},{"taxonomy":"post_tag","embeddable":true,"href":"https:\/\/www.europesays.com\/pl\/wp-json\/wp\/v2\/tags?post=627206"}],"curies":[{"name":"wp","href":"https:\/\/api.w.org\/{rel}","templated":true}]}}